{"id":40637,"date":"2026-08-28T09:34:00","date_gmt":"2026-08-28T07:34:00","guid":{"rendered":"https:\/\/euapp01.newsmemory.com\/lamarseillaise\/news\/?p=40637"},"modified":"2026-08-28T10:03:53","modified_gmt":"2026-08-28T08:03:53","slug":"cest-lete-petite-balade-sur-la-presquile-de-saint-mandrier","status":"publish","type":"post","link":"https:\/\/euapp01.newsmemory.com\/lamarseillaise\/news\/2026\/08\/28\/cest-lete-petite-balade-sur-la-presquile-de-saint-mandrier\/","title":{"rendered":"[C\u2019est l\u2019\u00e9t\u00e9] Petite balade sur la presqu\u2019\u00eele de Saint-Mandrier"},"content":{"rendered":"<div class=\"paragraph\">\n<p>L\u2019itin\u00e9raire\u00a0: au d\u00e9part du port de Saint-Mandrier, le sentier longe la c\u00f4te en passant par le secteur de Pin Rolland, la plage de la Coudouli\u00e8re et les anses successives, avant de revenir par les hauteurs bois\u00e9es.<\/p>\n<p>La boucle, d\u2019environ 10\u00a0km, est facile mais peut \u00eatre \u00e9court\u00e9e\u00a0; certains secteurs militaires (Cap C\u00e9pet) restent ferm\u00e9s au public. La randonn\u00e9e elle-m\u00eame permet de d\u00e9couvrir la c\u00f4te Sud et les beaux panoramas de la presqu\u2019\u00eele de Saint-Mandrier-sur-Mer.<\/p>\n<\/p><\/div>\n","protected":false},"excerpt":{"rendered":"L&rsquo;itin&eacute;raire&nbsp;: au d&eacute;part du port de Saint-Mandrier, le sentier longe la c&ocirc;te en passant par le secteur de Pin Rolland, la plage de la Coudouli&egrave;re et les anses successives, avant de revenir par les hauteurs &#8230;","protected":false},"author":1,"featured_media":40638,"comment_status":"open","ping_status":"open","sticky":false,"template":"","format":"standard","meta":{"footnotes":""},"categories":[20],"tags":[1289,1222,6085,309,128,85,3694,1393,3938,597,31],"news-destination":[],"news-source":[475],"is_homepage":[],"ta_other":[],"class_list":["post-40637","post","type-post","status-publish","format-standard","has-post-thumbnail","hentry","category-societe","tag-balade","tag-bateau","tag-cest-lete","tag-eau","tag-mediterranee","tag-mer","tag-plage","tag-randonnee","tag-saint-mandrier-sur-mer","tag-toulon","tag-var","news-source-website"],"_links":{"self":[{"href":"https:\/\/euapp01.newsmemory.com\/lamarseillaise\/news\/wp-json\/wp\/v2\/posts\/40637","targetHints":{"allow":["GET"]}}],"collection":[{"href":"https:\/\/euapp01.newsmemory.com\/lamarseillaise\/news\/wp-json\/wp\/v2\/posts"}],"about":[{"href":"https:\/\/euapp01.newsmemory.com\/lamarseillaise\/news\/wp-json\/wp\/v2\/types\/post"}],"author":[{"embeddable":true,"href":"https:\/\/euapp01.newsmemory.com\/lamarseillaise\/news\/wp-json\/wp\/v2\/users\/1"}],"replies":[{"embeddable":true,"href":"https:\/\/euapp01.newsmemory.com\/lamarseillaise\/news\/wp-json\/wp\/v2\/comments?post=40637"}],"version-history":[{"count":1,"href":"https:\/\/euapp01.newsmemory.com\/lamarseillaise\/news\/wp-json\/wp\/v2\/posts\/40637\/revisions"}],"predecessor-version":[{"id":40639,"href":"https:\/\/euapp01.newsmemory.com\/lamarseillaise\/news\/wp-json\/wp\/v2\/posts\/40637\/revisions\/40639"}],"wp:featuredmedia":[{"embeddable":true,"href":"https:\/\/euapp01.newsmemory.com\/lamarseillaise\/news\/wp-json\/wp\/v2\/media\/40638"}],"wp:attachment":[{"href":"https:\/\/euapp01.newsmemory.com\/lamarseillaise\/news\/wp-json\/wp\/v2\/media?parent=40637"}],"wp:term":[{"taxonomy":"category","embeddable":true,"href":"https:\/\/euapp01.newsmemory.com\/lamarseillaise\/news\/wp-json\/wp\/v2\/categories?post=40637"},{"taxonomy":"post_tag","embeddable":true,"href":"https:\/\/euapp01.newsmemory.com\/lamarseillaise\/news\/wp-json\/wp\/v2\/tags?post=40637"},{"taxonomy":"news-destination","embeddable":true,"href":"https:\/\/euapp01.newsmemory.com\/lamarseillaise\/news\/wp-json\/wp\/v2\/news-destination?post=40637"},{"taxonomy":"news-source","embeddable":true,"href":"https:\/\/euapp01.newsmemory.com\/lamarseillaise\/news\/wp-json\/wp\/v2\/news-source?post=40637"},{"taxonomy":"is_homepage","embeddable":true,"href":"https:\/\/euapp01.newsmemory.com\/lamarseillaise\/news\/wp-json\/wp\/v2\/is_homepage?post=40637"},{"taxonomy":"ta_other","embeddable":true,"href":"https:\/\/euapp01.newsmemory.com\/lamarseillaise\/news\/wp-json\/wp\/v2\/ta_other?post=40637"}],"curies":[{"name":"wp","href":"https:\/\/api.w.org\/{rel}","templated":true}]}}