{"id":40634,"date":"2026-08-28T08:38:00","date_gmt":"2026-08-28T06:38:00","guid":{"rendered":"https:\/\/euapp01.newsmemory.com\/lamarseillaise\/news\/?p=40634"},"modified":"2026-08-28T10:03:53","modified_gmt":"2026-08-28T08:03:53","slug":"hommage-a-didier-brissot-militant-infatigable-a-martigues","status":"publish","type":"post","link":"https:\/\/euapp01.newsmemory.com\/lamarseillaise\/news\/2026\/08\/28\/hommage-a-didier-brissot-militant-infatigable-a-martigues\/","title":{"rendered":"Hommage \u00e0 Didier Brissot,\u00ab militant infatigable \u00bb \u00e0 Martigues"},"content":{"rendered":"<div class=\"paragraph\">\n<p>Il \u00e9tait un \u00ab<i>\u00a0<\/i><i>militant infatigable<\/i>\u00a0\u00bb, \u00ab\u00a0<i>discret, fraternel et chaleureux<\/i>\u00a0\u00bb, affirme Laetitia Sabatier, secr\u00e9taire g\u00e9n\u00e9rale de la section PCF de Martigues. Ce jeudi avaient lieu les obs\u00e8ques de Didier Brissot. L\u2019agent du service Espace enfance et famille de la Ville s\u2019est \u00e9teint vendredi 21\u00a0ao\u00fbt \u00e0 l\u2019\u00e2ge de 59\u00a0ans.<\/p>\n<p>Longtemps compagnon de route, Didier Brissot avait fait le choix de rejoindre le Parti communiste fran\u00e7ais en 2020. \u00c9lu \u00e0 la direction de section en\u00a02023, puis comme tr\u00e9sorier et membre du conseil d\u00e9partemental \u00e0 l\u2019occasion du 40<sup>e<\/sup>\u00a0congr\u00e8s en d\u00e9but d\u2019ann\u00e9e, il aura \u00e9t\u00e9, durant toutes ces ann\u00e9es, un artisan pr\u00e9cieux qui \u00ab\u00a0<i>laisse un vide immense<\/i>\u00a0\u00bb.<\/p>\n<\/p><\/div>\n<div class=\"intext\"> Le service public<br \/>\n               <br \/>chevill\u00e9 au corps\n              <\/div>\n<div class=\"paragraph\">\n<p>\u00ab\u00a0<i>C\u2019\u00e9tait vraiment quelqu\u2019un d\u2019humain, sensible, gentil, travailleur comme j\u2019ai jamais connu, <\/i>souligne Laetitia Sabatier.<i> Il habitait \u00e0 c\u00f4t\u00e9 de la section donc il \u00e9tait tout le temps l\u00e0. Il \u00e9tait la d\u00e9finition du militantisme<\/i>.\u00a0\u00bb Chaque dimanche, au march\u00e9, Didier Brissot diffusait <i>L\u2019Humanit\u00e9 Dimanche <\/i>et <i>La<\/i><i>\u00a0<\/i><i>Marseillaise<\/i>. Notre journal, auquel il \u00e9tait particuli\u00e8rement attach\u00e9, lui rend hommage et \u00e9tait repr\u00e9sent\u00e9 par le pr\u00e9sident de son conseil de surveillance Marc Poggiale lors de la c\u00e9r\u00e9monie. Mais Didier Brissot portait aussi le service public chevill\u00e9 au corps, affirme sa responsable Virginie Piazzolla. \u00ab\u00a0<i>Il portait les valeurs de solidarit\u00e9, de fraternit\u00e9, d\u2019\u00e9galit\u00e9 et de justice, cette certitude que l\u2019humain et le collectif doivent toujours primer. (&#8230;) Derri\u00e8re sa discr\u00e9tion se cachait un homme de convictions et de c\u0153ur<\/i>.\u00a0\u00bb Un homme qui ne sera pas oubli\u00e9, en t\u00e9moignent les centaines de personnes venues lui rendre un dernier hommage \u00e0 l\u2019\u00e9glise de Saint-Genest, \u00e0 Jonqui\u00e8res.<\/p>\n<\/p><\/div>\n","protected":false},"excerpt":{"rendered":"Il &eacute;tait un &laquo;&nbsp;militant infatigable&nbsp;&raquo;, &laquo;&nbsp;discret, fraternel et chaleureux&nbsp;&raquo;, affirme Laetitia Sabatier, secr&eacute;taire g&eacute;n&eacute;rale de la section PCF de Martigues. Ce jeudi avaient lieu &#8230;","protected":false},"author":1,"featured_media":40635,"comment_status":"open","ping_status":"open","sticky":false,"template":"","format":"standard","meta":{"footnotes":""},"categories":[20],"tags":[10,925,3246,389,63,1079,3509,623,250,751],"news-destination":[],"news-source":[475],"is_homepage":[],"ta_other":[],"class_list":["post-40634","post","type-post","status-publish","format-standard","has-post-thumbnail","hentry","category-societe","tag-bouches-du-rhone","tag-deces","tag-fraternite","tag-hommage","tag-martigues","tag-militantisme","tag-obseques","tag-parti-communiste","tag-pcf","tag-service-public","news-source-website"],"_links":{"self":[{"href":"https:\/\/euapp01.newsmemory.com\/lamarseillaise\/news\/wp-json\/wp\/v2\/posts\/40634","targetHints":{"allow":["GET"]}}],"collection":[{"href":"https:\/\/euapp01.newsmemory.com\/lamarseillaise\/news\/wp-json\/wp\/v2\/posts"}],"about":[{"href":"https:\/\/euapp01.newsmemory.com\/lamarseillaise\/news\/wp-json\/wp\/v2\/types\/post"}],"author":[{"embeddable":true,"href":"https:\/\/euapp01.newsmemory.com\/lamarseillaise\/news\/wp-json\/wp\/v2\/users\/1"}],"replies":[{"embeddable":true,"href":"https:\/\/euapp01.newsmemory.com\/lamarseillaise\/news\/wp-json\/wp\/v2\/comments?post=40634"}],"version-history":[{"count":1,"href":"https:\/\/euapp01.newsmemory.com\/lamarseillaise\/news\/wp-json\/wp\/v2\/posts\/40634\/revisions"}],"predecessor-version":[{"id":40636,"href":"https:\/\/euapp01.newsmemory.com\/lamarseillaise\/news\/wp-json\/wp\/v2\/posts\/40634\/revisions\/40636"}],"wp:featuredmedia":[{"embeddable":true,"href":"https:\/\/euapp01.newsmemory.com\/lamarseillaise\/news\/wp-json\/wp\/v2\/media\/40635"}],"wp:attachment":[{"href":"https:\/\/euapp01.newsmemory.com\/lamarseillaise\/news\/wp-json\/wp\/v2\/media?parent=40634"}],"wp:term":[{"taxonomy":"category","embeddable":true,"href":"https:\/\/euapp01.newsmemory.com\/lamarseillaise\/news\/wp-json\/wp\/v2\/categories?post=40634"},{"taxonomy":"post_tag","embeddable":true,"href":"https:\/\/euapp01.newsmemory.com\/lamarseillaise\/news\/wp-json\/wp\/v2\/tags?post=40634"},{"taxonomy":"news-destination","embeddable":true,"href":"https:\/\/euapp01.newsmemory.com\/lamarseillaise\/news\/wp-json\/wp\/v2\/news-destination?post=40634"},{"taxonomy":"news-source","embeddable":true,"href":"https:\/\/euapp01.newsmemory.com\/lamarseillaise\/news\/wp-json\/wp\/v2\/news-source?post=40634"},{"taxonomy":"is_homepage","embeddable":true,"href":"https:\/\/euapp01.newsmemory.com\/lamarseillaise\/news\/wp-json\/wp\/v2\/is_homepage?post=40634"},{"taxonomy":"ta_other","embeddable":true,"href":"https:\/\/euapp01.newsmemory.com\/lamarseillaise\/news\/wp-json\/wp\/v2\/ta_other?post=40634"}],"curies":[{"name":"wp","href":"https:\/\/api.w.org\/{rel}","templated":true}]}}