{"id":40631,"date":"2026-08-28T08:36:00","date_gmt":"2026-08-28T06:36:00","guid":{"rendered":"https:\/\/euapp01.newsmemory.com\/lamarseillaise\/news\/?p=40631"},"modified":"2026-08-29T08:43:46","modified_gmt":"2026-08-29T06:43:46","slug":"apres-les-plaintes-delogu-en-garde-a-vue","status":"publish","type":"post","link":"https:\/\/euapp01.newsmemory.com\/lamarseillaise\/news\/2026\/08\/28\/apres-les-plaintes-delogu-en-garde-a-vue\/","title":{"rendered":"Apr\u00e8s les plaintes, Delogu en garde \u00e0 vue"},"content":{"rendered":"<div class=\"paragraph\">\n<p>Avant de se rendre au commissariat de l\u2019\u00c9v\u00each\u00e9 (2<sup>e<\/sup>\u00a0arr.), le d\u00e9put\u00e9 LFI de Marseille n\u2019avait pu s\u2019emp\u00eacher de publier un autoportrait, en commentant\u00a0: \u00ab\u00a0C\u2019est l\u2019heure\u00a0\u00bb. Devant l\u2019h\u00f4tel de police marseillais, son avocat M<sup>e<\/sup>\u00a0Yones Taguelmint se r\u00e9jouissait devant la presse d\u2019une convocation rapide, trois jours apr\u00e8s l\u2019altercation qui a oppos\u00e9 des policiers en civil en intervention dans son immeuble au parlementaire. \u00ab\u00a0<i>C\u2019est bien que la justice puisse avancer, enqu\u00eater \u00e0 charge et \u00e0 d\u00e9charge<\/i><i>\u00a0<\/i>\u00bb, glissait bri\u00e8vement son conseil quand le d\u00e9put\u00e9 entrait sans faire le moindre commentaire. Mais l\u2019audition libre s\u2019est rapidement transform\u00e9e en garde \u00e0 vue \u00ab\u00a0<i>dans le cadre de l\u2019enqu\u00eate de flagrance diligent\u00e9e pour outrage sur personne d\u00e9positaire de l\u2019autorit\u00e9 publique<\/i>\u00a0\u00bb<i>, <\/i>a indiqu\u00e9 le parquet de Marseille \u00e0 <i>La<\/i><i>\u00a0<\/i><i>Marseillaise<\/i>, confirmant une information de l\u2019AFP. Une flagrance qui permet de passer outre l\u2019immunit\u00e9 parlementaire, et un cap suppl\u00e9mentaire franchi dans cette affaire.<\/p>\n<\/p><\/div>\n<div class=\"intext\"> Plainte d\u00e9pos\u00e9e contre\u00a0X\n              <\/div>\n<div class=\"paragraph\">\n<p>Trois policiers en civil du Service interd\u00e9partemental de s\u00e9curisation des transports en commun avaient d\u00e9pos\u00e9 plainte pour outrage contre le d\u00e9put\u00e9 apr\u00e8s une intervention lundi apr\u00e8s-midi dans l\u2019immeuble o\u00f9 il r\u00e9side, lui reprochant d\u2019avoir fait obstruction lorsqu\u2019ils p\u00e9n\u00e9traient dans le hall du b\u00e2timent pour appr\u00e9hender le voleur d\u2019une montre de luxe, et de les avoir insult\u00e9s, notamment en les traitant de \u00ab\u00a0trou du cul\u00a0\u00bb. Des faits contest\u00e9s par le parlementaire, qui affirme avoir demand\u00e9 aux forces de l\u2019ordre de s\u2019identifier alors qu\u2019ils s\u2019engouffraient \u00e0 sa suite dans l\u2019immeuble, et avoir \u00e9t\u00e9 bouscul\u00e9 et injuri\u00e9 par l\u2019un des policiers. Dans les enregistrements de vid\u00e9osurveillance largement diffus\u00e9s, on entend cette fois l\u2019un des policiers traiter le d\u00e9put\u00e9 de \u00ab\u00a0trou du cul\u00a0\u00bb. Apr\u00e8s l\u2019avoir annonc\u00e9, l\u2019avocat de S\u00e9bastien Delogu confirme ce jeudi avoir port\u00e9 plainte contre\u00a0X mercredi soir, pour injure et violence physique par personne d\u00e9positaire de l\u2019autorit\u00e9 publique.<\/p>\n<p>L\u2019altercation est remont\u00e9e jusqu\u2019\u00e0 la place Beauvau et le ministre de l\u2019Int\u00e9rieur Laurent Nunez lui-m\u00eame s\u2019est empress\u00e9 mercredi apr\u00e8s-midi d\u2019apporter \u00ab\u00a0<i>\u00e9videmment mon soutien aux forces de l\u2019ordre qui doivent pouvoir exercer leur fonction partout et en toutes circonstances, et \u00e0 tout le moins y \u00eatre aid\u00e9es par un \u00e9lu de la R\u00e9publique<\/i><i>\u00a0<\/i>\u00bb.<\/p>\n<p>Le d\u00e9put\u00e9 a annonc\u00e9 sa sortie hier soir aux alentours de 22h sur les r\u00e9seaux sociaux, remerciant les forces de l\u2019ordre \u00abqui se sont comport\u00e9es de mani\u00e8re irr\u00e9prochable\u00bb.<\/p>\n<\/p><\/div>\n","protected":false},"excerpt":{"rendered":"Avant de se rendre au commissariat de l&rsquo;&Eacute;v&ecirc;ch&eacute; (2e&nbsp;arr.), le d&eacute;put&eacute; LFI de Marseille n&rsquo;avait pu s&rsquo;emp&ecirc;cher de publier un autoportrait, en commentant&nbsp;: &laquo;&nbsp;C&rsquo;est &#8230;","protected":false},"author":1,"featured_media":40632,"comment_status":"open","ping_status":"open","sticky":false,"template":"","format":"standard","meta":{"footnotes":""},"categories":[918,3926,3925,330],"tags":[10,1990,200,541,16,763,2033],"news-destination":[3944],"news-source":[475],"is_homepage":[],"ta_other":[],"class_list":["post-40631","post","type-post","status-publish","format-standard","has-post-thumbnail","hentry","category-accueil","category-accueil-merge","category-accueil-third","category-politique","tag-bouches-du-rhone","tag-garde-a-vue","tag-justice","tag-lfi","tag-marseille","tag-police","tag-sebastien-delogu","news-destination-homepage","news-source-website"],"_links":{"self":[{"href":"https:\/\/euapp01.newsmemory.com\/lamarseillaise\/news\/wp-json\/wp\/v2\/posts\/40631","targetHints":{"allow":["GET"]}}],"collection":[{"href":"https:\/\/euapp01.newsmemory.com\/lamarseillaise\/news\/wp-json\/wp\/v2\/posts"}],"about":[{"href":"https:\/\/euapp01.newsmemory.com\/lamarseillaise\/news\/wp-json\/wp\/v2\/types\/post"}],"author":[{"embeddable":true,"href":"https:\/\/euapp01.newsmemory.com\/lamarseillaise\/news\/wp-json\/wp\/v2\/users\/1"}],"replies":[{"embeddable":true,"href":"https:\/\/euapp01.newsmemory.com\/lamarseillaise\/news\/wp-json\/wp\/v2\/comments?post=40631"}],"version-history":[{"count":1,"href":"https:\/\/euapp01.newsmemory.com\/lamarseillaise\/news\/wp-json\/wp\/v2\/posts\/40631\/revisions"}],"predecessor-version":[{"id":40633,"href":"https:\/\/euapp01.newsmemory.com\/lamarseillaise\/news\/wp-json\/wp\/v2\/posts\/40631\/revisions\/40633"}],"wp:featuredmedia":[{"embeddable":true,"href":"https:\/\/euapp01.newsmemory.com\/lamarseillaise\/news\/wp-json\/wp\/v2\/media\/40632"}],"wp:attachment":[{"href":"https:\/\/euapp01.newsmemory.com\/lamarseillaise\/news\/wp-json\/wp\/v2\/media?parent=40631"}],"wp:term":[{"taxonomy":"category","embeddable":true,"href":"https:\/\/euapp01.newsmemory.com\/lamarseillaise\/news\/wp-json\/wp\/v2\/categories?post=40631"},{"taxonomy":"post_tag","embeddable":true,"href":"https:\/\/euapp01.newsmemory.com\/lamarseillaise\/news\/wp-json\/wp\/v2\/tags?post=40631"},{"taxonomy":"news-destination","embeddable":true,"href":"https:\/\/euapp01.newsmemory.com\/lamarseillaise\/news\/wp-json\/wp\/v2\/news-destination?post=40631"},{"taxonomy":"news-source","embeddable":true,"href":"https:\/\/euapp01.newsmemory.com\/lamarseillaise\/news\/wp-json\/wp\/v2\/news-source?post=40631"},{"taxonomy":"is_homepage","embeddable":true,"href":"https:\/\/euapp01.newsmemory.com\/lamarseillaise\/news\/wp-json\/wp\/v2\/is_homepage?post=40631"},{"taxonomy":"ta_other","embeddable":true,"href":"https:\/\/euapp01.newsmemory.com\/lamarseillaise\/news\/wp-json\/wp\/v2\/ta_other?post=40631"}],"curies":[{"name":"wp","href":"https:\/\/api.w.org\/{rel}","templated":true}]}}