{"id":40628,"date":"2026-08-28T08:43:00","date_gmt":"2026-08-28T06:43:00","guid":{"rendered":"https:\/\/euapp01.newsmemory.com\/lamarseillaise\/news\/?p=40628"},"modified":"2026-08-29T08:43:46","modified_gmt":"2026-08-29T06:43:46","slug":"lycees-la-region-poursuit-sa-quete-de-legalite-des-chances","status":"publish","type":"post","link":"https:\/\/euapp01.newsmemory.com\/lamarseillaise\/news\/2026\/08\/28\/lycees-la-region-poursuit-sa-quete-de-legalite-des-chances\/","title":{"rendered":"Lyc\u00e9es : la R\u00e9gion poursuit sa qu\u00eate de l\u2019\u00e9galit\u00e9 des chances"},"content":{"rendered":"<div class=\"paragraph\">\n<p>\u00ab <i>P<\/i><i>rot\u00e9ger plut\u00f4t que laisser faire. Investir plut\u00f4t que subir.<\/i><i>\u00a0<\/i><i>\u00bb<\/i> M\u00eame si l\u2019\u00c9tat a une nouvelle fois fait faux bond \u00e0 la R\u00e9gion Occitanie (un demi-milliard d\u2019euros d\u2019enveloppe en moins), la majorit\u00e9 de Carole Delga (PS) a fait le choix de maintenir l\u2019\u00e9ducation comme priorit\u00e9. Et ce afin de <i>\u00ab<\/i><i>\u00a0<\/i><i>permettre \u00e0 chaque enfant, quelles que soient ses origines sociales, sa couleur de peau, de pouvoir r\u00eaver en grand, choisir son destin<\/i><i>\u00a0<\/i><i>\u00bb<\/i>, insiste la pr\u00e9sidente.<\/p>\n<p>Pour tendre vers <i>\u00ab<\/i><i>\u00a0<\/i><i>l\u2019\u00e9galit\u00e9 des chances<\/i><i>\u00a0<\/i><i>\u00bb<\/i>, il faut encore agir en faveur du pouvoir d\u2019achat. Avec 74\u00a0millions d\u2019euros (ME) inject\u00e9s, l\u2019Occitanie conserve, selon Carole Delga, <i>\u00ab<\/i><i>\u00a0<\/i><i>la rentr\u00e9e la moins ch\u00e8re de France<\/i><i>\u00a0<\/i><i>\u00bb<\/i>. En d\u00e9pit de difficult\u00e9s d\u2019approvisionnement et d\u2019un surco\u00fbt (9 ME), l\u2019ordinateur portable reste gratuit, de m\u00eame que les manuels scolaires, les premiers \u00e9quipements des apprentis et les formations aux premiers secours. L\u2019aide \u00e0 la licence sportive UNSS est maintenue \u00e0 15\u00a0euros et celle \u00e0 la lecture passe de 15 \u00e0 20\u00a0euros dans les librairies ind\u00e9pendantes. Pour cette rentr\u00e9e, l\u2019aide \u00e0 la cantine pour les familles en difficult\u00e9 augmente m\u00eame de 20%. Si l\u2019on ajoute l\u2019aide aux v\u00e9los (200\u00a0euros) pour les boursiers de seconde, les transports scolaires gratuits et la gratuit\u00e9 \u00e0 l\u2019usage des trains et cars Lio pour les 12-26\u00a0ans, on atteint le millier d\u2019euros \u00e9conomis\u00e9s pour chacun des 231\u00a0000\u00a0lyc\u00e9ens.<\/p>\n<\/p><\/div>\n<div class=\"intext\"> Plan de pr\u00e9vention contre le protoxyde d\u2019azote\n              <\/div>\n<div class=\"paragraph\">\n<p>Contre l\u2019assignation \u00e0 r\u00e9sidence et le d\u00e9terminisme social, la R\u00e9gion met aussi les moyens pour <i>\u00ab<\/i><i>\u00a0<\/i><i>une orientation choisie et non subie<\/i><i>\u00a0<\/i><i>\u00bb<\/i>. La plateforme \u00ab\u00a0ID stages\u00a0\u00bb, propose \u00e0 31\u00a0000\u00a0jeunes 8\u00a0300\u00a0offres de stages. Dans les 13 d\u00e9partements, les salons \u00ab\u00a0ID m\u00e9tiers\u00a0\u00bb ont sensibilis\u00e9 27\u00a0000\u00a0coll\u00e9giens de 4<sup>e<\/sup> et 3<sup>e<\/sup>. <i>\u00ab<\/i><i>\u00a0<\/i><i>70% des jeunes ont d\u00e9couvert un m\u00e9tier dans ces salons<\/i><i>\u00a0<\/i><i>\u00bb<\/i>, se f\u00e9licite le vice-pr\u00e9sident Kamel Chibli. 28\u00a0000\u00a0jeunes ont \u00e9t\u00e9 accueillis dans une maison d\u2019orientation mobile.<\/p>\n<p>Dans le cadre de son grand plan \u00ab\u00a0Occitanie r\u00e9siliente\u00a0\u00bb qui vise \u00e0 faire de l\u2019Occitanie la premi\u00e8re r\u00e9gion \u00e0 \u00e9nergie positive d\u2019Europe, la majorit\u00e9 poursuit ses actions de r\u00e9novation et s\u00e9curisation de ses \u00e9tablissements scolaires. Les travaux pour l\u2019inclusion et la r\u00e9novation \u00e9nerg\u00e9tique avancent bien. <i>\u00ab<\/i><i>\u00a0<\/i><i>On est quasiment au bout de l\u2019accessibilit\u00e9 de nos b\u00e2timents<\/i><i>\u00a0<\/i><i>\u00bb<\/i>, confirme K. Chibli, qui \u00e9voque une <i>\u00ab<\/i><i>\u00a0<\/i><i>s\u00e9curisation pragmatique, pas dogmatique<\/i><i>\u00a0<\/i><i>\u00bb<\/i> \u00e0 base de tourniquets, d\u2019acc\u00e8s via la carte jeunes et de cam\u00e9ras de vid\u00e9osurveillance. 10 ME ont \u00e9t\u00e9 d\u00e9bloqu\u00e9s pour faire face \u00e0 la canicule (brasseurs d\u2019air, films anti-UV sur les fen\u00eatres, protection solaire, isolation thermique&#8230;). <i>\u00ab<\/i><i>\u00a0<\/i><i>On n\u2019a pas attendu d\u2019\u00eatre re\u00e7us par le ministre pour agir.<\/i><i>\u00a0<\/i><i>\u00bb<\/i><\/p>\n<p>Enfin, Carole Delga est d\u00e9termin\u00e9e \u00e0 poursuivre <i>\u00ab<\/i><i>\u00a0<\/i><i>la lutte contre toutes formes de discrimination<\/i><i>\u00a0<\/i><i>\u00bb<\/i>. D\u00e9sormais, s\u2019ajoute le combat contre le protoxyde d\u2019azote, v\u00e9ritable fl\u00e9au. Apr\u00e8s concertation avec le Rectorat, un grand plan de pr\u00e9vention sera pr\u00e9sent\u00e9 \u00e0 l\u2019automne. S\u2019ensuivra une campagne de sensibilisation avec un kit d\u2019action pour les maires et les professionnels de l\u2019\u00e9ducation.<\/p>\n<\/p><\/div>\n<div class=\"paragraph\">\n<p><b>Un nouveau lyc\u00e9e \u00e0 Cournonterral<\/b><\/p>\n<p>Ce sera le 11e \u00e0 sortir de terre depuis 2016 !<\/p>\n<p>Jeudi 10 septembre sera inaugur\u00e9, en pr\u00e9sence d\u2019\u00c9lisabeth Badinter le lyc\u00e9e \u00c9lisabeth et Robert Badinter de Cournonterral, \u00e0 l\u2019ouest de Montpellier. Sur une surface de 17 200 m\u00b2 et un site de 6ha, ce lyc\u00e9e \u00e0 \u00e9nergie positive accueillera 1 400 \u00e9l\u00e8ves et 130 agents. Le co\u00fbt (52 ME) financ\u00e9 par la R\u00e9gion a \u00e9t\u00e9 gonfl\u00e9 de 6 ME en raison de proc\u00e9dures environnementales. <i>\u00ab \u00c7a a \u00e9t\u00e9 un lourd combat qui nous a retard\u00e9s 2 ans \u00bb<\/i>, souffle Carole Delga.<\/p>\n<\/p><\/div>\n","protected":false},"excerpt":{"rendered":"&laquo; Prot&eacute;ger plut&ocirc;t que laisser faire. Investir plut&ocirc;t que subir.&nbsp;&raquo; M&ecirc;me si l&rsquo;&Eacute;tat a une nouvelle fois fait faux bond &agrave; la R&eacute;gion Occitanie (un demi-milliard d&rsquo;euros &#8230;","protected":false},"author":1,"featured_media":40629,"comment_status":"open","ping_status":"open","sticky":false,"template":"","format":"standard","meta":{"footnotes":""},"categories":[918,3926,3925,330,20],"tags":[1776,933,372,777,879,6330,3202,3969,1900,238,239,1300,1837,6329,713,1560,284,809,1024,5894,873,712,111,2552],"news-destination":[3944],"news-source":[475],"is_homepage":[],"ta_other":[],"class_list":["post-40628","post","type-post","status-publish","format-standard","has-post-thumbnail","hentry","category-accueil","category-accueil-merge","category-accueil-third","category-politique","category-societe","tag-accessibilite","tag-apprentissage","tag-canicule","tag-cantines","tag-carole-delga","tag-carte-jeunes","tag-egalite-des-chances","tag-energie-positive","tag-etat","tag-gard","tag-herault","tag-inclusion","tag-kamel-chibli","tag-lio","tag-lyceens","tag-lycees","tag-occitanie","tag-orientation","tag-pouvoir-dachat","tag-protoxyde-dazote","tag-region-occitanie","tag-rentree-scolaire","tag-securite","tag-velos","news-destination-homepage","news-source-website"],"_links":{"self":[{"href":"https:\/\/euapp01.newsmemory.com\/lamarseillaise\/news\/wp-json\/wp\/v2\/posts\/40628","targetHints":{"allow":["GET"]}}],"collection":[{"href":"https:\/\/euapp01.newsmemory.com\/lamarseillaise\/news\/wp-json\/wp\/v2\/posts"}],"about":[{"href":"https:\/\/euapp01.newsmemory.com\/lamarseillaise\/news\/wp-json\/wp\/v2\/types\/post"}],"author":[{"embeddable":true,"href":"https:\/\/euapp01.newsmemory.com\/lamarseillaise\/news\/wp-json\/wp\/v2\/users\/1"}],"replies":[{"embeddable":true,"href":"https:\/\/euapp01.newsmemory.com\/lamarseillaise\/news\/wp-json\/wp\/v2\/comments?post=40628"}],"version-history":[{"count":1,"href":"https:\/\/euapp01.newsmemory.com\/lamarseillaise\/news\/wp-json\/wp\/v2\/posts\/40628\/revisions"}],"predecessor-version":[{"id":40630,"href":"https:\/\/euapp01.newsmemory.com\/lamarseillaise\/news\/wp-json\/wp\/v2\/posts\/40628\/revisions\/40630"}],"wp:featuredmedia":[{"embeddable":true,"href":"https:\/\/euapp01.newsmemory.com\/lamarseillaise\/news\/wp-json\/wp\/v2\/media\/40629"}],"wp:attachment":[{"href":"https:\/\/euapp01.newsmemory.com\/lamarseillaise\/news\/wp-json\/wp\/v2\/media?parent=40628"}],"wp:term":[{"taxonomy":"category","embeddable":true,"href":"https:\/\/euapp01.newsmemory.com\/lamarseillaise\/news\/wp-json\/wp\/v2\/categories?post=40628"},{"taxonomy":"post_tag","embeddable":true,"href":"https:\/\/euapp01.newsmemory.com\/lamarseillaise\/news\/wp-json\/wp\/v2\/tags?post=40628"},{"taxonomy":"news-destination","embeddable":true,"href":"https:\/\/euapp01.newsmemory.com\/lamarseillaise\/news\/wp-json\/wp\/v2\/news-destination?post=40628"},{"taxonomy":"news-source","embeddable":true,"href":"https:\/\/euapp01.newsmemory.com\/lamarseillaise\/news\/wp-json\/wp\/v2\/news-source?post=40628"},{"taxonomy":"is_homepage","embeddable":true,"href":"https:\/\/euapp01.newsmemory.com\/lamarseillaise\/news\/wp-json\/wp\/v2\/is_homepage?post=40628"},{"taxonomy":"ta_other","embeddable":true,"href":"https:\/\/euapp01.newsmemory.com\/lamarseillaise\/news\/wp-json\/wp\/v2\/ta_other?post=40628"}],"curies":[{"name":"wp","href":"https:\/\/api.w.org\/{rel}","templated":true}]}}