{"id":40625,"date":"2026-08-28T08:30:00","date_gmt":"2026-08-28T06:30:00","guid":{"rendered":"https:\/\/euapp01.newsmemory.com\/lamarseillaise\/news\/?p=40625"},"modified":"2026-08-29T08:43:46","modified_gmt":"2026-08-29T06:43:46","slug":"la-fsu-denonce-un-manque-de-moyens-prejudiciable-a-la-reussite-des-eleves","status":"publish","type":"post","link":"https:\/\/euapp01.newsmemory.com\/lamarseillaise\/news\/2026\/08\/28\/la-fsu-denonce-un-manque-de-moyens-prejudiciable-a-la-reussite-des-eleves\/","title":{"rendered":"La FSU d\u00e9nonce un manque de moyens pr\u00e9judiciable \u00e0 la r\u00e9ussite des \u00e9l\u00e8ves"},"content":{"rendered":"<div class=\"paragraph\">\n<p>Apr\u00e8s avoir ironis\u00e9 sur les neuf ministres de l\u2019\u00c9ducation en dix ans de r\u00e8gne d\u2019Emmanuel Macron, le secr\u00e9taire g\u00e9n\u00e9ral dans le Var de la FSU, Alain Tournay, a constat\u00e9 que depuis la nomination du dernier en octobre\u00a02025, \u00ab\u00a0<i>il ne s\u2019est pas pass\u00e9 grand-chose, \u00e0 part la baisse cons\u00e9quente du budget de l\u2019\u00c9ducation nationale, puisqu\u2019on est en \u00e9conomie de guerre<\/i>\u00a0\u00bb. Et de d\u00e9plorer encore \u00ab\u00a0<i>un an de perdu pour l\u2019institution, avec aucune remise en question des nombreuses r\u00e9formes faites, puis abandonn\u00e9es<\/i><i>\u00a0<\/i>\u00bb.<\/p>\n<p>Le responsable syndical annonce donc une rentr\u00e9e\u00a02026 particuli\u00e8rement tendue du fait, entre autres, du manque d\u2019enseignants et de personnels sp\u00e9cialis\u00e9s, avec des classes encore surcharg\u00e9es. Et des conditions de travail tr\u00e8s d\u00e9grad\u00e9es.<\/p>\n<p>\u00ab\u00a0<i>La baisse d\u00e9mographique<\/i> <i>aurait d\u00fb permettre de r\u00e9duire significativement les effectifs par classe, on a fait tout le contraire<\/i><i>\u00a0<\/i>\u00bb, d\u00e9nonce-t-il.<\/p>\n<p>Dans le Var, la moyenne annonc\u00e9e pour la rentr\u00e9e\u00a02026 est de 22,04\u00a0\u00e9l\u00e8ves par classe dans le 1<sup>er<\/sup> degr\u00e9, contre\u00a021 au niveau national et environ\u00a019 selon les standards europ\u00e9ens.<\/p>\n<\/p><\/div>\n<div class=\"intext\"> Le Var tr\u00e8s mauvais \u00e9l\u00e8ve\n              <\/div>\n<div class=\"paragraph\">\n<p>\u00ab\u00a0<i>Cette moyenne masque des situations beaucoup plus difficiles, avec certaines classes pouvant atteindre 27<\/i><i>\u00a0<\/i><i>\u00e0 30<\/i><i>\u00a0<\/i><i>\u00e9l\u00e8ves, y compris en maternelle<\/i>\u00a0\u00bb, d\u00e9nonce la FSU.<\/p>\n<p>\u00ab\u00a0<i>Est-ce que c\u2019est comme \u00e7a qu\u2019on peut envisager qu\u2019une rentr\u00e9e se fasse sereinement avec tous les profils diff\u00e9rents d\u2019\u00e9l\u00e8ves que nous avons dans les classes aujourd\u2019hui<\/i><i>\u00a0<\/i><i>?<\/i>\u00a0\u00bb, interroge Aur\u00e9lie Sanchez (SNUipp). Et de poursuivre\u00a0: \u00ab\u00a0<i>Est-ce qu\u2019on peut s\u00e9rieusement envisager qu\u2019on va permettre \u00e0 chaque \u00e9l\u00e8ve de r\u00e9ussir, d\u2019avoir un parcours scolaire \u00e9mancipateur<\/i><i>\u00a0<\/i><i>?<\/i><i>\u00a0<\/i>\u00bb La r\u00e9ponse est bien \u00e9videmment, non.<\/p>\n<p>Mais pour faire passer les effectifs sous le seuil de 25\u00a0\u00e9l\u00e8ves par classe, le syndicat estime 40\u00a0ouvertures de classes suppl\u00e9mentaires seraient n\u00e9cessaires. Et il manque encore 250\u00a0enseignants pour sortir des derni\u00e8res places du classement par rapport au taux d\u2019encadrement par \u00e9l\u00e8ve, et remplacer les professeurs absents. \u00ab\u00a0<i>On sait d\u00e9j\u00e0 que plus de la moiti\u00e9 des coll\u00e8ges du Var vont avoir au moins un niveau dans lequel il y aura 29<\/i><i>\u00a0<\/i><i>\u00e0 30<\/i><i>\u00a0<\/i><i>\u00e9l\u00e8ves par classe<\/i>\u00a0\u00bb, pr\u00e9cise Bruno Combette (Snes). Et pour les lyc\u00e9es au moins 1\/3\u00a0des \u00e9tablissements auront un niveau \u00e0\u00a035, 36\u00a0\u00e9l\u00e8ves. \u00ab\u00a0<i>On n\u2019est pas dans une am\u00e9lioration des conditions d\u2019apprentissage des \u00e9l\u00e8ves<\/i><i>\u00a0<\/i>\u00bb, insiste-t-il lui aussi.<\/p>\n<p>Genevi\u00e8ve Clerc (Snes) a insist\u00e9 pour sa part sur \u00ab\u00a0<i>l\u2019indigence de la m\u00e9decine scolaire et des services sociaux<\/i><i>\u00a0<\/i>\u00bb, qui ne permet pas de r\u00e9pondre aux probl\u00e8mes. Christian Petit d\u00e9nonce, lui, le m\u00e9pris qui continue d\u2019\u00eatre affich\u00e9 en direction des \u00e9l\u00e8ves et des professeurs des lyc\u00e9es professionnels. Les conditions sont en tout cas r\u00e9unies pour une mobilisation d\u2019ampleur le 29\u00a0septembre.<\/p>\n<p>Thierry Turpin<\/p>\n<\/p><\/div>\n<div class=\"paragraph\">\n<p><i><b>PAROLES DE SYNDICALISTES DE LA R\u00c9GION<\/b><\/i><\/p>\n<p><b>Gweltaz Broudic &#8211; Cosecr\u00e9taire de la FSU 04<\/b><\/p>\n<\/p><\/div>\n<div class=\"paragraph\">\n<p>\u00ab Dans le second degr\u00e9, on a des classes tr\u00e8s charg\u00e9es dans plusieurs coll\u00e8ges, d\u2019autant plus qu\u2019il y a eu quatre fermetures de classe pour la rentr\u00e9e. Sur le premier degr\u00e9, on a eu une carte scolaire a minima, ce qui a pour effet de ne pas r\u00e9tablir d\u2019\u00e9quit\u00e9 entre un certain nombre d\u2019\u00e9coles. On a des gros \u00e9carts de moyenne par classe. Et on a depuis des ann\u00e9es des probl\u00e8mes de remplacement dans le d\u00e9partement. \u00bb<\/p>\n<p>L.D.<\/p>\n<p><b>Patrick Charlier &#8211; Coresponsable CGT \u00c9duc\u2019action 05<\/b><\/p>\n<\/p><\/div>\n<div class=\"paragraph\">\n<p>\u00ab On redoute aussi l\u2019annonce de la cr\u00e9ation d\u2019une direction de la politique territoriale de l\u2019\u00e9cole. Nous, dans le 05, nous faisons d\u00e9j\u00e0 partie des territoires ruraux qui font l\u2019objet d\u2019une exp\u00e9rimentation visant \u00e0 calculer les moyens qui pourraient \u00eatre \u00aboptimis\u00e9s\u00bb pour l\u2019\u00e9cole. C\u2019est le terme expert pour d\u00e9signer la fermeture de petits coll\u00e8ges pour rapatrier leurs effectifs vers des grandes cit\u00e9s scolaires&#8230; \u00bb<\/p>\n<p>A.F.<\/p>\n<p><b>Olivier Montel &#8211; Secr\u00e9taire Unsa \u00c9ducation Vaucluse<\/b><\/p>\n<\/p><\/div>\n<div class=\"paragraph\">\n<p>\u00ab Il y a de gros probl\u00e8mes d\u2019affectation. Des profs des \u00e9coles ont eu leur poste le 24 juillet. Certains ont fait des recours et sont sans retour&#8230; On redoute aussi un probl\u00e8me sur les rempla\u00e7ants qui ne sont pas assez nombreux. Pire, une r\u00e9forme d\u00e9partementalise le rempla\u00e7ant alors qu\u2019il d\u00e9pendait d\u2019une petite circonscription. Il y a la peur de partir \u00e0 l\u2019autre bout de Vaucluse, certains ont arr\u00eat\u00e9. \u00bb<\/p>\n<p>F.C.<\/p>\n<p><b>Lola Gourieux &#8211; Coresponsable CGT \u00e9duc\u2019action 13<\/b><\/p>\n<\/p><\/div>\n<div class=\"paragraph\">\n<p>\u00ab On pr\u00e9pare une rentr\u00e9e difficile dans le premier degr\u00e9 [maternelle et primaire] parce que l\u2019on manque de moyen humain. Il y a la r\u00e9forme des rempla\u00e7ants, qui auront des zones beaucoup plus larges \u00e0 couvrir. Les enfants seront donc accueillis dans les autres classes, avec en ressource des fiches pour les \u00e9l\u00e8ves. Cela existait d\u00e9j\u00e0, mais c\u2019\u00e9tait un accueil d\u00e9grad\u00e9 qui, avec cette r\u00e9forme, va s\u00fbrement devenir la norme. \u00bb<\/p>\n<p>E.J.<\/p>\n<\/p><\/div>\n","protected":false},"excerpt":{"rendered":"Apr&egrave;s avoir ironis&eacute; sur les neuf ministres de l&rsquo;&Eacute;ducation en dix ans de r&egrave;gne d&rsquo;Emmanuel Macron, le secr&eacute;taire g&eacute;n&eacute;ral dans le Var de la FSU, Alain Tournay, a constat&eacute; que depuis la &#8230;","protected":false},"author":1,"featured_media":40626,"comment_status":"open","ping_status":"open","sticky":false,"template":"","format":"standard","meta":{"footnotes":""},"categories":[918,3926,3925,331,20],"tags":[977,673,195,410,409,412,805,406,3130,134,1039,222,716,712,2476,5990,1561,1043,364,597,31],"news-destination":[3944],"news-source":[475],"is_homepage":[],"ta_other":[],"class_list":["post-40625","post","type-post","status-publish","format-standard","has-post-thumbnail","hentry","category-accueil","category-accueil-merge","category-accueil-third","category-social","category-societe","tag-classes","tag-colleges","tag-conditions-de-travail","tag-education","tag-effectifs","tag-eleves","tag-enseignants","tag-fsu","tag-lycees-professionnels","tag-mobilisation","tag-professeurs","tag-region-sud-paca","tag-rentree","tag-rentree-scolaire","tag-services-sociaux","tag-snep-fsu","tag-snes-fsu","tag-snuipp-fsu","tag-syndicats","tag-toulon","tag-var","news-destination-homepage","news-source-website"],"_links":{"self":[{"href":"https:\/\/euapp01.newsmemory.com\/lamarseillaise\/news\/wp-json\/wp\/v2\/posts\/40625","targetHints":{"allow":["GET"]}}],"collection":[{"href":"https:\/\/euapp01.newsmemory.com\/lamarseillaise\/news\/wp-json\/wp\/v2\/posts"}],"about":[{"href":"https:\/\/euapp01.newsmemory.com\/lamarseillaise\/news\/wp-json\/wp\/v2\/types\/post"}],"author":[{"embeddable":true,"href":"https:\/\/euapp01.newsmemory.com\/lamarseillaise\/news\/wp-json\/wp\/v2\/users\/1"}],"replies":[{"embeddable":true,"href":"https:\/\/euapp01.newsmemory.com\/lamarseillaise\/news\/wp-json\/wp\/v2\/comments?post=40625"}],"version-history":[{"count":1,"href":"https:\/\/euapp01.newsmemory.com\/lamarseillaise\/news\/wp-json\/wp\/v2\/posts\/40625\/revisions"}],"predecessor-version":[{"id":40627,"href":"https:\/\/euapp01.newsmemory.com\/lamarseillaise\/news\/wp-json\/wp\/v2\/posts\/40625\/revisions\/40627"}],"wp:featuredmedia":[{"embeddable":true,"href":"https:\/\/euapp01.newsmemory.com\/lamarseillaise\/news\/wp-json\/wp\/v2\/media\/40626"}],"wp:attachment":[{"href":"https:\/\/euapp01.newsmemory.com\/lamarseillaise\/news\/wp-json\/wp\/v2\/media?parent=40625"}],"wp:term":[{"taxonomy":"category","embeddable":true,"href":"https:\/\/euapp01.newsmemory.com\/lamarseillaise\/news\/wp-json\/wp\/v2\/categories?post=40625"},{"taxonomy":"post_tag","embeddable":true,"href":"https:\/\/euapp01.newsmemory.com\/lamarseillaise\/news\/wp-json\/wp\/v2\/tags?post=40625"},{"taxonomy":"news-destination","embeddable":true,"href":"https:\/\/euapp01.newsmemory.com\/lamarseillaise\/news\/wp-json\/wp\/v2\/news-destination?post=40625"},{"taxonomy":"news-source","embeddable":true,"href":"https:\/\/euapp01.newsmemory.com\/lamarseillaise\/news\/wp-json\/wp\/v2\/news-source?post=40625"},{"taxonomy":"is_homepage","embeddable":true,"href":"https:\/\/euapp01.newsmemory.com\/lamarseillaise\/news\/wp-json\/wp\/v2\/is_homepage?post=40625"},{"taxonomy":"ta_other","embeddable":true,"href":"https:\/\/euapp01.newsmemory.com\/lamarseillaise\/news\/wp-json\/wp\/v2\/ta_other?post=40625"}],"curies":[{"name":"wp","href":"https:\/\/api.w.org\/{rel}","templated":true}]}}