{"id":40622,"date":"2026-08-28T08:08:00","date_gmt":"2026-08-28T06:08:00","guid":{"rendered":"https:\/\/euapp01.newsmemory.com\/lamarseillaise\/news\/?p=40622"},"modified":"2026-08-29T10:54:20","modified_gmt":"2026-08-29T08:54:20","slug":"roussel-lisnard-deux-visions-qui-sopposent","status":"publish","type":"post","link":"https:\/\/euapp01.newsmemory.com\/lamarseillaise\/news\/2026\/08\/28\/roussel-lisnard-deux-visions-qui-sopposent\/","title":{"rendered":"Roussel &#8211; Lisnard deux visions qui s\u2019opposent"},"content":{"rendered":"<div class=\"paragraph\">\n<p>D\u2019un c\u00f4t\u00e9, Fabien Roussel, le communiste. De l\u2019autre David Lisnard, l\u2019ultralib\u00e9ral. Tous deux r\u00e9unis sur le terrain de Roland-Garros par le Medef. Interrog\u00e9s sur les d\u00e9cisions \u00e0 prendre pour que la France produise plus, le secr\u00e9taire national du PCF, propose de \u00ab\u00a0<i>planifier la r\u00e9industrialisation de notre pays et d\u2019arr\u00eater le<\/i> &#8220;stop and go&#8221;\u00a0\u00bb. Pour permettre aux entreprises d\u2019avoir de la \u00ab\u00a0<i>lisibilit\u00e9<\/i><i>\u00a0<\/i>\u00bb, notamment en ce qui concerne l\u2019\u00e9nergie. Un \u00ab\u00a0<i>avantage comp\u00e9titif \u00e9norme<\/i><i>\u00a0<\/i>\u00bb pour reconstruire une \u00ab\u00a0<i>industrie forte et utile<\/i><i>\u00a0<\/i>\u00bb.<\/p>\n<p>De son c\u00f4t\u00e9, le maire de Cannes et pr\u00e9sident de l\u2019Association des maires de France (AMF) estime que l\u2019\u00ab\u00a0[on]<i> a trop administr\u00e9 l\u2019\u00e9conomie<\/i><i>\u00a0<\/i>\u00bb. D\u00e8s lors, il \u00e9num\u00e8re ses propositions presque caricaturales\u00a0: \u00ab\u00a0<i>lib\u00e9rer le capital et le travail (&#8230;) l\u2019industrie, le foncier, lutter contre l\u2019artificialisation des sols<\/i>\u00a0\u00bb<i>, <\/i>rendre \u00ab\u00a0<i>la fiscalit\u00e9 et les charges comp\u00e9titives<\/i>\u00a0\u00bb<i>. <\/i>Sous les applaudissements des patrons, il plaide pour toujours moins d\u2019imp\u00f4ts, appelant \u00e0 \u00ab\u00a0<i>cotiser moins pour gagner plus<\/i>\u00a0\u00bb. \u00ab\u00a0<i>On a le record du monde de la d\u00e9pense publique, des imp\u00f4ts et des charges<\/i>\u00a0\u00bb<i>, <\/i>rench\u00e9rit le pr\u00e9sident de Nouvelle \u00c9nergie. Ce fan revendiqu\u00e9 du pr\u00e9sident d\u2019extr\u00eame droite libertarien argentin Javier Milei, pousse le train jusqu\u2019au bout\u00a0: \u00ab\u00a0<i>le sovi\u00e9tisme \u00e7a n\u2019a jamais march\u00e9<\/i>\u00a0\u00bb<i>, <\/i>raille-t-il.<\/p>\n<p>Face \u00e0 une audience qui lui est peu favorable, le chef des communistes intime les patrons \u00e0 \u00ab\u00a0<i>produire plus<\/i><i>\u00a0<\/i>\u00bb, rappelant que les aides publiques aux entreprises ont atteint 211\u00a0milliards d\u2019euros en 2023. S\u2019il n\u2019est pas contre ces aides, il veut les conditionner\u00a0: \u00ab\u00a0<i>\u00e0 la relocalisation et \u00e0 la cr\u00e9ation d\u2019emplois en France<\/i><i>\u00a0<\/i>\u00bb, impulser un choc d\u2019investissement massif, en particulier dans la formation. Et ce, afin de<i> <\/i>\u00ab\u00a0<i>reconstruire une France industriellement forte<\/i><i>\u00a0<\/i>\u00bb et souveraine.<\/p>\n<\/p><\/div>\n","protected":false},"excerpt":{"rendered":"D&rsquo;un c&ocirc;t&eacute;, Fabien Roussel, le communiste. De l&rsquo;autre David Lisnard, l&rsquo;ultralib&eacute;ral. Tous deux r&eacute;unis sur le terrain de Roland-Garros par le Medef. Interrog&eacute;s sur les d&eacute;cisions &agrave; &#8230;","protected":false},"author":1,"featured_media":40623,"comment_status":"open","ping_status":"open","sticky":false,"template":"","format":"standard","meta":{"footnotes":""},"categories":[918,3926,3925,1854,330],"tags":[584,6212,452,606,572,843,250,491,611],"news-destination":[3944],"news-source":[475],"is_homepage":[],"ta_other":[],"class_list":["post-40622","post","type-post","status-publish","format-standard","has-post-thumbnail","hentry","category-accueil","category-accueil-merge","category-accueil-third","category-france","category-politique","tag-aides-publiques","tag-david-lisnard","tag-debat","tag-fabien-roussel","tag-france","tag-medef","tag-pcf","tag-reindustrialisation","tag-universite-dete","news-destination-homepage","news-source-website"],"_links":{"self":[{"href":"https:\/\/euapp01.newsmemory.com\/lamarseillaise\/news\/wp-json\/wp\/v2\/posts\/40622","targetHints":{"allow":["GET"]}}],"collection":[{"href":"https:\/\/euapp01.newsmemory.com\/lamarseillaise\/news\/wp-json\/wp\/v2\/posts"}],"about":[{"href":"https:\/\/euapp01.newsmemory.com\/lamarseillaise\/news\/wp-json\/wp\/v2\/types\/post"}],"author":[{"embeddable":true,"href":"https:\/\/euapp01.newsmemory.com\/lamarseillaise\/news\/wp-json\/wp\/v2\/users\/1"}],"replies":[{"embeddable":true,"href":"https:\/\/euapp01.newsmemory.com\/lamarseillaise\/news\/wp-json\/wp\/v2\/comments?post=40622"}],"version-history":[{"count":1,"href":"https:\/\/euapp01.newsmemory.com\/lamarseillaise\/news\/wp-json\/wp\/v2\/posts\/40622\/revisions"}],"predecessor-version":[{"id":40624,"href":"https:\/\/euapp01.newsmemory.com\/lamarseillaise\/news\/wp-json\/wp\/v2\/posts\/40622\/revisions\/40624"}],"wp:featuredmedia":[{"embeddable":true,"href":"https:\/\/euapp01.newsmemory.com\/lamarseillaise\/news\/wp-json\/wp\/v2\/media\/40623"}],"wp:attachment":[{"href":"https:\/\/euapp01.newsmemory.com\/lamarseillaise\/news\/wp-json\/wp\/v2\/media?parent=40622"}],"wp:term":[{"taxonomy":"category","embeddable":true,"href":"https:\/\/euapp01.newsmemory.com\/lamarseillaise\/news\/wp-json\/wp\/v2\/categories?post=40622"},{"taxonomy":"post_tag","embeddable":true,"href":"https:\/\/euapp01.newsmemory.com\/lamarseillaise\/news\/wp-json\/wp\/v2\/tags?post=40622"},{"taxonomy":"news-destination","embeddable":true,"href":"https:\/\/euapp01.newsmemory.com\/lamarseillaise\/news\/wp-json\/wp\/v2\/news-destination?post=40622"},{"taxonomy":"news-source","embeddable":true,"href":"https:\/\/euapp01.newsmemory.com\/lamarseillaise\/news\/wp-json\/wp\/v2\/news-source?post=40622"},{"taxonomy":"is_homepage","embeddable":true,"href":"https:\/\/euapp01.newsmemory.com\/lamarseillaise\/news\/wp-json\/wp\/v2\/is_homepage?post=40622"},{"taxonomy":"ta_other","embeddable":true,"href":"https:\/\/euapp01.newsmemory.com\/lamarseillaise\/news\/wp-json\/wp\/v2\/ta_other?post=40622"}],"curies":[{"name":"wp","href":"https:\/\/api.w.org\/{rel}","templated":true}]}}