{"id":40613,"date":"2026-08-28T07:59:00","date_gmt":"2026-08-28T05:59:00","guid":{"rendered":"https:\/\/euapp01.newsmemory.com\/lamarseillaise\/news\/?p=40613"},"modified":"2026-08-29T10:54:20","modified_gmt":"2026-08-29T08:54:20","slug":"vaucluse-pour-la-droite-sortante-etre-senateur-ne-simprovise-pas","status":"publish","type":"post","link":"https:\/\/euapp01.newsmemory.com\/lamarseillaise\/news\/2026\/08\/28\/vaucluse-pour-la-droite-sortante-etre-senateur-ne-simprovise-pas\/","title":{"rendered":"Vaucluse : pour la droite sortante, \u00eatre s\u00e9nateur ne s\u2019improvise pas"},"content":{"rendered":"<div class=\"paragraph\">\n<p>\u00catre s\u00e9nateur, \u00e7a ne s\u2019improvise pas. C\u2019est en substance le message distill\u00e9, jeudi soir \u00e0 l\u2019H\u00f4tel de ville de Gordes par Jean-Baptiste Blanc, s\u00e9nateur LR sortant et ses colistiers, devant une centaine d\u2019\u00e9lus locaux grands \u00e9lecteurs en vue des s\u00e9natoriales du 27\u00a0septembre. Un message \u00e0 peine subliminal adress\u00e9 <a rel=\"noopener noreferrer\" href=\"https:\/\/www.lamarseillaise.fr\/politique\/les-elections-senatoriales-animent-la-rentree-politique-LF20619112\" target=\"_blank\">\u00e0 la liste concurrente \u00e0 droite, port\u00e9e par Ana\u00efs Hausmann, nouvelle adjointe au maire d\u2019Avignon,<\/a> Olivier Galzi (DVD), dont elle est la compagne. \u00ab<i>\u00a0<\/i><i>La liste du bon sens c\u2019est celle de Jean-Baptiste Blanc, un s\u00e9nateur exemplaire<\/i>\u00a0\u00bb, claironne G\u00e9rard Larcher, pr\u00e9sident du S\u00e9nat, en \u00e9cho au Bon sens des territoires, courant port\u00e9 par Olivier Galzi.<\/p>\n<p>Alors qu\u2019Ana\u00efs Hausmann entend \u00ab<i>\u00a0<\/i><i>ouvrir une nouvelle voie<\/i><i>\u00a0<\/i>\u00bb avec un \u00ab\u00a0<i>regard neuf<\/i><i>\u00a0<\/i>\u00bb, dans un esprit d\u2019addition plut\u00f4t que de division, G\u00e9rard Larcher fait remarquer \u00ab<i>\u00a0<\/i><i>qu\u2019avec la proportionnelle, on n\u2019additionne pas<\/i>\u00a0\u00bb. \u00ab<i>\u00a0<\/i><i>Elle incarne quelque chose de respectable et d\u2019int\u00e9ressant, mais pour cette \u00e9lection d\u2019\u00e9lus, ils attendent de l\u2019exp\u00e9rience et une grande connaissance du territoire, qui d\u00e9fend tout le Vaucluse dans sa ruralit\u00e9<\/i>\u00a0\u00bb, souligne Jean-Baptiste Blanc. Il est vrai qu\u2019Ana\u00efs Hausmann n\u2019a gu\u00e8re d\u2019ancrage local bien qu\u2019elle m\u00e8ne depuis deux mois une campagne de terrain tous azimuts.<\/p>\n<\/p><\/div>\n<div class=\"intext\"> Dominique Santoni<br \/>\n               <br \/>ne l\u00e2chera pas le Vaucluse\n              <\/div>\n<div class=\"paragraph\">\n<p>\u00ab\u00a0<i>Ce n\u2019est pas une \u00e9lection o\u00f9 l\u2019on d\u00e9couvre le territoire, l\u2019exp\u00e9rience est un atout<\/i>\u00a0\u00bb, ajoute Dominique Santoni, pr\u00e9sidente LR du D\u00e9partement, et 2<sup>e<\/sup>\u00a0de liste comme en 2020. Mais en cas d\u2019\u00e9lection, elle devra abandonner la pr\u00e9sidence. \u00ab<i>\u00a0<\/i><i>Quoiqu\u2019il advienne je resterai conseill\u00e8re d\u00e9partementale et prendrai la d\u00e9l\u00e9gation du budget, je garderai le lien avec les communes et continuerai \u00e0 les d\u00e9fendre ici et \u00e0 Paris car mon exp\u00e9rience permettra de faire bouger les choses<\/i><i>\u00a0<\/i>\u00bb, r\u00e9pond-elle. Sa candidature pourrait finalement \u00eatre contre productive pour Jean-Baptiste Blanc o\u00f9 des grands \u00e9lecteurs pr\u00e9f\u00e9reraient garder Dominique Santoni en pr\u00e9sidente, plut\u00f4t appr\u00e9ci\u00e9e localement des maires. \u00ab\u00a0<i>C\u2019est un discours flatteur que j\u2019entends mais je ne quitterai pas le Vaucluse<\/i><i>\u00a0<\/i><i>!<\/i><i>\u00a0<\/i>\u00bb, soutient-elle.<\/p>\n<p>Dans la d\u00e9monstration d\u2019une liste d\u2019exp\u00e9rience et de diversit\u00e9 territoriale, Pierre Gonzalvez, maire de L\u2019Isle-sur-la-Sorgue sera en 3<sup>e<\/sup>\u00a0position. \u00ab\u00a0<i>On a besoin de s\u00e9nateurs qui ne sont pas l\u00e0 pour recenser les besoins mais qui ont des id\u00e9es et des solutions<\/i>\u00a0\u00bb, appuie celui qui copr\u00e9side l\u2019association des maires de Vaucluse. Dominique Plancher, maire de Venasque, et Patrick Adrien, maire de Valr\u00e9as et conseiller r\u00e9gional compl\u00e8tent le casting. \u00ab\u00a0<i>J\u2019en appelle aussi \u00e0 l\u2019humilit\u00e9, il faudrait avoir eu 2-3<\/i><i>\u00a0<\/i><i>mandats locaux avant de pr\u00e9tendre \u00eatre s\u00e9nateur<\/i><i>\u00a0<\/i>\u00bb, juge Alain Milon, s\u00e9nateur LR sortant et non partant, pr\u00e9sident du comit\u00e9 de soutien de Jean-Baptiste Blanc. Le message vers Avignon est limpide.<\/p>\n<\/p><\/div>\n","protected":false},"excerpt":{"rendered":"&Ecirc;tre s&eacute;nateur, &ccedil;a ne s&rsquo;improvise pas. C&rsquo;est en substance le message distill&eacute;, jeudi soir &agrave; l&rsquo;H&ocirc;tel de ville de Gordes par Jean-Baptiste Blanc, s&eacute;nateur LR sortant et ses colistiers, &#8230;","protected":false},"author":1,"featured_media":40614,"comment_status":"open","ping_status":"open","sticky":false,"template":"","format":"standard","meta":{"footnotes":""},"categories":[918,3926,3925,330],"tags":[495,174,1628,948,206,642,3949,435,665,4914,1920,5195,137,171],"news-destination":[3944],"news-source":[475],"is_homepage":[],"ta_other":[],"class_list":["post-40613","post","type-post","status-publish","format-standard","has-post-thumbnail","hentry","category-accueil","category-accueil-merge","category-accueil-third","category-politique","tag-495","tag-avignon","tag-candidats","tag-diversite","tag-dominique-santoni","tag-droite","tag-gerard-larcher","tag-les-republicains","tag-lr","tag-olivier-galzi","tag-senat","tag-senatoriales","tag-territoire","tag-vaucluse","news-destination-homepage","news-source-website"],"_links":{"self":[{"href":"https:\/\/euapp01.newsmemory.com\/lamarseillaise\/news\/wp-json\/wp\/v2\/posts\/40613","targetHints":{"allow":["GET"]}}],"collection":[{"href":"https:\/\/euapp01.newsmemory.com\/lamarseillaise\/news\/wp-json\/wp\/v2\/posts"}],"about":[{"href":"https:\/\/euapp01.newsmemory.com\/lamarseillaise\/news\/wp-json\/wp\/v2\/types\/post"}],"author":[{"embeddable":true,"href":"https:\/\/euapp01.newsmemory.com\/lamarseillaise\/news\/wp-json\/wp\/v2\/users\/1"}],"replies":[{"embeddable":true,"href":"https:\/\/euapp01.newsmemory.com\/lamarseillaise\/news\/wp-json\/wp\/v2\/comments?post=40613"}],"version-history":[{"count":1,"href":"https:\/\/euapp01.newsmemory.com\/lamarseillaise\/news\/wp-json\/wp\/v2\/posts\/40613\/revisions"}],"predecessor-version":[{"id":40615,"href":"https:\/\/euapp01.newsmemory.com\/lamarseillaise\/news\/wp-json\/wp\/v2\/posts\/40613\/revisions\/40615"}],"wp:featuredmedia":[{"embeddable":true,"href":"https:\/\/euapp01.newsmemory.com\/lamarseillaise\/news\/wp-json\/wp\/v2\/media\/40614"}],"wp:attachment":[{"href":"https:\/\/euapp01.newsmemory.com\/lamarseillaise\/news\/wp-json\/wp\/v2\/media?parent=40613"}],"wp:term":[{"taxonomy":"category","embeddable":true,"href":"https:\/\/euapp01.newsmemory.com\/lamarseillaise\/news\/wp-json\/wp\/v2\/categories?post=40613"},{"taxonomy":"post_tag","embeddable":true,"href":"https:\/\/euapp01.newsmemory.com\/lamarseillaise\/news\/wp-json\/wp\/v2\/tags?post=40613"},{"taxonomy":"news-destination","embeddable":true,"href":"https:\/\/euapp01.newsmemory.com\/lamarseillaise\/news\/wp-json\/wp\/v2\/news-destination?post=40613"},{"taxonomy":"news-source","embeddable":true,"href":"https:\/\/euapp01.newsmemory.com\/lamarseillaise\/news\/wp-json\/wp\/v2\/news-source?post=40613"},{"taxonomy":"is_homepage","embeddable":true,"href":"https:\/\/euapp01.newsmemory.com\/lamarseillaise\/news\/wp-json\/wp\/v2\/is_homepage?post=40613"},{"taxonomy":"ta_other","embeddable":true,"href":"https:\/\/euapp01.newsmemory.com\/lamarseillaise\/news\/wp-json\/wp\/v2\/ta_other?post=40613"}],"curies":[{"name":"wp","href":"https:\/\/api.w.org\/{rel}","templated":true}]}}