{"id":40610,"date":"2026-08-28T08:03:00","date_gmt":"2026-08-28T06:03:00","guid":{"rendered":"https:\/\/euapp01.newsmemory.com\/lamarseillaise\/news\/?p=40610"},"modified":"2026-08-29T10:54:20","modified_gmt":"2026-08-29T08:54:20","slug":"changer-de-regard-sur-le-vivant-au-musee-museum-de-gap","status":"publish","type":"post","link":"https:\/\/euapp01.newsmemory.com\/lamarseillaise\/news\/2026\/08\/28\/changer-de-regard-sur-le-vivant-au-musee-museum-de-gap\/","title":{"rendered":"Changer de regard sur le vivant au Mus\u00e9e-Mus\u00e9um de Gap"},"content":{"rendered":"<div class=\"paragraph\">\n<p>Depuis d\u00e9but juin, une cinquantaine de dessins de l\u2019artiste Philippe Comar sont gratuitement visibles au sein du Mus\u00e9e mus\u00e9um D\u00e9partemental, \u00e0 Gap. Cet artiste, n\u00e9 en 1955, est principalement connu en tant que dessinateur, sp\u00e9cialis\u00e9 dans la repr\u00e9sentation de l\u2019anatomie humaine et animale, alliant \u00e0 la pr\u00e9cision et la rigueur scientifique, une virtuosit\u00e9 des formes et une v\u00e9ritable fascination pour le vivant.<\/p>\n<p>\u00c0 travers ses dessins, on d\u00e9couvre les animaux de la Grande Galerie de l\u2019\u00c9volution \u00e0 Paris, on adopte le point de vue d\u2019un poisson dans un aquarium qui voit les visiteurs le regarder, \u00e9bahis, de l\u2019autre c\u00f4t\u00e9 de la vitre, on d\u00e9couvre aussi la reproduction des pi\u00e8ces d\u2019anatomie humaine utilis\u00e9es dans les \u00e9tudes de m\u00e9decine et conserv\u00e9s dans les mus\u00e9es m\u00e9dicaux.<\/p>\n<p>\u00ab\u00a0<i>L\u2019id\u00e9e, c\u2019est d\u2019avoir l\u2019ambiance d\u2019un cabinet de curiosit\u00e9 dans la sc\u00e9nographie pour inciter \u00e0 \u00eatre plus curieux, \u00e0 avoir envie de d\u00e9couvrir des comportements animaux ou des enjeux environnementaux que l\u2019on va traiter par la suite dans l\u2019exposition &#8220;<\/i><i>Sauvage<\/i><i>&#8220;, qui ouvre le 5<\/i><i>\u00a0<\/i><i>novembre au mus\u00e9e<\/i>\u00a0\u00bb<i>,<\/i> annonce Agathe Frochot. Le Mus\u00e9e accueille en effet en novembre l\u2019exposition \u00ab\u00a0Sauvage\u00a0\u00bb, en collaboration avec le Mus\u00e9um d\u2019Histoire naturelle de Neuch\u00e2tel en Suisse, qui permettra de red\u00e9couvrir les collections scientifiques remani\u00e9es de Gap.<\/p>\n<p>Depuis l\u2019\u00e9t\u00e9\u00a02025, le Mus\u00e9e a par ailleurs cr\u00e9\u00e9 un nouvel espace permanent o\u00f9 sont expos\u00e9s \u00e0 la fois des animaux empaill\u00e9s et des peintures de paysage d\u2019artistes alpins, o\u00f9 l\u2019on voit l\u2019apparition puis l\u2019\u00e9volution de la repr\u00e9sentation de la Nature dans l\u2019art. Quant aux collections de taxidermie des sous-sols du Mus\u00e9e, elles seront \u00e9galement pr\u00e9sent\u00e9es dans un nouvel espace permanent intitul\u00e9 \u00ab\u00a0<i>Cohabiter, petite histoire de nos relations au vivant<\/i>\u00a0\u00bb, incluant une nouvelle mus\u00e9ographie p\u00e9dagogique.<\/p>\n<\/p><\/div>\n<div class=\"intext\"> Susciter la curiosit\u00e9<br \/>\n               <br \/>pour le vivant\n              <\/div>\n<div class=\"paragraph\">\n<p>\u00ab\u00a0<i>Depuis quelques ann\u00e9es on essaye de revaloriser les fonds scientifiques du Mus\u00e9um, dont la majorit\u00e9 sont reli\u00e9s \u00e0 l\u2019histoire naturelle. Jusqu\u2019\u00e0 pr\u00e9sent, ils \u00e9taient assez peu repr\u00e9sent\u00e9s dans le Mus\u00e9e. \u00c7a nous paraissait justifi\u00e9 de les ressortir, d\u2019autant qu\u2019on a des sp\u00e9cimens uniques mais aussi des sp\u00e9cimens qui repr\u00e9sentent vraiment nos \u00e9cosyst\u00e8mes de nos montagnes<\/i>\u00a0\u00bb, poursuit Agathe Frochot. La volont\u00e9 est d\u2019attiser la curiosit\u00e9 pour le vivant, si proche, surtout dans les Hautes-Alpes, mais qui a toujours de quoi surprendre. Le Mus\u00e9e travaille par exemple avec un malacologue (sp\u00e9cialiste des mollusques), du Parc National des \u00c9crins \u00e0 la valorisation de sa collection d\u2019escargots de montagne.<\/p>\n<p>\u00ab\u00a0<i>L\u2019id\u00e9e c\u2019est de cr\u00e9er plus de liens aussi avec l\u2019environnement qui nous entoure, avoir plus d\u2019envie d\u2019y aller, de le comprendre et de le respecter. De comprendre toutes les interd\u00e9pendances qui nous relient au monde naturel, <\/i>d\u00e9veloppe Agathe Frochot. <i>C\u2019est un sujet sur lesquels les Mus\u00e9um d\u2019Histoire Naturelle ont toujours travaill\u00e9 mais on ne peut pas s\u2019emp\u00eacher de penser qu\u2019avec les crises actuelles auxquelles on est confront\u00e9s, ce besoin de compr\u00e9hension est tr\u00e8s contemporain.<\/i>\u00a0\u00bb<\/p>\n<\/p><\/div>\n","protected":false},"excerpt":{"rendered":"Depuis d&eacute;but juin, une cinquantaine de dessins de l&rsquo;artiste Philippe Comar sont gratuitement visibles au sein du Mus&eacute;e mus&eacute;um D&eacute;partemental, &agrave; Gap. Cet artiste, n&eacute; en 1955, est principalement connu en &#8230;","protected":false},"author":1,"featured_media":40611,"comment_status":"open","ping_status":"open","sticky":false,"template":"","format":"standard","meta":{"footnotes":""},"categories":[918,3926,3925,32,5237,20],"tags":[4768,182,313,84,131,3406,279,1083,4468,6319,3356,153,2034,938,1058,353],"news-destination":[3944],"news-source":[475],"is_homepage":[],"ta_other":[],"class_list":["post-40610","post","type-post","status-publish","format-standard","has-post-thumbnail","hentry","category-accueil","category-accueil-merge","category-accueil-third","category-culture","category-locale","category-societe","tag-alpes","tag-animaux","tag-art","tag-biodiversite","tag-collections","tag-dessin","tag-exposition","tag-gratuit","tag-hautes-alpes","tag-histoire-naturelle","tag-monde-vivant","tag-musee","tag-musees","tag-nature","tag-science","tag-sciences","news-destination-homepage","news-source-website"],"_links":{"self":[{"href":"https:\/\/euapp01.newsmemory.com\/lamarseillaise\/news\/wp-json\/wp\/v2\/posts\/40610","targetHints":{"allow":["GET"]}}],"collection":[{"href":"https:\/\/euapp01.newsmemory.com\/lamarseillaise\/news\/wp-json\/wp\/v2\/posts"}],"about":[{"href":"https:\/\/euapp01.newsmemory.com\/lamarseillaise\/news\/wp-json\/wp\/v2\/types\/post"}],"author":[{"embeddable":true,"href":"https:\/\/euapp01.newsmemory.com\/lamarseillaise\/news\/wp-json\/wp\/v2\/users\/1"}],"replies":[{"embeddable":true,"href":"https:\/\/euapp01.newsmemory.com\/lamarseillaise\/news\/wp-json\/wp\/v2\/comments?post=40610"}],"version-history":[{"count":1,"href":"https:\/\/euapp01.newsmemory.com\/lamarseillaise\/news\/wp-json\/wp\/v2\/posts\/40610\/revisions"}],"predecessor-version":[{"id":40612,"href":"https:\/\/euapp01.newsmemory.com\/lamarseillaise\/news\/wp-json\/wp\/v2\/posts\/40610\/revisions\/40612"}],"wp:featuredmedia":[{"embeddable":true,"href":"https:\/\/euapp01.newsmemory.com\/lamarseillaise\/news\/wp-json\/wp\/v2\/media\/40611"}],"wp:attachment":[{"href":"https:\/\/euapp01.newsmemory.com\/lamarseillaise\/news\/wp-json\/wp\/v2\/media?parent=40610"}],"wp:term":[{"taxonomy":"category","embeddable":true,"href":"https:\/\/euapp01.newsmemory.com\/lamarseillaise\/news\/wp-json\/wp\/v2\/categories?post=40610"},{"taxonomy":"post_tag","embeddable":true,"href":"https:\/\/euapp01.newsmemory.com\/lamarseillaise\/news\/wp-json\/wp\/v2\/tags?post=40610"},{"taxonomy":"news-destination","embeddable":true,"href":"https:\/\/euapp01.newsmemory.com\/lamarseillaise\/news\/wp-json\/wp\/v2\/news-destination?post=40610"},{"taxonomy":"news-source","embeddable":true,"href":"https:\/\/euapp01.newsmemory.com\/lamarseillaise\/news\/wp-json\/wp\/v2\/news-source?post=40610"},{"taxonomy":"is_homepage","embeddable":true,"href":"https:\/\/euapp01.newsmemory.com\/lamarseillaise\/news\/wp-json\/wp\/v2\/is_homepage?post=40610"},{"taxonomy":"ta_other","embeddable":true,"href":"https:\/\/euapp01.newsmemory.com\/lamarseillaise\/news\/wp-json\/wp\/v2\/ta_other?post=40610"}],"curies":[{"name":"wp","href":"https:\/\/api.w.org\/{rel}","templated":true}]}}