{"id":40607,"date":"2026-08-28T07:34:00","date_gmt":"2026-08-28T05:34:00","guid":{"rendered":"https:\/\/euapp01.newsmemory.com\/lamarseillaise\/news\/?p=40607"},"modified":"2026-08-29T08:43:46","modified_gmt":"2026-08-29T06:43:46","slug":"la-liquidation-du-grand-prix-du-castellet-traine-encore","status":"publish","type":"post","link":"https:\/\/euapp01.newsmemory.com\/lamarseillaise\/news\/2026\/08\/28\/la-liquidation-du-grand-prix-du-castellet-traine-encore\/","title":{"rendered":"La liquidation du Grand prix du Castellet tra\u00eene encore"},"content":{"rendered":"<div class=\"paragraph\">\n<p>Plus de deux ans apr\u00e8s la dissolution, par un arr\u00eat\u00e9 pr\u00e9fectoral du 1<sup>er<\/sup>\u00a0mars 2024, du groupement d\u2019int\u00e9r\u00eat public (GIP) du Castellet, sa liquidation n\u2019est toujours pas achev\u00e9e. Ce mercredi, le GIP a donc de nouveau lanc\u00e9 un march\u00e9 public pour trouver un liquidateur judiciaire, apr\u00e8s d\u00e9j\u00e0 deux renouvellements successifs. Si l\u2019essentiel des actifs a \u00e9t\u00e9 c\u00e9d\u00e9, \u00ab\u00a0<i>une dette fournisseurs tr\u00e8s importante subsiste, dont le r\u00e8glement est conditionn\u00e9 au versement d\u2019avances par les collectivit\u00e9s membres des fonds n\u00e9cessaires<\/i><i>\u00a0<\/i>\u00bb, alerte le cahier des charges.<\/p>\n<p>Malgr\u00e9 un accord partiel, \u00ab\u00a0<i>des diff\u00e9rends existent au sein des membres du groupement qui n\u2019ont pas permis \u00e0 ce jour une extinction de la dette totale<\/i><i>\u00a0<\/i>\u00bb, alors m\u00eame que le taux des int\u00e9r\u00eats moratoires \u00ab\u00a0<i>ob\u00e8re la dette de fa\u00e7on tr\u00e8s significative chaque mois, rendant urgente une fin de liquidation<\/i><i>\u00a0<\/i>\u00bb. Des nombreux contentieux sont ainsi en cours, dont certains \u00ab\u00a0<i>engag\u00e9s par des membres du Groupement eux-m\u00eames<\/i><i>\u00a0<\/i>\u00bb &#8211; le D\u00e9partement du Var et la M\u00e9tropole de Toulon -, et s\u2019y ajoute un contr\u00f4le de TVA \u00e9galement en cours. Le 23\u00a0juin dernier, la chambre r\u00e9gionale des comptes avait \u00e9pingl\u00e9 sa gestion, avec 103\u00a0millions d\u2019euros de d\u00e9penses publiques pour organiser quatre \u00e9preuves de Formule\u00a01 \u00ab\u00a0<i>sans que les retomb\u00e9es \u00e9conomiques soient av\u00e9r\u00e9es<\/i><i>\u00a0<\/i>\u00bb.<\/p>\n<\/p><\/div>\n<div class=\"intext\"> \u00ab\u00a0Pouvoirs<br \/>\n               <br \/>les plus \u00e9tendus\u00a0\u00bb\n              <\/div>\n<div class=\"paragraph\">\n<p>Au 30\u00a0juin 2025, la dette de ce grand prix impuls\u00e9 en\u00a02017 par l\u2019ex-pr\u00e9sident du conseil r\u00e9gional Christian Estrosi (Hor.) s\u2019\u00e9levait \u00e0 35,7\u00a0millions d\u2019euros que doivent notamment \u00e9ponger la Chambre de commerce et d\u2019industrie du Var et les collectivit\u00e9s locales, mais aussi les M\u00e9tropoles de Nice et Aix-Marseille, le D\u00e9partement des Bouches-du-Rh\u00f4ne, la CCI r\u00e9gionale. \u00ab\u00a0<i>Le liquidateur sera investi des pouvoirs les plus \u00e9tendus<\/i><i>\u00a0<\/i>\u00bb, indique le cahier des charges, avec une mission d\u2019une dur\u00e9e pr\u00e9vue de neuf mois renouvelable deux mois.<\/p>\n<\/p><\/div>\n","protected":false},"excerpt":{"rendered":"Plus de deux ans apr&egrave;s la dissolution, par un arr&ecirc;t&eacute; pr&eacute;fectoral du 1er&nbsp;mars 2024, du groupement d&rsquo;int&eacute;r&ecirc;t public (GIP) du Castellet, sa liquidation n&rsquo;est toujours pas achev&eacute;e. Ce &#8230;","protected":false},"author":1,"featured_media":40608,"comment_status":"open","ping_status":"open","sticky":false,"template":"","format":"standard","meta":{"footnotes":""},"categories":[918,3926,3925,338,20,7],"tags":[2451,384,2155,591,3211,4174,208,891,5514,1176,1170,1574,671,1832,1131,222,4285,31],"news-destination":[3944],"news-source":[475],"is_homepage":[],"ta_other":[],"class_list":["post-40607","post","type-post","status-publish","format-standard","has-post-thumbnail","hentry","category-accueil","category-accueil-merge","category-accueil-third","category-economie","category-societe","category-sports","tag-alpes-maritimes","tag-automobile","tag-chambre-de-commerce-et-de-lindustrie","tag-chambre-regionale-des-comptes","tag-christian-estrosi","tag-circuit-automobile","tag-collectivites","tag-dette","tag-f1","tag-grand-prix","tag-le-castellet","tag-liquidation-judiciaire","tag-metropole-aix-marseille","tag-nice","tag-prefecture","tag-region-sud-paca","tag-toulon-provence-metropole","tag-var","news-destination-homepage","news-source-website"],"_links":{"self":[{"href":"https:\/\/euapp01.newsmemory.com\/lamarseillaise\/news\/wp-json\/wp\/v2\/posts\/40607","targetHints":{"allow":["GET"]}}],"collection":[{"href":"https:\/\/euapp01.newsmemory.com\/lamarseillaise\/news\/wp-json\/wp\/v2\/posts"}],"about":[{"href":"https:\/\/euapp01.newsmemory.com\/lamarseillaise\/news\/wp-json\/wp\/v2\/types\/post"}],"author":[{"embeddable":true,"href":"https:\/\/euapp01.newsmemory.com\/lamarseillaise\/news\/wp-json\/wp\/v2\/users\/1"}],"replies":[{"embeddable":true,"href":"https:\/\/euapp01.newsmemory.com\/lamarseillaise\/news\/wp-json\/wp\/v2\/comments?post=40607"}],"version-history":[{"count":1,"href":"https:\/\/euapp01.newsmemory.com\/lamarseillaise\/news\/wp-json\/wp\/v2\/posts\/40607\/revisions"}],"predecessor-version":[{"id":40609,"href":"https:\/\/euapp01.newsmemory.com\/lamarseillaise\/news\/wp-json\/wp\/v2\/posts\/40607\/revisions\/40609"}],"wp:featuredmedia":[{"embeddable":true,"href":"https:\/\/euapp01.newsmemory.com\/lamarseillaise\/news\/wp-json\/wp\/v2\/media\/40608"}],"wp:attachment":[{"href":"https:\/\/euapp01.newsmemory.com\/lamarseillaise\/news\/wp-json\/wp\/v2\/media?parent=40607"}],"wp:term":[{"taxonomy":"category","embeddable":true,"href":"https:\/\/euapp01.newsmemory.com\/lamarseillaise\/news\/wp-json\/wp\/v2\/categories?post=40607"},{"taxonomy":"post_tag","embeddable":true,"href":"https:\/\/euapp01.newsmemory.com\/lamarseillaise\/news\/wp-json\/wp\/v2\/tags?post=40607"},{"taxonomy":"news-destination","embeddable":true,"href":"https:\/\/euapp01.newsmemory.com\/lamarseillaise\/news\/wp-json\/wp\/v2\/news-destination?post=40607"},{"taxonomy":"news-source","embeddable":true,"href":"https:\/\/euapp01.newsmemory.com\/lamarseillaise\/news\/wp-json\/wp\/v2\/news-source?post=40607"},{"taxonomy":"is_homepage","embeddable":true,"href":"https:\/\/euapp01.newsmemory.com\/lamarseillaise\/news\/wp-json\/wp\/v2\/is_homepage?post=40607"},{"taxonomy":"ta_other","embeddable":true,"href":"https:\/\/euapp01.newsmemory.com\/lamarseillaise\/news\/wp-json\/wp\/v2\/ta_other?post=40607"}],"curies":[{"name":"wp","href":"https:\/\/api.w.org\/{rel}","templated":true}]}}