{"id":40604,"date":"2026-08-28T07:45:00","date_gmt":"2026-08-28T05:45:00","guid":{"rendered":"https:\/\/euapp01.newsmemory.com\/lamarseillaise\/news\/?p=40604"},"modified":"2026-08-29T08:43:46","modified_gmt":"2026-08-29T06:43:46","slug":"entretien-daniel-bretones-cgt-lindustrie-est-menacee-par-la-crise-et-la-financiarisation","status":"publish","type":"post","link":"https:\/\/euapp01.newsmemory.com\/lamarseillaise\/news\/2026\/08\/28\/entretien-daniel-bretones-cgt-lindustrie-est-menacee-par-la-crise-et-la-financiarisation\/","title":{"rendered":"[Entretien] Daniel Breton\u00e8s, CGT : \u00ab&nbsp;L\u2019industrie est menac\u00e9e par la crise et la financiarisation&nbsp;\u00bb"},"content":{"rendered":"<div class=\"paragraph\">\n<p><b>La Marseillaise :<\/b> <b>La rentr\u00e9e sociale va \u00eatre dense. Quelles sont les dates \u00e0 ne pas manquer<\/b><b>\u00a0<\/b><b>?<\/b><\/p>\n<p>D.B.\u00a0: Il va y avoir pas mal de journ\u00e9es d\u2019action\u00a0: le 15\u00a0septembre dans la sant\u00e9 et l\u2019\u00e9nergie, puis le 29\u00a0septembre dans la fonction publique. Dans notre p\u00e9rim\u00e8tre, on a l\u2019industrie qui est menac\u00e9e par la crise mais aussi par la financiarisation. Avec la F\u00e9d\u00e9ration de la Chimie et la Ville, on organise des assises de l\u2019industrie \u00e0 Martigues le 1<sup>er<\/sup>\u00a0octobre, parce que Kem One est tr\u00e8s menac\u00e9.<\/p>\n<p><b>Quelle est la probl\u00e9matique<\/b><b>\u00a0<\/b><b>?<\/b><\/p>\n<p>D.B.\u00a0: C\u2019est une entreprise qui est en difficult\u00e9s financi\u00e8res seulement \u00e0 cause de son montage financier. C\u2019est une LBO, donc un syst\u00e8me o\u00f9 l\u2019entreprise qui reprend fait payer le cr\u00e9dit qu\u2019elle a elle-m\u00eame engendr\u00e9 par le site lui-m\u00eame. Kem One a \u00e9t\u00e9 rachet\u00e9e en 2021 par le fonds de pension am\u00e9ricain Apollo quasiment sans dette. Pourtant, on parle aujourd\u2019hui de 700\u00a0millions d\u2019euros de dette, et ce sont les salari\u00e9s qui remboursent. Kem One fait plus de 60\u00a0millions de b\u00e9n\u00e9fices mais a un budget de fonctionnement (hors salaire et maintenance) qui est au-del\u00e0 de ce qu\u2019elle gagne. C\u2019est une gestion purement financi\u00e8re de l\u2019\u00e9conomie. La LBO mise en place par Maastricht sert juste \u00e0 engraisser la finance et \u00e0 d\u00e9truire notre industrie.<\/p>\n<p>Aujourd\u2019hui on craint une revente de Monarch Alternative Capital, qui a pris le contr\u00f4le de l\u2019entreprise en juin apr\u00e8s qu\u2019Apollo lui a c\u00e9d\u00e9. Le groupe Apollo accepte de s\u2019asseoir sur une partie de la dette, mais demande \u00e0 l\u2019\u00c9tat de compenser. Il y a une menace sur l\u2019emploi, il y a quand m\u00eame plus de 1\u00a0300\u00a0salari\u00e9s concern\u00e9s. C\u2019est un groupe qui a un impact important sur la France et qui est primordial pour l\u2019industrie. Il fait du PVC, du chlore et de la soude, qui est utilis\u00e9e dans les centrales nucl\u00e9aires et dont la production doit \u00eatre locale parce qu\u2019elle ne peut pas \u00eatre transport\u00e9e. Si Kem One tombe, aucun acteur en France ne sera capable de prendre le relais. C\u2019est aussi un des premiers clients de Naphta Chimie, de LyondellBasel \u00e0 Berre&#8230;<\/p>\n<p>Pour nous, il y a urgence de d\u00e9noncer ce genre de choses mais aussi proposer des solutions comme la nationalisation, ou un principe qui permet \u00e0 l\u2019\u00c9tat de devenir actionnaire quand il met de l\u2019argent. Quand Kem One \u00e9tait en redressement, l\u2019\u00c9tat a investi 300\u00a0millions d\u2019euros. Aujourd\u2019hui, il aurait pu \u00eatre gestionnaire de cette bo\u00eete.<\/p>\n<p><b>Quel regard portez-vous sur <br \/>la d\u00e9carbonation apr\u00e8s que <br \/>le Carbon, qui \u00e9tait pr\u00e9sent\u00e9 comme l\u2019une des locomotives, <br \/>a finalement \u00e9t\u00e9 abandonn\u00e9 ?<\/b><\/p>\n<p>D.B. : On met la lumi\u00e8re sur des projets qui n\u2019arrivent jamais. Tout tombe \u00e0 l\u2019eau pour la simple et bonne raison que l\u2019\u00c9tat fran\u00e7ais est cr\u00e9diteur et d\u00e9pendant des banques. \u00c0 l\u2019\u00e9poque, on empruntait \u00e0 la banque de France avec un taux d\u2019int\u00e9r\u00eat de 0, donc on ne payait pas de dette. Aujourd\u2019hui, si on veut une vraie planification \u00e9cologique ou industrielle, il faut sortir de la loi Pompidou-Giscard-Rothschild de 1973.<\/p>\n<p><b>Comment va se poursuivre la lutte pour le redimensionnement de l\u2019h\u00f4pital ?<\/b><\/p>\n<p>D.B. : On est tr\u00e8s inquiets, avec toutes les maladies professionnelles et les expositions, de savoir l\u2019\u00e9tat de l\u2019h\u00f4pital de Martigues. On se dit qu\u2019en cas d\u2019incident majeur, il n\u2019y aura pas de service de sant\u00e9 puisqu\u2019on est m\u00eame pas capables de g\u00e9rer des \u00e9pid\u00e9mies saisonni\u00e8res. Les soignants sont maltrait\u00e9s par l\u2019\u00c9tat, par leur direction, qui leur demande de travailler plus pour compenser le manque de personnel, mais aussi par les patients, qui sont en col\u00e8re. Et puis, on a un gros souci au niveau du respect du droit de gr\u00e8ve, avec des soignants qui sont syst\u00e9matiquement assign\u00e9s. On a d\u00e9j\u00e0 interpell\u00e9 la direction, les salari\u00e9s en ont marre, ils peuvent m\u00eame plus s\u2019exprimer. Jeudi prochain il y aura une assembl\u00e9e g\u00e9n\u00e9rale pour coordonner des journ\u00e9es de gr\u00e8ve, mais aussi pour interpeller la population, parce que c\u2019est notre h\u00f4pital \u00e0 tous en tant que citoyens. C\u2019est un bien commun.<\/p>\n<p><b>La campagne pour l\u2019\u00e9lection pr\u00e9sidentielle va aussi rythmer l\u2019ann\u00e9e. Comment pr\u00e9parez-vous cette \u00e9ch\u00e9ance ?<\/b><\/p>\n<p>D.B. : On a une r\u00e9flexion pour rentrer dans une campagne contre les id\u00e9es d\u2019extr\u00eame droite, que m\u00eame les politiques lib\u00e9raux r\u00e9cup\u00e8rent. Pour nous, le gros combat \u00e0 mener c\u2019est de faire comprendre que le RN ne s\u2019attaque pas qu\u2019aux \u00e9trangers mais aussi aux personnes handicap\u00e9es, aux services publics, \u00e0 l\u2019\u00e9cologie, aux salari\u00e9s&#8230; Les premi\u00e8res lois que passe l\u2019extr\u00eame droite au pouvoir c\u2019est pour r\u00e9former le droit du travail pour asservir les travailleurs. Parce que l\u2019extr\u00eame droite travaille pour le grand capital.<\/p>\n<\/p><\/div>\n","protected":false},"excerpt":{"rendered":"La Marseillaise : La rentr&eacute;e sociale va &ecirc;tre dense. Quelles sont les dates &agrave; ne pas manquer&nbsp;?","protected":false},"author":1,"featured_media":40605,"comment_status":"open","ping_status":"open","sticky":false,"template":"","format":"standard","meta":{"footnotes":""},"categories":[918,3926,3925,331],"tags":[3270,10,113,485,4119,1809,343,184,1531,1501,624,5152,63,3384,677,607,1483,484,1530,910],"news-destination":[3944],"news-source":[475],"is_homepage":[],"ta_other":[],"class_list":["post-40604","post","type-post","status-publish","format-standard","has-post-thumbnail","hentry","category-accueil","category-accueil-merge","category-accueil-third","category-social","tag-banque-de-france","tag-bouches-du-rhone","tag-cgt","tag-decarbonation","tag-droit-de-greve","tag-droit-du-travail","tag-entretien","tag-finance","tag-fonction-publique","tag-hopital","tag-industrie","tag-kem-one","tag-martigues","tag-nationalisation","tag-presidentielle","tag-rentree-sociale","tag-secretaire-general","tag-services-publics","tag-soignants","tag-travailleurs","news-destination-homepage","news-source-website"],"_links":{"self":[{"href":"https:\/\/euapp01.newsmemory.com\/lamarseillaise\/news\/wp-json\/wp\/v2\/posts\/40604","targetHints":{"allow":["GET"]}}],"collection":[{"href":"https:\/\/euapp01.newsmemory.com\/lamarseillaise\/news\/wp-json\/wp\/v2\/posts"}],"about":[{"href":"https:\/\/euapp01.newsmemory.com\/lamarseillaise\/news\/wp-json\/wp\/v2\/types\/post"}],"author":[{"embeddable":true,"href":"https:\/\/euapp01.newsmemory.com\/lamarseillaise\/news\/wp-json\/wp\/v2\/users\/1"}],"replies":[{"embeddable":true,"href":"https:\/\/euapp01.newsmemory.com\/lamarseillaise\/news\/wp-json\/wp\/v2\/comments?post=40604"}],"version-history":[{"count":1,"href":"https:\/\/euapp01.newsmemory.com\/lamarseillaise\/news\/wp-json\/wp\/v2\/posts\/40604\/revisions"}],"predecessor-version":[{"id":40606,"href":"https:\/\/euapp01.newsmemory.com\/lamarseillaise\/news\/wp-json\/wp\/v2\/posts\/40604\/revisions\/40606"}],"wp:featuredmedia":[{"embeddable":true,"href":"https:\/\/euapp01.newsmemory.com\/lamarseillaise\/news\/wp-json\/wp\/v2\/media\/40605"}],"wp:attachment":[{"href":"https:\/\/euapp01.newsmemory.com\/lamarseillaise\/news\/wp-json\/wp\/v2\/media?parent=40604"}],"wp:term":[{"taxonomy":"category","embeddable":true,"href":"https:\/\/euapp01.newsmemory.com\/lamarseillaise\/news\/wp-json\/wp\/v2\/categories?post=40604"},{"taxonomy":"post_tag","embeddable":true,"href":"https:\/\/euapp01.newsmemory.com\/lamarseillaise\/news\/wp-json\/wp\/v2\/tags?post=40604"},{"taxonomy":"news-destination","embeddable":true,"href":"https:\/\/euapp01.newsmemory.com\/lamarseillaise\/news\/wp-json\/wp\/v2\/news-destination?post=40604"},{"taxonomy":"news-source","embeddable":true,"href":"https:\/\/euapp01.newsmemory.com\/lamarseillaise\/news\/wp-json\/wp\/v2\/news-source?post=40604"},{"taxonomy":"is_homepage","embeddable":true,"href":"https:\/\/euapp01.newsmemory.com\/lamarseillaise\/news\/wp-json\/wp\/v2\/is_homepage?post=40604"},{"taxonomy":"ta_other","embeddable":true,"href":"https:\/\/euapp01.newsmemory.com\/lamarseillaise\/news\/wp-json\/wp\/v2\/ta_other?post=40604"}],"curies":[{"name":"wp","href":"https:\/\/api.w.org\/{rel}","templated":true}]}}