{"id":40598,"date":"2026-08-28T07:49:00","date_gmt":"2026-08-28T05:49:00","guid":{"rendered":"https:\/\/euapp01.newsmemory.com\/lamarseillaise\/news\/?p=40598"},"modified":"2026-08-30T12:49:33","modified_gmt":"2026-08-30T10:49:33","slug":"un-devoir-de-memoire-tout-en-acrobaties-pour-le-rn","status":"publish","type":"post","link":"https:\/\/euapp01.newsmemory.com\/lamarseillaise\/news\/2026\/08\/28\/un-devoir-de-memoire-tout-en-acrobaties-pour-le-rn\/","title":{"rendered":"Un devoir de m\u00e9moire tout en acrobaties pour le RN"},"content":{"rendered":"<div class=\"paragraph\">\n<p>\u00ab <i>S<\/i><i>e souvenir de la Lib\u00e9ration, c\u2019est aussi se souvenir de celles et ceux qui ont r\u00e9sist<\/i>\u00e9\u00a0\u00bb, affirme avec force l\u2019\u00e9lu d\u2019opposition du groupe Alternative Progressiste C\u00e9dric Turco (PCF), histoire de ne pas laisser la parole au seul maire d\u2019extr\u00eame droite de la deuxi\u00e8me ville du Var Dorian Munoz (RN). Ce dernier dont le parti est l\u2019h\u00e9ritier de celui fond\u00e9 par d\u2019anciens Waffen SS et Jean-Marie Le\u00a0Pen, a sans scrupule \u00e9voqu\u00e9 le Conseil national de la R\u00e9sistance, et dans sa lanc\u00e9e a salu\u00e9, sans la nommer bien s\u00fbr, la r\u00e9sistance communiste et c\u00e9g\u00e9tiste et leurs h\u00e9ros seynois, en citant entre autres Louis Puccini et Marius Traversa ou encore Michel Garcia.<\/p>\n<p>\u00ab\u00a0<i>Des Seynoises et des Seynois ont refus\u00e9 de se soumettre. Parmi eux, les ouvriers des Chantiers navals ont jou\u00e9 un r\u00f4le majeur. Dans une ville profond\u00e9ment ouvri\u00e8re, ils ont r\u00e9sist\u00e9, par les gr\u00e8ves, les sabotages et leur refus de participer \u00e0 l\u2019effort de guerre allemand. Ils ont pay\u00e9 leur engagement au prix fort<\/i><i>\u00a0<\/i>\u00bb, rappelle l\u2019\u00e9lu d\u2019opposition de gauche.<\/p>\n<p>Le groupe explique qu\u2019une comm\u00e9moration de la Lib\u00e9ration ne peut se r\u00e9duire \u00e0 une prise de parole institutionnelle de la mairie. Et de pr\u00e9ciser\u00a0: \u00ab\u00a0<i>Le devoir de m\u00e9moire appartient \u00e0 toutes et tous, et particuli\u00e8rement \u00e0 celles et ceux qui, depuis des d\u00e9cennies, \u0153uvrent \u00e0 faire vivre l\u2019histoire de la R\u00e9sistance et du combat contre le fascisme<\/i>.\u00a0\u00bb<\/p>\n<\/p><\/div>\n<div class=\"intext\"> L\u2019Anacr priv\u00e9e de micro\n              <\/div>\n<div class=\"paragraph\">\n<p>Alternative progressiste d\u00e9plore par cons\u00e9quent que l\u2019Association nationale des anciens combattants et amis de la R\u00e9sistance (Anacr) n\u2019ait pas pu prendre la parole pendant la c\u00e9r\u00e9monie alors qu\u2019elle l\u2019avait demand\u00e9e &#8211;\u00a0le maire ayant fallacieusement pr\u00e9text\u00e9 qu\u2019il y avait d\u00e9j\u00e0 trop d\u2019intervenants programm\u00e9s.<\/p>\n<p>La gauche salue en revanche la participation des coll\u00e9giens ainsi que celle des jeunes du Conseil municipal, \u00ab\u00a0<i>dont la pr\u00e9sence et l\u2019engagement sont essentiels pour transmettre cette m\u00e9moire<\/i>\u00a0\u00bb.<\/p>\n<p>\u00c0 La\u00a0Seyne, il est une r\u00e9alit\u00e9 que m\u00eame l\u2019extr\u00eame droite ne peut d\u00e9voyer, et une m\u00e9moire indissociable de son histoire populaire et ouvri\u00e8re, de l\u2019histoire de ses Chantiers et de toutes celles et ceux qui, au p\u00e9ril de leur vie, ont contribu\u00e9 \u00e0 combattre l\u2019occupant. Qu\u2019on se le dise.<\/p>\n<\/p><\/div>\n<div class=\"paragraph\">\n<p><b>\u00c0 La Garde, le RN tente de r\u00e9cup\u00e9rer l\u2019hommage aux lib\u00e9rateurs<\/b><\/p>\n<p>Ici, bien que la municipalit\u00e9 n\u2019ait pas bascul\u00e9 dans le camp de l\u2019extr\u00eame droite son candidat Nicolas Salsou est venu d\u00e9poser une gerbe en compagnie du d\u00e9put\u00e9 RN lors de la comm\u00e9moration de la lib\u00e9ration de la ville. \u00ab <i>La m\u00e9moire de la Lib\u00e9ration doit rester une m\u00e9moire de combat contre le nazisme, le fascisme et la collaboration <\/i>\u00bb, s\u2019indigne le conseiller municipal d\u2019opposition Filippo Signorino Gelo (PCF). \u00ab <i>Les comm\u00e9morations doivent demeurer des moments de rassemblement r\u00e9publicain autour des valeurs de la R\u00e9publique, de la libert\u00e9 et de la d\u00e9mocratie <\/i>\u00bb, insiste-t-il en d\u00e9non\u00e7ant la r\u00e9cup\u00e9ration politique et l\u2019iniquit\u00e9. Et de conclure : \u00ab <i>\u00c0 La Garde, comme partout en France, la Lib\u00e9ration est aussi l\u2019h\u00e9ritage de celles et ceux qui ont combattu dans la R\u00e9sistance, souvent au p\u00e9ril de leur vie. Les communistes y ont pris toute leur part. Je refuse simplement que leur r\u00f4le soit effac\u00e9<\/i> \u00bb. T.T.<\/p>\n<\/p><\/div>\n","protected":false},"excerpt":{"rendered":"&laquo; Se souvenir de la Lib&eacute;ration, c&rsquo;est aussi se souvenir de celles et ceux qui ont r&eacute;sist&eacute;&nbsp;&raquo;, affirme avec force l&rsquo;&eacute;lu d&rsquo;opposition du groupe Alternative Progressiste C&eacute;dric Turco &#8230;","protected":false},"author":1,"featured_media":40599,"comment_status":"open","ping_status":"open","sticky":false,"template":"","format":"standard","meta":{"footnotes":""},"categories":[918,3926,3925,330,20],"tags":[114,3325,148,618,1929,280,59,350,398,1647,920,5199,4169,2352,250,544,439,31],"news-destination":[3944],"news-source":[475],"is_homepage":[],"ta_other":[],"class_list":["post-40598","post","type-post","status-publish","format-standard","has-post-thumbnail","hentry","category-accueil","category-accueil-merge","category-accueil-third","category-politique","category-societe","tag-chantier-naval","tag-commemoration","tag-conseil-municipal","tag-devoir-de-memoire","tag-fascisme","tag-histoire","tag-jeunes","tag-la-garde","tag-la-seyne-sur-mer","tag-liberation","tag-memoire","tag-memoire-ouvriere","tag-nazis","tag-ouvriers","tag-pcf","tag-rassemblement-national","tag-rn","tag-var","news-destination-homepage","news-source-website"],"_links":{"self":[{"href":"https:\/\/euapp01.newsmemory.com\/lamarseillaise\/news\/wp-json\/wp\/v2\/posts\/40598","targetHints":{"allow":["GET"]}}],"collection":[{"href":"https:\/\/euapp01.newsmemory.com\/lamarseillaise\/news\/wp-json\/wp\/v2\/posts"}],"about":[{"href":"https:\/\/euapp01.newsmemory.com\/lamarseillaise\/news\/wp-json\/wp\/v2\/types\/post"}],"author":[{"embeddable":true,"href":"https:\/\/euapp01.newsmemory.com\/lamarseillaise\/news\/wp-json\/wp\/v2\/users\/1"}],"replies":[{"embeddable":true,"href":"https:\/\/euapp01.newsmemory.com\/lamarseillaise\/news\/wp-json\/wp\/v2\/comments?post=40598"}],"version-history":[{"count":1,"href":"https:\/\/euapp01.newsmemory.com\/lamarseillaise\/news\/wp-json\/wp\/v2\/posts\/40598\/revisions"}],"predecessor-version":[{"id":40600,"href":"https:\/\/euapp01.newsmemory.com\/lamarseillaise\/news\/wp-json\/wp\/v2\/posts\/40598\/revisions\/40600"}],"wp:featuredmedia":[{"embeddable":true,"href":"https:\/\/euapp01.newsmemory.com\/lamarseillaise\/news\/wp-json\/wp\/v2\/media\/40599"}],"wp:attachment":[{"href":"https:\/\/euapp01.newsmemory.com\/lamarseillaise\/news\/wp-json\/wp\/v2\/media?parent=40598"}],"wp:term":[{"taxonomy":"category","embeddable":true,"href":"https:\/\/euapp01.newsmemory.com\/lamarseillaise\/news\/wp-json\/wp\/v2\/categories?post=40598"},{"taxonomy":"post_tag","embeddable":true,"href":"https:\/\/euapp01.newsmemory.com\/lamarseillaise\/news\/wp-json\/wp\/v2\/tags?post=40598"},{"taxonomy":"news-destination","embeddable":true,"href":"https:\/\/euapp01.newsmemory.com\/lamarseillaise\/news\/wp-json\/wp\/v2\/news-destination?post=40598"},{"taxonomy":"news-source","embeddable":true,"href":"https:\/\/euapp01.newsmemory.com\/lamarseillaise\/news\/wp-json\/wp\/v2\/news-source?post=40598"},{"taxonomy":"is_homepage","embeddable":true,"href":"https:\/\/euapp01.newsmemory.com\/lamarseillaise\/news\/wp-json\/wp\/v2\/is_homepage?post=40598"},{"taxonomy":"ta_other","embeddable":true,"href":"https:\/\/euapp01.newsmemory.com\/lamarseillaise\/news\/wp-json\/wp\/v2\/ta_other?post=40598"}],"curies":[{"name":"wp","href":"https:\/\/api.w.org\/{rel}","templated":true}]}}