{"id":40592,"date":"2026-08-28T07:27:00","date_gmt":"2026-08-28T05:27:00","guid":{"rendered":"https:\/\/euapp01.newsmemory.com\/lamarseillaise\/news\/?p=40592"},"modified":"2026-08-29T08:43:46","modified_gmt":"2026-08-29T06:43:46","slug":"stephane-le-rudulier-ira-t-il-jusquau-bout","status":"publish","type":"post","link":"https:\/\/euapp01.newsmemory.com\/lamarseillaise\/news\/2026\/08\/28\/stephane-le-rudulier-ira-t-il-jusquau-bout\/","title":{"rendered":"[S\u00e9natoriales] St\u00e9phane Le&nbsp;Rudulier ira-t-il jusqu\u2019au bout&nbsp;?"},"content":{"rendered":"<div class=\"paragraph\">\n<p>Il est vrai que dans les Bouches-du-Rh\u00f4ne, la droite et le centre ne manquent pas de candidats. Il y a la liste soutenue par le pr\u00e9sident du S\u00e9nat G\u00e9rard Larcher conduite par le tandem Brigitte Dev\u00e9sa (UDI)-Renaud Muselier (Renaissance). Celle du maire LR de Gardanne, Herv\u00e9 Granier et celle de la sortante LR Val\u00e9rie Boyer.<\/p>\n<p>Officiellement toujours en lice, St\u00e9phane Le\u00a0Rudulier (ex-LR) s\u2019\u00e9tait d\u00e9clar\u00e9 candidat d\u00e9but juillet. Mais alors que le scrutin pr\u00e9vu le 27\u00a0septembre approche, il semble avoir quitt\u00e9 les radars des grands \u00e9lecteurs. \u00ab\u00a0<i>On ne le voit pas sur le terrain, il n\u2019a pas de noms pour sa liste, il n\u2019ira pas au bout<\/i><i>\u00a0<\/i>\u00bb, glisse un membre d\u2019une \u00e9quipe de campagne concurrente pour qui \u00ab\u00a0<i>il a du mal \u00e0 se d\u00e9p\u00eatrer de ses affaires<\/i><i>\u00a0<\/i>\u00bb.<\/p>\n<p>St\u00e9phane Le\u00a0Rudulier est en effet vis\u00e9, avec Sylvie Miceli-Houdais qui a pris sa rel\u00e8ve \u00e0 la mairie de Rognac, par une enqu\u00eate pr\u00e9liminaire pour d\u00e9tournements de fonds publics par le parquet d\u2019Aix ouverte en 2024. Il est aussi l\u2019objet d\u2019une plainte pour \u00ab\u00a0<i>violences volontaires<\/i><i>\u00a0<\/i>\u00bb d\u00e9pos\u00e9e par sa successeure. Depuis la mairie est tomb\u00e9e aux mains du RN.<\/p>\n<p>S\u2019il ne poursuit pas seul, St\u00e9phane Le\u00a0Rudulier peut-il rallier une liste\u00a0? Celle de Brigitte Dev\u00e9sa et Renaud Muselier est d\u00e9j\u00e0 compl\u00e8te. Chez Val\u00e9rie Boyer on ne l\u2019imagine pas sur la liste mais on ne serait pas contre un appel \u00e0 voter.<\/p>\n<p>Le s\u00e9nateur sortant dont la campagne est tr\u00e8s discr\u00e8te n\u2019a pas donn\u00e9 suite \u00e0 nos sollicitations. Un indice\u00a0?<\/p>\n<\/p><\/div>\n","protected":false},"excerpt":{"rendered":"Il est vrai que dans les Bouches-du-Rh&ocirc;ne, la droite et le centre ne manquent pas de candidats. Il y a la liste soutenue par le pr&eacute;sident du S&eacute;nat G&eacute;rard Larcher conduite par le tandem Brigitte Dev&eacute;sa (UDI)-Renaud &#8230;","protected":false},"author":1,"featured_media":40593,"comment_status":"open","ping_status":"open","sticky":false,"template":"","format":"standard","meta":{"footnotes":""},"categories":[918,3926,3925,330],"tags":[10,5495,789,1628,145,2879,642,433,1276,3949,708,439,588,1920,1033,5195,589,792,710,272],"news-destination":[3944],"news-source":[475],"is_homepage":[],"ta_other":[],"class_list":["post-40592","post","type-post","status-publish","format-standard","has-post-thumbnail","hentry","category-accueil","category-accueil-merge","category-accueil-third","category-politique","tag-bouches-du-rhone","tag-brigitte-devesa","tag-campagne-electorale","tag-candidats","tag-centre","tag-detournement-de-fonds","tag-droite","tag-elections","tag-enquete","tag-gerard-larcher","tag-renaud-muselier","tag-rn","tag-rognac","tag-senat","tag-senateurs","tag-senatoriales","tag-stephane-le-rudulier","tag-sylvie-miceli-houdais","tag-valerie-boyer","tag-violences","news-destination-homepage","news-source-website"],"_links":{"self":[{"href":"https:\/\/euapp01.newsmemory.com\/lamarseillaise\/news\/wp-json\/wp\/v2\/posts\/40592","targetHints":{"allow":["GET"]}}],"collection":[{"href":"https:\/\/euapp01.newsmemory.com\/lamarseillaise\/news\/wp-json\/wp\/v2\/posts"}],"about":[{"href":"https:\/\/euapp01.newsmemory.com\/lamarseillaise\/news\/wp-json\/wp\/v2\/types\/post"}],"author":[{"embeddable":true,"href":"https:\/\/euapp01.newsmemory.com\/lamarseillaise\/news\/wp-json\/wp\/v2\/users\/1"}],"replies":[{"embeddable":true,"href":"https:\/\/euapp01.newsmemory.com\/lamarseillaise\/news\/wp-json\/wp\/v2\/comments?post=40592"}],"version-history":[{"count":2,"href":"https:\/\/euapp01.newsmemory.com\/lamarseillaise\/news\/wp-json\/wp\/v2\/posts\/40592\/revisions"}],"predecessor-version":[{"id":40667,"href":"https:\/\/euapp01.newsmemory.com\/lamarseillaise\/news\/wp-json\/wp\/v2\/posts\/40592\/revisions\/40667"}],"wp:featuredmedia":[{"embeddable":true,"href":"https:\/\/euapp01.newsmemory.com\/lamarseillaise\/news\/wp-json\/wp\/v2\/media\/40593"}],"wp:attachment":[{"href":"https:\/\/euapp01.newsmemory.com\/lamarseillaise\/news\/wp-json\/wp\/v2\/media?parent=40592"}],"wp:term":[{"taxonomy":"category","embeddable":true,"href":"https:\/\/euapp01.newsmemory.com\/lamarseillaise\/news\/wp-json\/wp\/v2\/categories?post=40592"},{"taxonomy":"post_tag","embeddable":true,"href":"https:\/\/euapp01.newsmemory.com\/lamarseillaise\/news\/wp-json\/wp\/v2\/tags?post=40592"},{"taxonomy":"news-destination","embeddable":true,"href":"https:\/\/euapp01.newsmemory.com\/lamarseillaise\/news\/wp-json\/wp\/v2\/news-destination?post=40592"},{"taxonomy":"news-source","embeddable":true,"href":"https:\/\/euapp01.newsmemory.com\/lamarseillaise\/news\/wp-json\/wp\/v2\/news-source?post=40592"},{"taxonomy":"is_homepage","embeddable":true,"href":"https:\/\/euapp01.newsmemory.com\/lamarseillaise\/news\/wp-json\/wp\/v2\/is_homepage?post=40592"},{"taxonomy":"ta_other","embeddable":true,"href":"https:\/\/euapp01.newsmemory.com\/lamarseillaise\/news\/wp-json\/wp\/v2\/ta_other?post=40592"}],"curies":[{"name":"wp","href":"https:\/\/api.w.org\/{rel}","templated":true}]}}