{"id":40589,"date":"2026-08-28T07:25:00","date_gmt":"2026-08-28T05:25:00","guid":{"rendered":"https:\/\/euapp01.newsmemory.com\/lamarseillaise\/news\/?p=40589"},"modified":"2026-08-29T08:43:46","modified_gmt":"2026-08-29T06:43:46","slug":"a-saint-menet-les-minots-des-mecs-font-le-cirque","status":"publish","type":"post","link":"https:\/\/euapp01.newsmemory.com\/lamarseillaise\/news\/2026\/08\/28\/a-saint-menet-les-minots-des-mecs-font-le-cirque\/","title":{"rendered":"\u00c0 Saint-Menet, les minots des Mecs font le cirque"},"content":{"rendered":"<div class=\"paragraph\">\n<p>\u00ab <i>J<\/i><i>e suis l\u2019\u00e9toile de la Reynarde<\/i><i>\u00a0<\/i><i>!<\/i><i>\u00a0<\/i>\u00bb s\u2019\u00e9crie Kylian en s\u2019\u00e9lan\u00e7ant sur le trap\u00e8ze, bras \u00e9cart\u00e9s et t\u00eate en bas. Un des cinq ateliers d\u00e9ploy\u00e9s par la Fondation culture et diversit\u00e9, le Centre international des arts en mouvement (Ciam) et l\u2019Association m\u00e9dicosociale de Provence (AMSP) dans le parc du ch\u00e2teau de la Mecs \u00e0 Saint Menet, dans le 11<sup>e<\/sup>\u00a0arrondissement.<\/p>\n<p>\u00ab\u00a0<i>C\u2019est un projet artistique et sportif qui s\u2019\u00e9tend sur deux ans, avec une succession d\u2019ateliers de m\u00e9diation culturelle, de stages de cirque, pour tous les enfants qui y participent, de 5<\/i><i>\u00a0<\/i><i>\u00e0 18<\/i><i>\u00a0<\/i><i>ans<\/i>\u00a0\u00bb, explique Valentine Bellone, responsable p\u00e9dagogique du Ciam, \u00ab\u00a0<i>on va m\u00eame les emmener au spectacle pour les festivals Jours et Nuits de cirques et Nuits du Magic&#8230;<\/i><i>\u00a0<\/i>\u00bb. La Fondation culture et diversit\u00e9, qui \u0153uvre depuis vingt ans en faveur de l\u2019\u00e9galit\u00e9 des chances par l\u2019acc\u00e8s aux arts et \u00e0 la culture, lan\u00e7ait ces 27\u00a0et 28\u00a0ao\u00fbt dans les Bouches-du-Rh\u00f4ne son programme Arts, cultures et publics en Mecs. \u00ab\u00a0<i>On avait connaissance de cette exp\u00e9rience men\u00e9e dans le Nord, on s\u2019est dit qu\u2019on allait la reproduire ici, en plus grand<\/i>\u00a0\u00bb, s\u2019enthousiasme Valentine Bellone au milieu des dizaines d\u2019enfants qui se familiarisent au jonglage, \u00e0 la voltige ou \u00e0 l\u2019\u00e9quilibrisme encadr\u00e9 par les animateurs circassiens et \u00e9ducateurs sociaux.<\/p>\n<\/p><\/div>\n<div class=\"intext\"> \u00ab\u00a0J\u2019ai pris la confiance\u00a0\u00bb\n              <\/div>\n<div class=\"paragraph\">\n<p>Sur le c\u00e2ble de fer tendu \u00e0 trente centim\u00e8tres du sol, Liam, 9\u00a0ans, \u00ab<i>\u00a0<\/i><i>bient\u00f4t en CM2<\/i><i>\u00a0<\/i>\u00bb, tente d\u2019avancer sans perdre l\u2019\u00e9quilibre. \u00ab\u00a0<i>J\u2019ai pas peur de glisser et de tomber, \u00e7a m\u2019arrive tout le temps<\/i><i>\u00a0<\/i>\u00bb, l\u00e2che-t-il, fier du m\u00e8tre parcouru. \u00ab\u00a0<i>Les arts du cirque sont un vecteur extraordinaire pour le d\u00e9veloppement<\/i>, atteste Valentine, <i>pour la motricit\u00e9, la gestion des \u00e9motions, l\u2019esprit de coop\u00e9ration, le respect des r\u00e8gles<\/i><i>\u00a0<\/i>\u00bb. Ou la prise de risque ma\u00eetris\u00e9e. Comme pour Samra, 13\u00a0ans, perch\u00e9e sur le grand trap\u00e8ze \u00e0 quelque m\u00e8tre du sol, en fait l\u2019exp\u00e9rience. Rapidement \u00e0 l\u2019aise, elle s\u2019\u00e9l\u00e8ve dans l\u2019air et ex\u00e9cute une figure \u00e9l\u00e9gante. \u00ab\u00a0<i>Je fais de la danse<\/i>\u00a0\u00bb, avoue-t-elle. Elle appr\u00e9hendait cependant cette premi\u00e8re exp\u00e9rience de voltige \u00ab<i>\u00a0<\/i><i>\u00e0 cause de la hauteur<\/i><i>\u00a0<\/i>\u00bb. L\u2019adolescente en ressort gris\u00e9e par la sensation de libert\u00e9\u00a0: \u00ab\u00a0<i>apr\u00e8s, j\u2019ai pris la confiance et quand on se l\u00e2che, avec l\u2019\u00e9lan c\u2019est trop bien<\/i>\u00a0\u00bb.<\/p>\n<p>Plus loin, Louis, intervenant du Ciam, donne des conseils pour manier le diabolo \u00e0 Youn\u00e8s, 17\u00a0ans, qui pr\u00e9f\u00e8re rester au sol\u00a0: \u00ab<i>\u00a0<\/i><i>je n\u2019aime pas trop la hauteur<\/i><i>\u00a0<\/i>\u00bb. Evan quant \u00e0 lui, n\u2019en revient pas de son exploit\u00a0: \u00ab<i>\u00a0<\/i><i>j\u2019ai march\u00e9 sur le fil<\/i><i>\u00a0<\/i><i>! Pourtant j\u2019ai peur quand c\u2019est dangereux, mais ils m\u2019ont motiv\u00e9<\/i>\u00a0\u00bb. Dans un groupe de petits, il faudra \u00e0 Louis plut\u00f4t remettre en face de la r\u00e9alit\u00e9 les pr\u00e9tentions de deux minots qui pensent savoir \u00ab<i>\u00a0<\/i><i>d\u00e9j\u00e0 jongler avec trois balles<\/i><i>\u00a0<\/i>\u00bb, au regard de la ma\u00eetrise qu\u2019ils ont d\u2019une seule. La concentration sera de mise. D\u00e9couverte, sensibilisation, exaltation, mais aussi un temps calme avec l\u2019atelier du mus\u00e9e num\u00e9rique cr\u00e9\u00e9 par La\u00a0Villette install\u00e9 dans une des salles du ch\u00e2teau. Des tables d\u2019\u00e9colier, une projection sur \u00e9cran et des tablettes devant eux, les enfants sont invit\u00e9s \u00e0 entrer dans l\u2019univers des collections des mus\u00e9es nationaux en \u00ab\u00a0likant\u00a0\u00bb des images.<\/p>\n<p>Mickael Roman, directeur des deux mecs de l\u2019Amsp fait le tour des ateliers un sourire aux l\u00e8vres. Il ne cache pas son bonheur d\u2019assister \u00e0 ces parenth\u00e8ses magiques dans les parcours marqu\u00e9s par les ruptures et fragilit\u00e9s multiples des petits et des ados qu\u2019il accueille sur les sites de Saint-Menet et de l\u2019Arbois\u00a0: \u00ab\u00a0<i>Sans l\u2019aide de la Fondation, on n\u2019a pas les moyens de financer ce type de projets, pourtant essentiel<\/i><i>\u00a0<\/i>\u00bb. Qui pourrait m\u00eame cr\u00e9er des vocations.<\/p>\n<\/p><\/div>\n","protected":false},"excerpt":{"rendered":"&laquo; Je suis l&rsquo;&eacute;toile de la Reynarde&nbsp;!&nbsp;&raquo; s&rsquo;&eacute;crie Kylian en s&rsquo;&eacute;lan&ccedil;ant sur le trap&egrave;ze, bras &eacute;cart&eacute;s et t&ecirc;te en bas. Un des cinq ateliers &#8230;","protected":false},"author":1,"featured_media":40590,"comment_status":"open","ping_status":"open","sticky":false,"template":"","format":"standard","meta":{"footnotes":""},"categories":[918,3926,3925,20],"tags":[2012,1059,2927,10,2345,1753,57,163,16,1750,141,529],"news-destination":[3944],"news-source":[475],"is_homepage":[],"ta_other":[],"class_list":["post-40589","post","type-post","status-publish","format-standard","has-post-thumbnail","hentry","category-accueil","category-accueil-merge","category-accueil-third","category-societe","tag-aide-sociale-a-lenfance","tag-arts","tag-arts-vivants","tag-bouches-du-rhone","tag-cirque","tag-educateurs","tag-enfants","tag-financement","tag-marseille","tag-marseille-11e-arrondissement","tag-projet","tag-spectacle","news-destination-homepage","news-source-website"],"_links":{"self":[{"href":"https:\/\/euapp01.newsmemory.com\/lamarseillaise\/news\/wp-json\/wp\/v2\/posts\/40589","targetHints":{"allow":["GET"]}}],"collection":[{"href":"https:\/\/euapp01.newsmemory.com\/lamarseillaise\/news\/wp-json\/wp\/v2\/posts"}],"about":[{"href":"https:\/\/euapp01.newsmemory.com\/lamarseillaise\/news\/wp-json\/wp\/v2\/types\/post"}],"author":[{"embeddable":true,"href":"https:\/\/euapp01.newsmemory.com\/lamarseillaise\/news\/wp-json\/wp\/v2\/users\/1"}],"replies":[{"embeddable":true,"href":"https:\/\/euapp01.newsmemory.com\/lamarseillaise\/news\/wp-json\/wp\/v2\/comments?post=40589"}],"version-history":[{"count":1,"href":"https:\/\/euapp01.newsmemory.com\/lamarseillaise\/news\/wp-json\/wp\/v2\/posts\/40589\/revisions"}],"predecessor-version":[{"id":40591,"href":"https:\/\/euapp01.newsmemory.com\/lamarseillaise\/news\/wp-json\/wp\/v2\/posts\/40589\/revisions\/40591"}],"wp:featuredmedia":[{"embeddable":true,"href":"https:\/\/euapp01.newsmemory.com\/lamarseillaise\/news\/wp-json\/wp\/v2\/media\/40590"}],"wp:attachment":[{"href":"https:\/\/euapp01.newsmemory.com\/lamarseillaise\/news\/wp-json\/wp\/v2\/media?parent=40589"}],"wp:term":[{"taxonomy":"category","embeddable":true,"href":"https:\/\/euapp01.newsmemory.com\/lamarseillaise\/news\/wp-json\/wp\/v2\/categories?post=40589"},{"taxonomy":"post_tag","embeddable":true,"href":"https:\/\/euapp01.newsmemory.com\/lamarseillaise\/news\/wp-json\/wp\/v2\/tags?post=40589"},{"taxonomy":"news-destination","embeddable":true,"href":"https:\/\/euapp01.newsmemory.com\/lamarseillaise\/news\/wp-json\/wp\/v2\/news-destination?post=40589"},{"taxonomy":"news-source","embeddable":true,"href":"https:\/\/euapp01.newsmemory.com\/lamarseillaise\/news\/wp-json\/wp\/v2\/news-source?post=40589"},{"taxonomy":"is_homepage","embeddable":true,"href":"https:\/\/euapp01.newsmemory.com\/lamarseillaise\/news\/wp-json\/wp\/v2\/is_homepage?post=40589"},{"taxonomy":"ta_other","embeddable":true,"href":"https:\/\/euapp01.newsmemory.com\/lamarseillaise\/news\/wp-json\/wp\/v2\/ta_other?post=40589"}],"curies":[{"name":"wp","href":"https:\/\/api.w.org\/{rel}","templated":true}]}}