{"id":40586,"date":"2026-08-28T07:04:00","date_gmt":"2026-08-28T05:04:00","guid":{"rendered":"https:\/\/euapp01.newsmemory.com\/lamarseillaise\/news\/?p=40586"},"modified":"2026-08-28T10:03:53","modified_gmt":"2026-08-28T08:03:53","slug":"tennis-143-prend-place-a-felix-pyat","status":"publish","type":"post","link":"https:\/\/euapp01.newsmemory.com\/lamarseillaise\/news\/2026\/08\/28\/tennis-143-prend-place-a-felix-pyat\/","title":{"rendered":"Tennis 143 prend place \u00e0 F\u00e9lix-Pyat"},"content":{"rendered":"<div class=\"paragraph\">\n<p>Guy Pinna est un personnage embl\u00e9matique du sport marseillais, facilitant l\u2019acc\u00e8s \u00e0 un sport comme le tennis, aux jeunes issus de quartiers prioritaires. Bas\u00e9 \u00e0 F\u00e9lix-Pyat, l\u2019homme fait d\u00e9couvrir la petite balle jaune, fa\u00e7on syst\u00e8me\u00a0D, au pied des barres d\u2019immeubles. Il a cr\u00e9\u00e9 l\u2019AS Time, son association, et a lanc\u00e9 un circuit local, l\u2019ATC, pour que les enfants de 6\u00a0\u00e0 15\u00a0ans puissent se mesurer \u00e0 d\u2019autres joueurs, venus d\u2019autres quartiers.<\/p>\n<p>L\u2019entra\u00eeneur de tennis a annonc\u00e9 une \u00e9volution dans ce projet qu\u2019il cultive depuis plusieurs d\u00e9cennies. \u00ab\u00a0<i>La Tennis 143 Foundation a \u00e9t\u00e9 cr\u00e9\u00e9e pour prendre le relais de l\u2019AS Time sur le quartier de F\u00e9lix-Pyat, suite \u00e0 l\u2019\u00e9norme engouement pour le tennis et pour r\u00e9pondre aux besoins<\/i>\u00a0\u00bb, a-t-il d\u00e9clar\u00e9.<\/p>\n<\/p><\/div>\n<div class=\"intext\"> Le v\u0153u d\u2019un terrain permanent \u00e0 F\u00e9lix-Pyat\n              <\/div>\n<div class=\"paragraph\">\n<p>Une structuration plus importante est donc mise en place pour permettre de poursuivre l\u2019organisation de sorties et d\u2019activit\u00e9s en plein air pour ces jeunes. Cet \u00e9t\u00e9, de nombreux enfants ont pu se rendre au Frioul, \u00e0 Corbi\u00e8res ou aux Goudes, \u00e0 l\u2019initiative de la fondation. \u00c0 terme, l\u2019objectif est de construire un terrain de tennis permanent dans le quartier de F\u00e9lix-Pyat.<\/p>\n<p>Un souhait \u00e9mis \u00e0 maintes reprises par Guy Pinna, qui fait appel au m\u00e9c\u00e9nat pour mener \u00e0 bien ce projet. Une \u00e9volution qui accorderait une place plus grande au tennis, oblig\u00e9, pour le moment, de squatter le city-stade \u00e0 l\u2019arri\u00e8re du quartier.<\/p>\n<\/p><\/div>\n","protected":false},"excerpt":{"rendered":"Guy Pinna est un personnage embl&eacute;matique du sport marseillais, facilitant l&rsquo;acc&egrave;s &agrave; un sport comme le tennis, aux jeunes issus de quartiers prioritaires. Bas&eacute; &agrave; F&eacute;lix-Pyat, l&rsquo;homme fait &#8230;","protected":false},"author":1,"featured_media":40587,"comment_status":"open","ping_status":"open","sticky":false,"template":"","format":"standard","meta":{"footnotes":""},"categories":[7],"tags":[10,57,1231,59,16,668,928,5476],"news-destination":[],"news-source":[475],"is_homepage":[],"ta_other":[],"class_list":["post-40586","post","type-post","status-publish","format-standard","has-post-thumbnail","hentry","category-sports","tag-bouches-du-rhone","tag-enfants","tag-entraineur","tag-jeunes","tag-marseille","tag-quartiers","tag-tennis","tag-terrains","news-source-website"],"_links":{"self":[{"href":"https:\/\/euapp01.newsmemory.com\/lamarseillaise\/news\/wp-json\/wp\/v2\/posts\/40586","targetHints":{"allow":["GET"]}}],"collection":[{"href":"https:\/\/euapp01.newsmemory.com\/lamarseillaise\/news\/wp-json\/wp\/v2\/posts"}],"about":[{"href":"https:\/\/euapp01.newsmemory.com\/lamarseillaise\/news\/wp-json\/wp\/v2\/types\/post"}],"author":[{"embeddable":true,"href":"https:\/\/euapp01.newsmemory.com\/lamarseillaise\/news\/wp-json\/wp\/v2\/users\/1"}],"replies":[{"embeddable":true,"href":"https:\/\/euapp01.newsmemory.com\/lamarseillaise\/news\/wp-json\/wp\/v2\/comments?post=40586"}],"version-history":[{"count":1,"href":"https:\/\/euapp01.newsmemory.com\/lamarseillaise\/news\/wp-json\/wp\/v2\/posts\/40586\/revisions"}],"predecessor-version":[{"id":40588,"href":"https:\/\/euapp01.newsmemory.com\/lamarseillaise\/news\/wp-json\/wp\/v2\/posts\/40586\/revisions\/40588"}],"wp:featuredmedia":[{"embeddable":true,"href":"https:\/\/euapp01.newsmemory.com\/lamarseillaise\/news\/wp-json\/wp\/v2\/media\/40587"}],"wp:attachment":[{"href":"https:\/\/euapp01.newsmemory.com\/lamarseillaise\/news\/wp-json\/wp\/v2\/media?parent=40586"}],"wp:term":[{"taxonomy":"category","embeddable":true,"href":"https:\/\/euapp01.newsmemory.com\/lamarseillaise\/news\/wp-json\/wp\/v2\/categories?post=40586"},{"taxonomy":"post_tag","embeddable":true,"href":"https:\/\/euapp01.newsmemory.com\/lamarseillaise\/news\/wp-json\/wp\/v2\/tags?post=40586"},{"taxonomy":"news-destination","embeddable":true,"href":"https:\/\/euapp01.newsmemory.com\/lamarseillaise\/news\/wp-json\/wp\/v2\/news-destination?post=40586"},{"taxonomy":"news-source","embeddable":true,"href":"https:\/\/euapp01.newsmemory.com\/lamarseillaise\/news\/wp-json\/wp\/v2\/news-source?post=40586"},{"taxonomy":"is_homepage","embeddable":true,"href":"https:\/\/euapp01.newsmemory.com\/lamarseillaise\/news\/wp-json\/wp\/v2\/is_homepage?post=40586"},{"taxonomy":"ta_other","embeddable":true,"href":"https:\/\/euapp01.newsmemory.com\/lamarseillaise\/news\/wp-json\/wp\/v2\/ta_other?post=40586"}],"curies":[{"name":"wp","href":"https:\/\/api.w.org\/{rel}","templated":true}]}}