{"id":40583,"date":"2026-08-28T07:06:00","date_gmt":"2026-08-28T05:06:00","guid":{"rendered":"https:\/\/euapp01.newsmemory.com\/lamarseillaise\/news\/?p=40583"},"modified":"2026-08-28T10:03:53","modified_gmt":"2026-08-28T08:03:53","slug":"marseille-provence-athletisme-le-petit-nouveau","status":"publish","type":"post","link":"https:\/\/euapp01.newsmemory.com\/lamarseillaise\/news\/2026\/08\/28\/marseille-provence-athletisme-le-petit-nouveau\/","title":{"rendered":"Marseille Provence Athl\u00e9tisme, le petit nouveau"},"content":{"rendered":"<div class=\"paragraph\">\n<p>Vous connaissez sans doute la Sco Sainte-Marguerite, l\u2019ASPTT ou m\u00eame l\u2019Olympique de Marseille, mais un petit nouveau vient d\u2019appara\u00eetre dans le paysage de l\u2019athl\u00e9tisme marseillais. Marseille Provence Athl\u00e9tisme vit actuellement ses premi\u00e8res semaines. Une naissance notamment orchestr\u00e9e par Chlo\u00e9 Maurin, pr\u00e9sidente et ancienne sp\u00e9cialiste de saut en longueur (record \u00e0\u00a06m33), et Kentin Malcuit, tr\u00e9sorier et adepte du demi-fond.<\/p>\n<p>Les deux amis racontent la gen\u00e8se de ce projet. \u00ab\u00a0<i>Il y a beaucoup de clubs d\u2019athl\u00e9tisme \u00e0 Marseille, mais aucun qui correspondait \u00e0 notre vision. C\u2019est-\u00e0-dire un accompagnement des athl\u00e8tes et \u00e9galement essayer d\u2019ouvrir le plus possible le monde de l\u2019athl\u00e9 aux personnes qui n\u2019ont pas la possibilit\u00e9 de s\u2019entra\u00eener et de d\u00e9couvrir notre sport. Par exemple, s\u2019implanter dans les quartiers nord<\/i>\u00a0\u00bb, explique Chlo\u00e9 Maurin.<\/p>\n<\/p><\/div>\n<div class=\"intext\"> Se solidifier et grandir\n              <\/div>\n<div class=\"paragraph\">\n<p>Pour grandir, la qu\u00eate des licenci\u00e9s est lanc\u00e9e pour le MPA. Pour cela, \u00ab\u00a0<i>une grosse pub sur les r\u00e9seaux sociaux<\/i>\u00a0\u00bb a \u00e9t\u00e9 faite et les r\u00e9ponses sont positives. Le staff se construit, avec trois dirigeants et des coaches pour chaque grande discipline (sprint, demi-fond, lancer, saut, trail). \u00c0 propos des entra\u00eenements, l\u2019envie est de \u00ab\u00a0<i>pouvoir mailler le territoire marseillais<\/i><i>\u00a0<\/i>\u00bb, raconte les deux dirigeants. Se focaliser sur les stades Delort et Luminy, mais aussi \u00e0 Roger-Couderc (15<sup>e<\/sup>).<\/p>\n<p>Pour cette premi\u00e8re saison, l\u2019id\u00e9e est de s\u2019appuyer sur \u00ab\u00a0<i>une base de licenci\u00e9s corrects, qu\u2019on arrive \u00e0 fid\u00e9liser<\/i>\u00a0\u00bb, mais aussi de monter des projets, comme une course. Ce jeune club souhaite mettre \u00ab\u00a0<i>les athl\u00e8tes au centre des d\u00e9cisions et cr\u00e9er des p\u00f4les<\/i>\u00a0\u00bb, pour que personne ne s\u2019accapare les d\u00e9cisions. Le MPA affiche une identit\u00e9 locale forte, jusque sur le logo, moderne, d\u00e9sign\u00e9 par l\u2019un de leurs athl\u00e8tes.<\/p>\n<\/p><\/div>\n","protected":false},"excerpt":{"rendered":"Vous connaissez sans doute la Sco Sainte-Marguerite, l&rsquo;ASPTT ou m&ecirc;me l&rsquo;Olympique de Marseille, mais un petit nouveau vient d&rsquo;appara&icirc;tre dans le paysage de l&rsquo;athl&eacute;tisme marseillais. Marseille Provence &#8230;","protected":false},"author":1,"featured_media":40584,"comment_status":"open","ping_status":"open","sticky":false,"template":"","format":"standard","meta":{"footnotes":""},"categories":[7],"tags":[1987,10,16,141,1211],"news-destination":[],"news-source":[475],"is_homepage":[],"ta_other":[],"class_list":["post-40583","post","type-post","status-publish","format-standard","has-post-thumbnail","hentry","category-sports","tag-athletisme","tag-bouches-du-rhone","tag-marseille","tag-projet","tag-saison","news-source-website"],"_links":{"self":[{"href":"https:\/\/euapp01.newsmemory.com\/lamarseillaise\/news\/wp-json\/wp\/v2\/posts\/40583","targetHints":{"allow":["GET"]}}],"collection":[{"href":"https:\/\/euapp01.newsmemory.com\/lamarseillaise\/news\/wp-json\/wp\/v2\/posts"}],"about":[{"href":"https:\/\/euapp01.newsmemory.com\/lamarseillaise\/news\/wp-json\/wp\/v2\/types\/post"}],"author":[{"embeddable":true,"href":"https:\/\/euapp01.newsmemory.com\/lamarseillaise\/news\/wp-json\/wp\/v2\/users\/1"}],"replies":[{"embeddable":true,"href":"https:\/\/euapp01.newsmemory.com\/lamarseillaise\/news\/wp-json\/wp\/v2\/comments?post=40583"}],"version-history":[{"count":1,"href":"https:\/\/euapp01.newsmemory.com\/lamarseillaise\/news\/wp-json\/wp\/v2\/posts\/40583\/revisions"}],"predecessor-version":[{"id":40585,"href":"https:\/\/euapp01.newsmemory.com\/lamarseillaise\/news\/wp-json\/wp\/v2\/posts\/40583\/revisions\/40585"}],"wp:featuredmedia":[{"embeddable":true,"href":"https:\/\/euapp01.newsmemory.com\/lamarseillaise\/news\/wp-json\/wp\/v2\/media\/40584"}],"wp:attachment":[{"href":"https:\/\/euapp01.newsmemory.com\/lamarseillaise\/news\/wp-json\/wp\/v2\/media?parent=40583"}],"wp:term":[{"taxonomy":"category","embeddable":true,"href":"https:\/\/euapp01.newsmemory.com\/lamarseillaise\/news\/wp-json\/wp\/v2\/categories?post=40583"},{"taxonomy":"post_tag","embeddable":true,"href":"https:\/\/euapp01.newsmemory.com\/lamarseillaise\/news\/wp-json\/wp\/v2\/tags?post=40583"},{"taxonomy":"news-destination","embeddable":true,"href":"https:\/\/euapp01.newsmemory.com\/lamarseillaise\/news\/wp-json\/wp\/v2\/news-destination?post=40583"},{"taxonomy":"news-source","embeddable":true,"href":"https:\/\/euapp01.newsmemory.com\/lamarseillaise\/news\/wp-json\/wp\/v2\/news-source?post=40583"},{"taxonomy":"is_homepage","embeddable":true,"href":"https:\/\/euapp01.newsmemory.com\/lamarseillaise\/news\/wp-json\/wp\/v2\/is_homepage?post=40583"},{"taxonomy":"ta_other","embeddable":true,"href":"https:\/\/euapp01.newsmemory.com\/lamarseillaise\/news\/wp-json\/wp\/v2\/ta_other?post=40583"}],"curies":[{"name":"wp","href":"https:\/\/api.w.org\/{rel}","templated":true}]}}