{"id":40577,"date":"2026-08-28T07:10:00","date_gmt":"2026-08-28T05:10:00","guid":{"rendered":"https:\/\/euapp01.newsmemory.com\/lamarseillaise\/news\/?p=40577"},"modified":"2026-08-28T10:03:53","modified_gmt":"2026-08-28T08:03:53","slug":"clap-de-fin-pour-les-france-jeunes","status":"publish","type":"post","link":"https:\/\/euapp01.newsmemory.com\/lamarseillaise\/news\/2026\/08\/28\/clap-de-fin-pour-les-france-jeunes\/","title":{"rendered":"Clap de fin pour les \u00ab&nbsp;France&nbsp;\u00bb jeunes"},"content":{"rendered":"<div class=\"paragraph\">\n<p>Apr\u00e8s dix jours de courses, les championnats de France jeunes et espoirs ont baiss\u00e9 pavillon.<\/p>\n<p>C\u2019est en deux temps que les \u00e9preuves ont investi la station voile de Tholon, ce qui a permis \u00e0 la F\u00e9d\u00e9ration fran\u00e7aise de voile de proposer des courses claires et \u00e0 suspenses. D\u2019autant plus que la m\u00e9t\u00e9o a \u00e9t\u00e9 favorable.<\/p>\n<p>\u00ab\u00a0<i>Nous avons eu droit \u00e0 un peu tous les types de temps durant ces dix jours. Le final a m\u00eame pu se prolonger, avec deux courses jeudi matin<\/i>\u00a0\u00bb<i>,<\/i> souligne Bertille Beurel. Pour la responsable communication de la FFV, \u00ab\u00a0<i>l\u2019\u00e9tang de Berre a permis de proposer de belles choses. Les jeunes ont pu naviguer en toute s\u00e9curit\u00e9. Ces championnats ont rempli leur r\u00f4le, car ils ont \u00e9t\u00e9 tr\u00e8s formateurs<\/i><i>\u00a0<\/i>\u00bb.<\/p>\n<\/p><\/div>\n<div class=\"intext\"> Lilou Back\u00e8s voit double\n              <\/div>\n<div class=\"paragraph\">\n<p>Si en premi\u00e8re semaine, les locaux s\u2019\u00e9taient mis en valeur en r\u00e9coltant deux titres (Optimist et ILCA\u00a04) et quatre podiums, la seconde leur a moins souri. Un seul titre a \u00e9t\u00e9 glan\u00e9, par le tandem Lilou Back\u00e8s &#8211; Gianni Pasero. Les pensionnaires de la Pointe Rouge ont fait la course en t\u00eate et n\u2019ont \u00e9t\u00e9 hors jeu que lors de la quatri\u00e8me manche.<\/p>\n<p>\u00c0 noter que Lilou Back\u00e8s s\u2019offre son second titre de la campagne, apr\u00e8s celui d\u00e9croch\u00e9 en Optimist, lors de la premi\u00e8re semaine.<\/p>\n<p>Dans les autres s\u00e9ries, la Mart\u00e9gale Lizon Chikli \u00e9tait partie tr\u00e8s fort dans les trois premi\u00e8res manches du skiff. Mais sa journ\u00e9e de mercredi a \u00e9t\u00e9 cauchemardesque. Elle termine finalement \u00e0 la septi\u00e8me place d\u2019une s\u00e9rie qui a vu le sacre d\u2019Oc\u00e9ane B\u00e8gue.<\/p>\n<p>Parmi les belles performances, il faut saluer celle de l\u2019\u00e9quipage n\u00e9o-cal\u00e9donien Felix Tron &#8211; Antoine Lajouanie, troisi\u00e8me en Nacra\u00a015. Leurs comp\u00e8res Ka\u00efs van\u00a0Lierde et Charline Puschiasis ont \u00e9galement flirt\u00e9 avec le podium, en Tyka, pour finalement terminer cinqui\u00e8me.<\/p>\n<p>Les \u00ab\u00a0France\u00a0\u00bb reviendront \u00e0 Martigues en 2027.<\/p>\n<\/p><\/div>\n<div class=\"paragraph\">\n<p><i>Palmar\u00e8s complet<\/i><i>\u00a0<\/i><i>: <\/i><a rel=\"nofollow noopener noreferrer\" href=\"https:\/\/umbraco.ffvoile.fr\/championnats-de-france-jeunes\" target=\"_blank\"><i>umbraco.ffvoile.fr\/championnats-<\/i><i>de-france-jeunes<\/i><\/a><\/p>\n<\/p><\/div>\n","protected":false},"excerpt":{"rendered":"Apr&egrave;s dix jours de courses, les championnats de France jeunes et espoirs ont baiss&eacute; pavillon.","protected":false},"author":1,"featured_media":40578,"comment_status":"open","ping_status":"open","sticky":false,"template":"","format":"standard","meta":{"footnotes":""},"categories":[7],"tags":[10,1162,59,63,1198],"news-destination":[],"news-source":[475],"is_homepage":[],"ta_other":[],"class_list":["post-40577","post","type-post","status-publish","format-standard","has-post-thumbnail","hentry","category-sports","tag-bouches-du-rhone","tag-championnats","tag-jeunes","tag-martigues","tag-voile","news-source-website"],"_links":{"self":[{"href":"https:\/\/euapp01.newsmemory.com\/lamarseillaise\/news\/wp-json\/wp\/v2\/posts\/40577","targetHints":{"allow":["GET"]}}],"collection":[{"href":"https:\/\/euapp01.newsmemory.com\/lamarseillaise\/news\/wp-json\/wp\/v2\/posts"}],"about":[{"href":"https:\/\/euapp01.newsmemory.com\/lamarseillaise\/news\/wp-json\/wp\/v2\/types\/post"}],"author":[{"embeddable":true,"href":"https:\/\/euapp01.newsmemory.com\/lamarseillaise\/news\/wp-json\/wp\/v2\/users\/1"}],"replies":[{"embeddable":true,"href":"https:\/\/euapp01.newsmemory.com\/lamarseillaise\/news\/wp-json\/wp\/v2\/comments?post=40577"}],"version-history":[{"count":1,"href":"https:\/\/euapp01.newsmemory.com\/lamarseillaise\/news\/wp-json\/wp\/v2\/posts\/40577\/revisions"}],"predecessor-version":[{"id":40579,"href":"https:\/\/euapp01.newsmemory.com\/lamarseillaise\/news\/wp-json\/wp\/v2\/posts\/40577\/revisions\/40579"}],"wp:featuredmedia":[{"embeddable":true,"href":"https:\/\/euapp01.newsmemory.com\/lamarseillaise\/news\/wp-json\/wp\/v2\/media\/40578"}],"wp:attachment":[{"href":"https:\/\/euapp01.newsmemory.com\/lamarseillaise\/news\/wp-json\/wp\/v2\/media?parent=40577"}],"wp:term":[{"taxonomy":"category","embeddable":true,"href":"https:\/\/euapp01.newsmemory.com\/lamarseillaise\/news\/wp-json\/wp\/v2\/categories?post=40577"},{"taxonomy":"post_tag","embeddable":true,"href":"https:\/\/euapp01.newsmemory.com\/lamarseillaise\/news\/wp-json\/wp\/v2\/tags?post=40577"},{"taxonomy":"news-destination","embeddable":true,"href":"https:\/\/euapp01.newsmemory.com\/lamarseillaise\/news\/wp-json\/wp\/v2\/news-destination?post=40577"},{"taxonomy":"news-source","embeddable":true,"href":"https:\/\/euapp01.newsmemory.com\/lamarseillaise\/news\/wp-json\/wp\/v2\/news-source?post=40577"},{"taxonomy":"is_homepage","embeddable":true,"href":"https:\/\/euapp01.newsmemory.com\/lamarseillaise\/news\/wp-json\/wp\/v2\/is_homepage?post=40577"},{"taxonomy":"ta_other","embeddable":true,"href":"https:\/\/euapp01.newsmemory.com\/lamarseillaise\/news\/wp-json\/wp\/v2\/ta_other?post=40577"}],"curies":[{"name":"wp","href":"https:\/\/api.w.org\/{rel}","templated":true}]}}