{"id":40570,"date":"2026-08-28T06:59:00","date_gmt":"2026-08-28T04:59:00","guid":{"rendered":"https:\/\/euapp01.newsmemory.com\/lamarseillaise\/news\/?p=40570"},"modified":"2026-08-29T08:43:47","modified_gmt":"2026-08-29T06:43:47","slug":"a-marseille-les-marchands-du-soleil-reclament-une-reouverture","status":"publish","type":"post","link":"https:\/\/euapp01.newsmemory.com\/lamarseillaise\/news\/2026\/08\/28\/a-marseille-les-marchands-du-soleil-reclament-une-reouverture\/","title":{"rendered":"\u00c0 Marseille, les marchands du Soleil r\u00e9clament une r\u00e9ouverture"},"content":{"rendered":"<div class=\"paragraph\">\n<p>\u00ab<i> I<\/i><i>ls ont mis tout le monde dans le m\u00eame panier. On est dans la gal\u00e8re. Z\u00e9ro euro ne rentre. On est pieds et poings li\u00e9s. On ne demande pas l\u2019aum\u00f4ne mais la dignit\u00e9<\/i>\u00a0\u00bb, s\u2019insurge Salima Belkaid, jeudi matin, post\u00e9e au pied du rideau ferm\u00e9 de l\u2019historique March\u00e9 du Soleil (2<sup>e<\/sup>), vieux de plus de 40\u00a0ans. Ferm\u00e9 depuis le 2\u00a0f\u00e9vrier par arr\u00eat\u00e9 pr\u00e9fectoral sur la base de la loi narcotrafic pour soup\u00e7on de blanchiment, le march\u00e9 accueille depuis\u00a01980 quelque 160\u00a0commer\u00e7ants aujourd\u2019hui sans solution pour poursuivre leur activit\u00e9. \u00ab\u00a0<i>Les gens sont dans une telle difficult\u00e9 financi\u00e8re, je ne comprends pas qu\u2019on puisse laisser des familles enti\u00e8res dans cet \u00e9tat<\/i>, poursuit Salima, mari\u00e9e \u00e0 un commer\u00e7ant install\u00e9 sur place depuis 38\u00a0ans. <i>On ne nous consid\u00e8re pas, on ne fait m\u00eame pas partie du d\u00e9cor, on fait comme si on n\u2019existait pas.<\/i><i>\u00a0<\/i>\u00bb Autour d\u2019elle, les affiches tenues par les marchands venus manifester disent aussi le d\u00e9sarroi de tout un quartier\u00a0: \u00ab\u00a0<i>Le march\u00e9 du Soleil est le poumon de Marseille<\/i>\u00a0\u00bb, \u00ab<i>\u00a0<\/i><i>Les quartiers des 1<\/i><i><sup>er<\/sup><\/i><i> et 2<\/i><i><sup>e<\/sup><\/i><i> arrondissements sans l\u2019ouverture sont morts<\/i><i>\u00a0<\/i>\u00bb, \u00ab\u00a0<i>Les commer\u00e7ants<\/i> [rue] <i>Bon-Pasteur, place Marceau, rue d\u2019Aix et Camille-Pelletan<\/i><i>\u00a0<\/i><i>: nous sommes avec nos confr\u00e8res March\u00e9 Soleil<\/i>\u00a0\u00bb<i>, <\/i>lit-on sur quelques-unes d\u2019entre elles. Zohra, qui dirige l\u2019association Les bons samaritains, log\u00e9e \u00e0 la Belle de Mai (3<sup>e<\/sup>), esp\u00e8re elle aussi une r\u00e9ouverture tr\u00e8s prochaine. \u00ab\u00a0<i>Les commer\u00e7ants aident beaucoup l\u2019association, notamment en fournissant des paniers repas que nous redistribuons ensuite aux personnes en difficult\u00e9<\/i>, d\u00e9taille-t-elle. <i>Et puis on ne comprend pas pourquoi tout le monde paie pour quelques-uns&#8230; Il y a une forme d\u2019injustice<\/i><i>\u00a0<\/i>\u00bb.<\/p>\n<\/p><\/div>\n<div class=\"intext\"> En attente du 7\u00a0septembre\n              <\/div>\n<div class=\"paragraph\">\n<p>Sur place jeudi pour soutenir ses clients, l\u2019avocat des commer\u00e7ants promet d\u2019engager prochainement des d\u00e9marches pour demander la r\u00e9ouverture des lieux et des d\u00e9dommagements pour les d\u00e9taillants depuis 7\u00a0mois en perte brute. \u00ab\u00a0<i>Nous attendons le jugement du 7<\/i><i>\u00a0<\/i><i>septembre pour avancer<\/i>. <i>Ce qui est difficilement compr\u00e9hensible c\u2019est que tous ces gens soient punis alors qu\u2019ils ne sont pas poursuivis par la justice<\/i><i>\u00a0<\/i>\u00bb, s\u2019\u00e9tonne-t-il.<\/p>\n<p>Fin juin, le March\u00e9 du Soleil avait \u00e9t\u00e9 au c\u0153ur d\u2019un retentissant proc\u00e8s devant le Tribunal correctionnel de Marseille, tax\u00e9 par l\u2019accusation d\u2019\u00eatre devenu le \u00ab\u00a0<i>temple de la contrefa\u00e7on<\/i>\u00a0\u00bb. En f\u00e9vrier, les douanes avaient saisi plus de 200\u00a0000\u00a0articles contrefaits d\u2019une valeur estim\u00e9e \u00e0 42\u00a0millions d\u2019euros dans le d\u00e9dale de l\u2019institution marseillaise. La procureure avait requis, notamment, quatre ans de prison avec sursis contre Georges Dahan, propri\u00e9taire et fondateur du March\u00e9, et une fermeture d\u00e9finitive des lieux. La d\u00e9cision est donc attendue le 7\u00a0septembre.<\/p>\n<\/p><\/div>\n","protected":false},"excerpt":{"rendered":"&laquo; Ils ont mis tout le monde dans le m&ecirc;me panier. On est dans la gal&egrave;re. Z&eacute;ro euro ne rentre. On est pieds et poings li&eacute;s. On ne demande pas l&rsquo;aum&ocirc;ne mais la dignit&eacute;&nbsp;&raquo;, s&rsquo;insurge &#8230;","protected":false},"author":1,"featured_media":40571,"comment_status":"open","ping_status":"open","sticky":false,"template":"","format":"standard","meta":{"footnotes":""},"categories":[918,3926,3925,338,4383,331,20],"tags":[1124,10,177,754,1134,16,154,1694,700,1226,204],"news-destination":[3944],"news-source":[475],"is_homepage":[],"ta_other":[],"class_list":["post-40570","post","type-post","status-publish","format-standard","has-post-thumbnail","hentry","category-accueil","category-accueil-merge","category-accueil-third","category-economie","category-justice","category-social","category-societe","tag-belle-de-mai","tag-bouches-du-rhone","tag-commercants","tag-familles","tag-marche","tag-marseille","tag-ouverture","tag-proces","tag-quartier","tag-soleil","tag-tribunal-correctionnel","news-destination-homepage","news-source-website"],"_links":{"self":[{"href":"https:\/\/euapp01.newsmemory.com\/lamarseillaise\/news\/wp-json\/wp\/v2\/posts\/40570","targetHints":{"allow":["GET"]}}],"collection":[{"href":"https:\/\/euapp01.newsmemory.com\/lamarseillaise\/news\/wp-json\/wp\/v2\/posts"}],"about":[{"href":"https:\/\/euapp01.newsmemory.com\/lamarseillaise\/news\/wp-json\/wp\/v2\/types\/post"}],"author":[{"embeddable":true,"href":"https:\/\/euapp01.newsmemory.com\/lamarseillaise\/news\/wp-json\/wp\/v2\/users\/1"}],"replies":[{"embeddable":true,"href":"https:\/\/euapp01.newsmemory.com\/lamarseillaise\/news\/wp-json\/wp\/v2\/comments?post=40570"}],"version-history":[{"count":1,"href":"https:\/\/euapp01.newsmemory.com\/lamarseillaise\/news\/wp-json\/wp\/v2\/posts\/40570\/revisions"}],"predecessor-version":[{"id":40572,"href":"https:\/\/euapp01.newsmemory.com\/lamarseillaise\/news\/wp-json\/wp\/v2\/posts\/40570\/revisions\/40572"}],"wp:featuredmedia":[{"embeddable":true,"href":"https:\/\/euapp01.newsmemory.com\/lamarseillaise\/news\/wp-json\/wp\/v2\/media\/40571"}],"wp:attachment":[{"href":"https:\/\/euapp01.newsmemory.com\/lamarseillaise\/news\/wp-json\/wp\/v2\/media?parent=40570"}],"wp:term":[{"taxonomy":"category","embeddable":true,"href":"https:\/\/euapp01.newsmemory.com\/lamarseillaise\/news\/wp-json\/wp\/v2\/categories?post=40570"},{"taxonomy":"post_tag","embeddable":true,"href":"https:\/\/euapp01.newsmemory.com\/lamarseillaise\/news\/wp-json\/wp\/v2\/tags?post=40570"},{"taxonomy":"news-destination","embeddable":true,"href":"https:\/\/euapp01.newsmemory.com\/lamarseillaise\/news\/wp-json\/wp\/v2\/news-destination?post=40570"},{"taxonomy":"news-source","embeddable":true,"href":"https:\/\/euapp01.newsmemory.com\/lamarseillaise\/news\/wp-json\/wp\/v2\/news-source?post=40570"},{"taxonomy":"is_homepage","embeddable":true,"href":"https:\/\/euapp01.newsmemory.com\/lamarseillaise\/news\/wp-json\/wp\/v2\/is_homepage?post=40570"},{"taxonomy":"ta_other","embeddable":true,"href":"https:\/\/euapp01.newsmemory.com\/lamarseillaise\/news\/wp-json\/wp\/v2\/ta_other?post=40570"}],"curies":[{"name":"wp","href":"https:\/\/api.w.org\/{rel}","templated":true}]}}