{"id":40567,"date":"2026-08-28T07:01:00","date_gmt":"2026-08-28T05:01:00","guid":{"rendered":"https:\/\/euapp01.newsmemory.com\/lamarseillaise\/news\/?p=40567"},"modified":"2026-08-29T08:43:47","modified_gmt":"2026-08-29T06:43:47","slug":"lom-sapprete-a-vendre-igor-paixao-sous-la-contrainte","status":"publish","type":"post","link":"https:\/\/euapp01.newsmemory.com\/lamarseillaise\/news\/2026\/08\/28\/lom-sapprete-a-vendre-igor-paixao-sous-la-contrainte\/","title":{"rendered":"L\u2019OM s\u2019appr\u00eate \u00e0 vendre Igor Paix\u00e3o sous la contrainte"},"content":{"rendered":"<div class=\"paragraph\">\n<p>Lors de sa premi\u00e8re prise de parole en tant que nouvel entra\u00eeneur de l\u2019OM, Bruno Genesio indiquait le contexte dans lequel il s\u2019attendait \u00e0 pr\u00e9parer la saison.<\/p>\n<p>\u00ab\u00a0<i>Pour nous, ce n\u2019est pas simple. Nous aimerions disposer d\u2019un effectif d\u00e9j\u00e0 largement constitu\u00e9 afin de travailler sereinement depuis le d\u00e9but de la pr\u00e9paration<\/i>\u00a0\u00bb. Il assumait son choix de s\u2019installer sur le banc olympien. \u00ab\u00a0<i>Je connaissais cette situation avant d\u2019accepter ce poste. Je ne vais donc pas m\u2019en plaindre aujourd\u2019hui<\/i>\u00a0\u00bb. Il se montrait m\u00eame optimiste, alors que les premiers d\u00e9parts importants \u00e9taient effectifs. \u00ab\u00a0<i>Je sais que tout le monde travaille en interne et je suis convaincu que les choses vont \u00e9voluer dans les jours qui viennent.<\/i><i>\u00a0<\/i>\u00bb<\/p>\n<p>Un mois plus tard, il y a eu deux faux d\u00e9parts, Nayef Aguerd \u00e0 la R\u00e9al Sociedad et Pierre-Emile H\u00f6jbjerg \u00e0 Newcastle, Geronimo Rulli et Facundo Medina ont quitt\u00e9 la gal\u00e8re phoc\u00e9enne, ce qui repr\u00e9sente 69\u00a0millions d\u2019euros de ventes, auxquelles s\u2019ajoutent les \u00e9conomies sur les salaires. Et le championnat a commenc\u00e9, avec un succ\u00e8s encourageant face \u00e0 Strasbourg (4 &#8211; 0).<\/p>\n<\/p><\/div>\n<div class=\"intext\"> Nouvelles couleuvres\n              <\/div>\n<div class=\"paragraph\">\n<p>Malgr\u00e9 tout, c\u00f4t\u00e9 effectif, Bruno Genesio a d\u00fb avaler de nouvelles couleuvres. Les d\u00e9parts de juillet et d\u2019ao\u00fbt ne suffisent pas pour apurer les finances. Lorsque l\u2019entra\u00eeneur a rencontr\u00e9 Frank McCourt, il a appris que d\u2019autres cadres devaient quitter le club, avant que la DNCG ne donne son feu vert pour recruter.<\/p>\n<p>S\u2019il pouvait accepter de se s\u00e9parer de Nayef Aguerd, Pierre-Emile H\u00f6jbjerg, voire Quinten Timber, qu\u2019Amine Gouiri, double buteur face \u00e0 Strasbourg, et Igor Paix\u00e3o soient aussi dans la balance fait grincer des dents Bruno Genesio.<\/p>\n<p>D\u2019autant plus que le Br\u00e9silien a visiblement des envies de d\u00e9part. Sunderland a lanc\u00e9 ses amorces et l\u2019ailier gauche phoc\u00e9en est pr\u00eat \u00e0 \u00eatre ferr\u00e9. Son d\u00e9part laisserait un vide \u00e9norme dans un couloir gauche o\u00f9 les solutions ne sont pas l\u00e9gion. Le seul, dans l\u2019effectif actuel, pouvant relever le gant est Tadjidine Mmadi. Il n\u2019est pas s\u00fbr que ce soit suffisant pour un groupe qui doit imp\u00e9rativement jouer le haut du tableau en Ligue 1 et redorer son blason europ\u00e9en.<\/p>\n<p>La saison derni\u00e8re, l\u2019OM avait d\u00fb d\u00e9bourser 35\u00a0millions d\u2019euros pour recruter le Br\u00e9silien, alors \u00e0 Feyenoord. Pour rentrer dans ses frais, le club doit, a minima, obtenir la m\u00eame somme de la part de Sunderland. N\u00e9anmoins, m\u00eame si la barre symbolique des 100\u00a0millions de ventes sera franchie, il n\u2019est pas certain que cela suffise au club marseillais pour enclencher la phase recrutement.<\/p>\n<p>Et si des joueurs sont dans les starting-blocks pour rejoindre Marseille, auront-ils la patience jusqu\u2019\u00e0 l\u2019obtention du feu vert ? Seront-ils au niveau pour compenser les pertes ? Un feu vert qui ne doit plus tarder. Car la date de fermeture du mercato se rapproche \u00e0 grands pas.<\/p>\n<\/p><\/div>\n<div class=\"paragraph\">\n<p><b>L\u2019OM va conna\u00eetre ses adversaires europ\u00e9ens<\/b><\/p>\n<p>C\u2019est \u00e0 Monaco que sera effectu\u00e9 ce vendredi le tirage des groupes de la phase principale de la Ligue Europa.<\/p>\n<p>L\u2019OM se retrouve dans le chapeau 1. Il devra affronter huit adversaires, soit deux de chacun des quatre chapeaux, quatre \u00e0 V\u00e9lodrome, et quatre en d\u00e9placement.<\/p>\n<p>Aux treize \u00e9quipes d\u00e9j\u00e0 qualifi\u00e9es, sont venues s\u2019ajouter les onze revers\u00e9es de la Ligue des Champions, \u00e0 savoir le Celtic (ECO), Beer-Sheva (ISR), Dinamo Zagreb (CRO), Celje (SLO), Levski Sofia (BUL), Lyon (FRA), Nim\u00e8gue (PB), Olympiakos (GRE), Saint Gilles (BEL), Sparta Prague (RTC) et Sturm Graz (AUT). Ainsi que les vainqueurs des barrages, disput\u00e9s dans la nuit de jeudi.<\/p>\n<\/p><\/div>\n","protected":false},"excerpt":{"rendered":"Lors de sa premi&egrave;re prise de parole en tant que nouvel entra&icirc;neur de l&rsquo;OM, Bruno Genesio indiquait le contexte dans lequel il s&rsquo;attendait &agrave; pr&eacute;parer la saison.","protected":false},"author":1,"featured_media":40568,"comment_status":"open","ping_status":"open","sticky":false,"template":"","format":"standard","meta":{"footnotes":""},"categories":[918,3926,3925,7],"tags":[10,13,4846,1196,16,1152,14],"news-destination":[3944],"news-source":[475],"is_homepage":[],"ta_other":[],"class_list":["post-40567","post","type-post","status-publish","format-standard","has-post-thumbnail","hentry","category-accueil","category-accueil-merge","category-accueil-third","category-sports","tag-bouches-du-rhone","tag-football","tag-frank-mccourt","tag-joueurs","tag-marseille","tag-mercato","tag-om","news-destination-homepage","news-source-website"],"_links":{"self":[{"href":"https:\/\/euapp01.newsmemory.com\/lamarseillaise\/news\/wp-json\/wp\/v2\/posts\/40567","targetHints":{"allow":["GET"]}}],"collection":[{"href":"https:\/\/euapp01.newsmemory.com\/lamarseillaise\/news\/wp-json\/wp\/v2\/posts"}],"about":[{"href":"https:\/\/euapp01.newsmemory.com\/lamarseillaise\/news\/wp-json\/wp\/v2\/types\/post"}],"author":[{"embeddable":true,"href":"https:\/\/euapp01.newsmemory.com\/lamarseillaise\/news\/wp-json\/wp\/v2\/users\/1"}],"replies":[{"embeddable":true,"href":"https:\/\/euapp01.newsmemory.com\/lamarseillaise\/news\/wp-json\/wp\/v2\/comments?post=40567"}],"version-history":[{"count":1,"href":"https:\/\/euapp01.newsmemory.com\/lamarseillaise\/news\/wp-json\/wp\/v2\/posts\/40567\/revisions"}],"predecessor-version":[{"id":40569,"href":"https:\/\/euapp01.newsmemory.com\/lamarseillaise\/news\/wp-json\/wp\/v2\/posts\/40567\/revisions\/40569"}],"wp:featuredmedia":[{"embeddable":true,"href":"https:\/\/euapp01.newsmemory.com\/lamarseillaise\/news\/wp-json\/wp\/v2\/media\/40568"}],"wp:attachment":[{"href":"https:\/\/euapp01.newsmemory.com\/lamarseillaise\/news\/wp-json\/wp\/v2\/media?parent=40567"}],"wp:term":[{"taxonomy":"category","embeddable":true,"href":"https:\/\/euapp01.newsmemory.com\/lamarseillaise\/news\/wp-json\/wp\/v2\/categories?post=40567"},{"taxonomy":"post_tag","embeddable":true,"href":"https:\/\/euapp01.newsmemory.com\/lamarseillaise\/news\/wp-json\/wp\/v2\/tags?post=40567"},{"taxonomy":"news-destination","embeddable":true,"href":"https:\/\/euapp01.newsmemory.com\/lamarseillaise\/news\/wp-json\/wp\/v2\/news-destination?post=40567"},{"taxonomy":"news-source","embeddable":true,"href":"https:\/\/euapp01.newsmemory.com\/lamarseillaise\/news\/wp-json\/wp\/v2\/news-source?post=40567"},{"taxonomy":"is_homepage","embeddable":true,"href":"https:\/\/euapp01.newsmemory.com\/lamarseillaise\/news\/wp-json\/wp\/v2\/is_homepage?post=40567"},{"taxonomy":"ta_other","embeddable":true,"href":"https:\/\/euapp01.newsmemory.com\/lamarseillaise\/news\/wp-json\/wp\/v2\/ta_other?post=40567"}],"curies":[{"name":"wp","href":"https:\/\/api.w.org\/{rel}","templated":true}]}}