{"id":40563,"date":"2026-08-28T06:49:00","date_gmt":"2026-08-28T04:49:00","guid":{"rendered":"https:\/\/euapp01.newsmemory.com\/lamarseillaise\/news\/?p=40563"},"modified":"2026-08-29T08:43:46","modified_gmt":"2026-08-29T06:43:46","slug":"une-rentree-scolaire-sous-le-feu-des-critiques","status":"publish","type":"post","link":"https:\/\/euapp01.newsmemory.com\/lamarseillaise\/news\/2026\/08\/28\/une-rentree-scolaire-sous-le-feu-des-critiques\/","title":{"rendered":"Une rentr\u00e9e scolaire sous le feu des critiques"},"content":{"rendered":"<div class=\"paragraph\">\n<p>\u00ab <i>I<\/i><i>l n\u2019y aura pas de r\u00e9forme Geffray<\/i>.\u00a0\u00bb Ce mardi, ce n\u2019est pas rue de Grenelle qu\u2019\u00c9douard Geffray, ministre de l\u2019\u00c9ducation, a tenu la traditionnelle conf\u00e9rence de rentr\u00e9e, mais dans la cour du lyc\u00e9e Arago dans Paris. \u00c0 quelques mois de la pr\u00e9sidentielle, le ministre en poste depuis 10\u00a0mois, a affirm\u00e9 sa volont\u00e9 d\u2019en finir avec \u00ab\u00a0<i>l\u2019annualit\u00e9 des mesures qui limite les perspectives<\/i>\u00a0\u00bb et a d\u00e9clar\u00e9 que l\u2019\u00c9ducation nationale a besoin \u00ab\u00a0<i>d\u2019un cap<\/i>\u00a0\u00bb et \u00ab\u00a0<i>non d\u2019une r\u00e9forme de plus<\/i>\u00a0\u00bb. Devant un parterre de journalistes, le haut fonctionnaire a \u00e9nonc\u00e9 ses quatre priorit\u00e9s pour cette ann\u00e9e scolaire\u00a0: instruire, prot\u00e9ger, unir et pr\u00e9voir.<\/p>\n<\/p><\/div>\n<div class=\"intext\"> 2\u00a0500\u00a0mots de vocabulaire en maternelle\n              <\/div>\n<div class=\"paragraph\">\n<p>Rappelant les in\u00e9galit\u00e9s scolaires qui se creusent au sein de l\u2019\u00e9ducation nationale, le ministre a insist\u00e9 sur la n\u00e9cessit\u00e9 de la ma\u00eetrise de la langue. \u00ab\u00a0<i>L\u2019objectif est 2<\/i><i>\u00a0<\/i><i>500<\/i><i>\u00a0<\/i><i>mots de vocabulaire acquis \u00e0 la fin de la maternelle <\/i>[&#8230;]<i> si on y parvient nous aurons r\u00e9duit drastiquement les in\u00e9galit\u00e9s scolaires li\u00e9es aux in\u00e9galit\u00e9s sociales<\/i>\u00a0\u00bb, affirme le haut fonctionnaire.<\/p>\n<p>Un objectif dont il n\u2019a pr\u00e9cis\u00e9 aucun des contours ou des ressources d\u00e9ploy\u00e9es. Alors que les syndicats du premier degr\u00e9, comme la FSU-Snuipp, la CGT ou Sud\u2019Action, craignent une rentr\u00e9e difficile \u00e0 cause d\u2019un manque de moyens humains en maternelle et en primaire.<\/p>\n<p>Une lutte contre les in\u00e9galit\u00e9s qu\u2019il souhaite \u00e9galement mener en \u00ab\u00a0<i>aidant les personnes en difficult\u00e9 et en cultivant l\u2019excellence<\/i>\u00a0\u00bb. Le ministre a donc annonc\u00e9 un accompagnement renforc\u00e9 pour tous les coll\u00e8ges dont plus de 40% des \u00e9l\u00e8ves obtiennent moins de 8\/20 en fran\u00e7ais et en math\u00e9matiques au brevet. \u00ab\u00a0<i>Toutes les demandes de formations \u00e9ducatives y seront syst\u00e9matiquement satisfaites<\/i>\u00a0\u00bb, a-t-il promis.<\/p>\n<p>L\u2019organisation de la premi\u00e8re \u00e9dition d\u2019un concours g\u00e9n\u00e9ral des coll\u00e8ges a aussi \u00e9t\u00e9 annonc\u00e9e. Une mesure pr\u00e9sent\u00e9e par le ministre comme un moyen de \u00ab<i>\u00a0<\/i><i>cultiver l\u2019excellence<\/i>\u00a0\u00bb. Chaque coll\u00e8ge pourra s\u2019y inscrire, tant qu\u2019il pr\u00e9sente autant de gar\u00e7ons que de filles.<\/p>\n<p>\u00c9douard Geffray, qui a fait de la ma\u00eetrise de la grammaire et de la syntaxe son cheval de bataille a \u00e9galement promis la publication le 10\u00a0septembre d\u2019un \u00ab\u00a0<i>bar\u00e8me pr\u00e9cis<\/i>\u00a0\u00bb sur le niveau de langue attendu pour les \u00e9preuves du baccalaur\u00e9at. Cette publication devrait permettre \u00e0 chaque \u00e9l\u00e8ve de se pr\u00e9parer aux \u00e9preuves avec des bases communes.<\/p>\n<p>Dans sa volont\u00e9 d\u2019unir \u00ab\u00a0<i>dans une soci\u00e9t\u00e9 fractur\u00e9e<\/i>\u00a0\u00bb, le ministre a \u00e9galement annonc\u00e9 l\u2019obligation d\u2019une \u00ab\u00a0<i>c\u00e9r\u00e9monie comm\u00e9morativ<\/i><i>e<\/i>\u00a0\u00bb annuelle d\u2019hommage \u00e0 tous les \u00ab\u00a0<i>morts pour la France<\/i><i>\u00a0<\/i>\u00bb autour du 11\u00a0novembre pour tous les \u00e9l\u00e8ves du CM1 \u00e0 la Terminale. \u00ab\u00a0<i>Parce qu\u2019il faut que nous sachions d\u2019o\u00f9 nous venons pour savoir o\u00f9 nous allons<\/i>\u00a0\u00bb, estime-t-il.<\/p>\n<\/p><\/div>\n<div class=\"intext\"> Lutte contre les violences sexuelles\n              <\/div>\n<div class=\"paragraph\">\n<p>Le sujet des violences sexuelles envers les enfants a aussi \u00e9t\u00e9 \u00e9voqu\u00e9 avec le d\u00e9ploiement d\u2019un questionnaire pour tous les \u00e9l\u00e8ves, de la maternelle \u00e0 la terminale avec la possibilit\u00e9 de laisser leur nom et pr\u00e9nom s\u2019ils souhaitent \u00eatre aid\u00e9s. \u00ab\u00a0<i>Nous avons un devoir de lib\u00e9rer la parole. Chaque \u00e9l\u00e8ve de France<\/i> <i>pourra s\u2019exprimer sur les violences dont il aurait pu \u00eatre victime<\/i>\u00a0\u00bb<i>,<\/i> ajoute-t-il.<\/p>\n<p>Il a \u00e9galement confirm\u00e9 l\u2019interdiction des t\u00e9l\u00e9phones portables dans tous les coll\u00e8ges et lyc\u00e9es de France. La solution, pour le haut fonctionnaire, de prot\u00e9ger les enfants des dangers des \u00e9crans et des contenus qui alimenteraient les st\u00e9r\u00e9otypes de genre sur les r\u00e9seaux sociaux. Le ministre pr\u00e9cise toutefois qu\u2019il y aura quelques semaines pour que les \u00e9tablissements adaptent leur r\u00e8glement int\u00e9rieur, tout en affirmant \u00ab\u00a0<i>qu\u2019aucun argument s\u00e9rieux ne permet de soutenir qu\u2019un \u00e9cran est indispensable en cours<\/i><i>\u00a0<\/i>\u00bb.<\/p>\n<p>Une mesure que le syndicat national des enseignements de second degr\u00e9 (SNES FSU) d\u00e9nonce comme hypocrite dans un communiqu\u00e9 de presse publi\u00e9 mercredi. Pour l\u2019organisation, il s\u2019agit d\u2019\u00ab\u00a0<i>un discours \u00e0 peu pr\u00e8s inop\u00e9rant sur les dangers de la surexposition aux \u00e9crans<\/i>\u00a0\u00bb et pr\u00f4ne bien plut\u00f4t \u00ab\u00a0<i>une politique de pr\u00e9vention visant \u00e0 \u00e9viter une utilisation excessive du num\u00e9rique y compris par et pour l\u2019\u00c9col<\/i>e\u00a0\u00bb. Ils pointent \u00e9galement du doigt la difficult\u00e9 de mettre aussi rapidement en place cette interdiction.<\/p>\n<\/p><\/div>\n","protected":false},"excerpt":{"rendered":"&laquo; Il n&rsquo;y aura pas de r&eacute;forme Geffray.&nbsp;&raquo; Ce mardi, ce n&rsquo;est pas rue de Grenelle qu&rsquo;&Eacute;douard Geffray, ministre de l&rsquo;&Eacute;ducation, a tenu la traditionnelle conf&eacute;rence de rentr&eacute;e, &#8230;","protected":false},"author":1,"featured_media":40564,"comment_status":"open","ping_status":"open","sticky":false,"template":"","format":"standard","meta":{"footnotes":""},"categories":[918,3926,3925,330,331,20],"tags":[673,5820,410,926,412,2949,572,290,497,1468,712,380,364],"news-destination":[3944],"news-source":[475],"is_homepage":[],"ta_other":[],"class_list":["post-40563","post","type-post","status-publish","format-standard","has-post-thumbnail","hentry","category-accueil","category-accueil-merge","category-accueil-third","category-politique","category-social","category-societe","tag-colleges","tag-conference-de-presse","tag-education","tag-education-nationale","tag-eleves","tag-elysee","tag-france","tag-inegalites","tag-ministre","tag-numerique","tag-rentree-scolaire","tag-reseaux-sociaux","tag-syndicats","news-destination-homepage","news-source-website"],"_links":{"self":[{"href":"https:\/\/euapp01.newsmemory.com\/lamarseillaise\/news\/wp-json\/wp\/v2\/posts\/40563","targetHints":{"allow":["GET"]}}],"collection":[{"href":"https:\/\/euapp01.newsmemory.com\/lamarseillaise\/news\/wp-json\/wp\/v2\/posts"}],"about":[{"href":"https:\/\/euapp01.newsmemory.com\/lamarseillaise\/news\/wp-json\/wp\/v2\/types\/post"}],"author":[{"embeddable":true,"href":"https:\/\/euapp01.newsmemory.com\/lamarseillaise\/news\/wp-json\/wp\/v2\/users\/1"}],"replies":[{"embeddable":true,"href":"https:\/\/euapp01.newsmemory.com\/lamarseillaise\/news\/wp-json\/wp\/v2\/comments?post=40563"}],"version-history":[{"count":1,"href":"https:\/\/euapp01.newsmemory.com\/lamarseillaise\/news\/wp-json\/wp\/v2\/posts\/40563\/revisions"}],"predecessor-version":[{"id":40565,"href":"https:\/\/euapp01.newsmemory.com\/lamarseillaise\/news\/wp-json\/wp\/v2\/posts\/40563\/revisions\/40565"}],"wp:featuredmedia":[{"embeddable":true,"href":"https:\/\/euapp01.newsmemory.com\/lamarseillaise\/news\/wp-json\/wp\/v2\/media\/40564"}],"wp:attachment":[{"href":"https:\/\/euapp01.newsmemory.com\/lamarseillaise\/news\/wp-json\/wp\/v2\/media?parent=40563"}],"wp:term":[{"taxonomy":"category","embeddable":true,"href":"https:\/\/euapp01.newsmemory.com\/lamarseillaise\/news\/wp-json\/wp\/v2\/categories?post=40563"},{"taxonomy":"post_tag","embeddable":true,"href":"https:\/\/euapp01.newsmemory.com\/lamarseillaise\/news\/wp-json\/wp\/v2\/tags?post=40563"},{"taxonomy":"news-destination","embeddable":true,"href":"https:\/\/euapp01.newsmemory.com\/lamarseillaise\/news\/wp-json\/wp\/v2\/news-destination?post=40563"},{"taxonomy":"news-source","embeddable":true,"href":"https:\/\/euapp01.newsmemory.com\/lamarseillaise\/news\/wp-json\/wp\/v2\/news-source?post=40563"},{"taxonomy":"is_homepage","embeddable":true,"href":"https:\/\/euapp01.newsmemory.com\/lamarseillaise\/news\/wp-json\/wp\/v2\/is_homepage?post=40563"},{"taxonomy":"ta_other","embeddable":true,"href":"https:\/\/euapp01.newsmemory.com\/lamarseillaise\/news\/wp-json\/wp\/v2\/ta_other?post=40563"}],"curies":[{"name":"wp","href":"https:\/\/api.w.org\/{rel}","templated":true}]}}