{"id":40560,"date":"2026-08-28T06:31:00","date_gmt":"2026-08-28T04:31:00","guid":{"rendered":"https:\/\/euapp01.newsmemory.com\/lamarseillaise\/news\/?p=40560"},"modified":"2026-08-28T10:05:18","modified_gmt":"2026-08-28T08:05:18","slug":"tableau-noir","status":"publish","type":"post","link":"https:\/\/euapp01.newsmemory.com\/lamarseillaise\/news\/2026\/08\/28\/tableau-noir\/","title":{"rendered":"Tableau noir"},"content":{"rendered":"<div class=\"paragraph\">\n<p>Interdiction du portable au lyc\u00e9e et questionnaire sur les violences sexuelles\u00a0: ces deux nouveaut\u00e9s annonc\u00e9es en grande pompe par le ministre de l\u2019\u00c9ducation nationale, \u00c9douard Geffray, ne peuvent \u00eatre l\u2019arbre qui cache la for\u00eat. Car c\u2019est sous le signe de l\u2019aust\u00e9rit\u00e9 budg\u00e9taire que se d\u00e9roule la rentr\u00e9e scolaire 2026-2027, en pleine ann\u00e9e de campagne pr\u00e9sidentielle. La Loi de finances 2027 pr\u00e9voit un budget pour l\u2019\u00e9ducation \u00e0 la hausse de quelque 800 millions d\u2019euros sur une enveloppe totale de 65 milliards. Mais ces 800 millions seront aval\u00e9s par l\u2019inflation et ne changeront pas la r\u00e9alit\u00e9, notamment le gros point noir des r\u00e9mun\u00e9rations des enseignants et des personnels et, plus largement, de tous les fonctionnaires et assimil\u00e9s. Car le cap<br \/>du gouvernement Lecornu est \u00e0 l\u2019aust\u00e9rit\u00e9.<\/p>\n<p><b>Le service public d\u00e9t\u00e9rior\u00e9<\/b><\/p>\n<p>La baisse de la d\u00e9mographie aurait pu cette ann\u00e9e \u00eatre une chance historique pour r\u00e9duire le nombre d\u2019\u00e9l\u00e8ves par classe. Mais le choix fait par le gouvernement est \u00e0 l\u2019oppos\u00e9, des classes sont supprim\u00e9es. L\u2019\u00e9cole illustre la d\u00e9t\u00e9rioration du service public au profit d\u2019une politique tourn\u00e9e vers le patronat et les entreprises du CAC40. Il est significatif que le premier d\u00e9bat public de la pr\u00e9sidentielle entre une partie des candidats se soit d\u00e9roul\u00e9 lors de la rentr\u00e9e du Medef. Les candidats de droite ont redoubl\u00e9 de courbettes \u00e0 l\u2019\u00e9gard de leurs oblig\u00e9s mais la palme revient \u00e0 la frontiste Marine Le\u00a0Pen. L\u2019h\u00e9riti\u00e8re du parti \u00e0 la flamme a donn\u00e9 des gages au patronat en promettant de pr\u00e9senter \u00ab\u00a0<i>juste avant le d\u00e9bat budg\u00e9taire [sa] trajectoire de r\u00e9tablissement des finances publiques avec 125 milliards d\u2019euros d\u2019\u00e9conomies<\/i>\u00a0\u00bb. Preuve, s\u2019il en fallait une de plus, que l\u2019extr\u00eame droite choisit toujours les puissants contre le peuple et ses enfants.<\/p>\n<\/p><\/div>\n","protected":false},"excerpt":{"rendered":"Interdiction du portable au lyc&eacute;e et questionnaire sur les violences sexuelles&nbsp;: ces deux nouveaut&eacute;s annonc&eacute;es en grande pompe par le ministre de l&rsquo;&Eacute;ducation nationale, &Eacute;douard Geffray, ne peuvent &#8230;","protected":false},"author":1,"featured_media":40561,"comment_status":"open","ping_status":"open","sticky":false,"template":"","format":"standard","meta":{"footnotes":""},"categories":[332],"tags":[822,1372,575,572,712,833,2555],"news-destination":[],"news-source":[475],"is_homepage":[],"ta_other":[],"class_list":["post-40560","post","type-post","status-publish","format-standard","has-post-thumbnail","hentry","category-edito","tag-coupes-budgetaires","tag-editoriaux","tag-emmanuel-macron","tag-france","tag-rentree-scolaire","tag-sebastien-lecornu","tag-suppressions-de-postes","news-source-website"],"_links":{"self":[{"href":"https:\/\/euapp01.newsmemory.com\/lamarseillaise\/news\/wp-json\/wp\/v2\/posts\/40560","targetHints":{"allow":["GET"]}}],"collection":[{"href":"https:\/\/euapp01.newsmemory.com\/lamarseillaise\/news\/wp-json\/wp\/v2\/posts"}],"about":[{"href":"https:\/\/euapp01.newsmemory.com\/lamarseillaise\/news\/wp-json\/wp\/v2\/types\/post"}],"author":[{"embeddable":true,"href":"https:\/\/euapp01.newsmemory.com\/lamarseillaise\/news\/wp-json\/wp\/v2\/users\/1"}],"replies":[{"embeddable":true,"href":"https:\/\/euapp01.newsmemory.com\/lamarseillaise\/news\/wp-json\/wp\/v2\/comments?post=40560"}],"version-history":[{"count":1,"href":"https:\/\/euapp01.newsmemory.com\/lamarseillaise\/news\/wp-json\/wp\/v2\/posts\/40560\/revisions"}],"predecessor-version":[{"id":40562,"href":"https:\/\/euapp01.newsmemory.com\/lamarseillaise\/news\/wp-json\/wp\/v2\/posts\/40560\/revisions\/40562"}],"wp:featuredmedia":[{"embeddable":true,"href":"https:\/\/euapp01.newsmemory.com\/lamarseillaise\/news\/wp-json\/wp\/v2\/media\/40561"}],"wp:attachment":[{"href":"https:\/\/euapp01.newsmemory.com\/lamarseillaise\/news\/wp-json\/wp\/v2\/media?parent=40560"}],"wp:term":[{"taxonomy":"category","embeddable":true,"href":"https:\/\/euapp01.newsmemory.com\/lamarseillaise\/news\/wp-json\/wp\/v2\/categories?post=40560"},{"taxonomy":"post_tag","embeddable":true,"href":"https:\/\/euapp01.newsmemory.com\/lamarseillaise\/news\/wp-json\/wp\/v2\/tags?post=40560"},{"taxonomy":"news-destination","embeddable":true,"href":"https:\/\/euapp01.newsmemory.com\/lamarseillaise\/news\/wp-json\/wp\/v2\/news-destination?post=40560"},{"taxonomy":"news-source","embeddable":true,"href":"https:\/\/euapp01.newsmemory.com\/lamarseillaise\/news\/wp-json\/wp\/v2\/news-source?post=40560"},{"taxonomy":"is_homepage","embeddable":true,"href":"https:\/\/euapp01.newsmemory.com\/lamarseillaise\/news\/wp-json\/wp\/v2\/is_homepage?post=40560"},{"taxonomy":"ta_other","embeddable":true,"href":"https:\/\/euapp01.newsmemory.com\/lamarseillaise\/news\/wp-json\/wp\/v2\/ta_other?post=40560"}],"curies":[{"name":"wp","href":"https:\/\/api.w.org\/{rel}","templated":true}]}}