{"id":40557,"date":"2026-08-27T22:52:00","date_gmt":"2026-08-27T20:52:00","guid":{"rendered":"https:\/\/euapp01.newsmemory.com\/lamarseillaise\/news\/?p=40557"},"modified":"2026-08-27T23:23:37","modified_gmt":"2026-08-27T21:23:37","slug":"ideale-entame-de-saison-pour-provence-rugby-vainqueur-dagen","status":"publish","type":"post","link":"https:\/\/euapp01.newsmemory.com\/lamarseillaise\/news\/2026\/08\/27\/ideale-entame-de-saison-pour-provence-rugby-vainqueur-dagen\/","title":{"rendered":"Id\u00e9ale entame de saison pour Provence Rugby vainqueur d\u2019Agen"},"content":{"rendered":"<div class=\"paragraph\">\n<p>Pas de panique, Andres Zafra et ses co\u00e9quipiers ont bien mieux d\u00e9but\u00e9 la saison compar\u00e9 \u00e0 l\u2019ann\u00e9e derni\u00e8re. Les deux revers fin ao\u00fbt, d\u00e9but septembre 2025 avaient emp\u00each\u00e9 Provence Rugby d\u2019acc\u00e9der au top 2 au printemps. Ce jeudi soir, le boulot a \u00e9t\u00e9 fait et bien fait avec une large victoire 44 \u00e0 10 contre Agen, plusieurs crans en-dessous des hommes en noir.<\/p>\n<p>Provence Rugby frappa en premier. Sur leur incursion inaugurale dans les 22 m\u00e8tres adverses, les locaux en ont profit\u00e9 pour ouvrir le score. Le nouveau talonneur Vincent Giudicelli a aplati apr\u00e8s un ballon port\u00e9. La suite fut plus incertaine avec du d\u00e9chet et quelques p\u00e9nalit\u00e9s conc\u00e9d\u00e9es. Le nouveau coup d\u2019acc\u00e9l\u00e9rateur des Aixois fut fatal aux Agenais. Les d\u00e9buts de Giudicelli sont remarquables avec un doubl\u00e9 s\u00e9curis\u00e9 d\u00e8s la 33e minute. Adrien Lap\u00e8gue va m\u00eame enfoncer le clou juste avant la sir\u00e8ne pour prendre 19 longueurs \u00e0 la pause (22-3).<\/p>\n<\/p><\/div>\n<div class=\"intext\"> Deux p\u00e9riodes costaudes de Provence\n              <\/div>\n<div class=\"paragraph\">\n<p>Outre la r\u00e9ussite offensive plut\u00f4t int\u00e9ressante, les Proven\u00e7aux ont eu quelques moments de gr\u00e2ce en d\u00e9fense. Reprise de partie, Agen campe 7 minutes dans la zone de marque des Noirs, mais aucun point inscrit. Les visiteurs sont entr\u00e9s dans l\u2019en-but, sans aplatir, synonyme de ballon rendu. Cette barri\u00e8re infranchissable a fini par c\u00e9der \u00e0 l\u2019heure de jeu avec un essai inscrit par l\u2019ailier Charles Laloi (22-10). Ses points conc\u00e9d\u00e9s n\u2019ont pas du tout chamboul\u00e9 Provence Rugby avec trois nouvelles visites en terre promise par l\u2019entrant Romain Latterrade, l\u2019espoir portugais Manuel Vareiro et le demi d\u2019ouverture Caleb Muntz. La partie \u00e9tait boucl\u00e9e, les hommes du manager Philippe Saint-Andr\u00e9 ont r\u00e9ussi leur d\u00e9but de saison.<\/p>\n<\/p><\/div>\n","protected":false},"excerpt":{"rendered":"Pas de panique, Andres Zafra et ses co&eacute;quipiers ont bien mieux d&eacute;but&eacute; la saison compar&eacute; &agrave; l&rsquo;ann&eacute;e derni&egrave;re. Les deux revers fin ao&ucirc;t, d&eacute;but septembre 2025 avaient &#8230;","protected":false},"author":1,"featured_media":40558,"comment_status":"open","ping_status":"open","sticky":false,"template":"","format":"standard","meta":{"footnotes":""},"categories":[7],"tags":[556,10,1021,1020,904],"news-destination":[],"news-source":[475],"is_homepage":[],"ta_other":[],"class_list":["post-40557","post","type-post","status-publish","format-standard","has-post-thumbnail","hentry","category-sports","tag-aix-en-provence","tag-bouches-du-rhone","tag-pro-d2","tag-provence-rugby","tag-rugby","news-source-website"],"_links":{"self":[{"href":"https:\/\/euapp01.newsmemory.com\/lamarseillaise\/news\/wp-json\/wp\/v2\/posts\/40557","targetHints":{"allow":["GET"]}}],"collection":[{"href":"https:\/\/euapp01.newsmemory.com\/lamarseillaise\/news\/wp-json\/wp\/v2\/posts"}],"about":[{"href":"https:\/\/euapp01.newsmemory.com\/lamarseillaise\/news\/wp-json\/wp\/v2\/types\/post"}],"author":[{"embeddable":true,"href":"https:\/\/euapp01.newsmemory.com\/lamarseillaise\/news\/wp-json\/wp\/v2\/users\/1"}],"replies":[{"embeddable":true,"href":"https:\/\/euapp01.newsmemory.com\/lamarseillaise\/news\/wp-json\/wp\/v2\/comments?post=40557"}],"version-history":[{"count":1,"href":"https:\/\/euapp01.newsmemory.com\/lamarseillaise\/news\/wp-json\/wp\/v2\/posts\/40557\/revisions"}],"predecessor-version":[{"id":40559,"href":"https:\/\/euapp01.newsmemory.com\/lamarseillaise\/news\/wp-json\/wp\/v2\/posts\/40557\/revisions\/40559"}],"wp:featuredmedia":[{"embeddable":true,"href":"https:\/\/euapp01.newsmemory.com\/lamarseillaise\/news\/wp-json\/wp\/v2\/media\/40558"}],"wp:attachment":[{"href":"https:\/\/euapp01.newsmemory.com\/lamarseillaise\/news\/wp-json\/wp\/v2\/media?parent=40557"}],"wp:term":[{"taxonomy":"category","embeddable":true,"href":"https:\/\/euapp01.newsmemory.com\/lamarseillaise\/news\/wp-json\/wp\/v2\/categories?post=40557"},{"taxonomy":"post_tag","embeddable":true,"href":"https:\/\/euapp01.newsmemory.com\/lamarseillaise\/news\/wp-json\/wp\/v2\/tags?post=40557"},{"taxonomy":"news-destination","embeddable":true,"href":"https:\/\/euapp01.newsmemory.com\/lamarseillaise\/news\/wp-json\/wp\/v2\/news-destination?post=40557"},{"taxonomy":"news-source","embeddable":true,"href":"https:\/\/euapp01.newsmemory.com\/lamarseillaise\/news\/wp-json\/wp\/v2\/news-source?post=40557"},{"taxonomy":"is_homepage","embeddable":true,"href":"https:\/\/euapp01.newsmemory.com\/lamarseillaise\/news\/wp-json\/wp\/v2\/is_homepage?post=40557"},{"taxonomy":"ta_other","embeddable":true,"href":"https:\/\/euapp01.newsmemory.com\/lamarseillaise\/news\/wp-json\/wp\/v2\/ta_other?post=40557"}],"curies":[{"name":"wp","href":"https:\/\/api.w.org\/{rel}","templated":true}]}}