{"id":40553,"date":"2026-08-27T21:48:00","date_gmt":"2026-08-27T19:48:00","guid":{"rendered":"https:\/\/euapp01.newsmemory.com\/lamarseillaise\/news\/?p=40553"},"modified":"2026-08-29T08:43:46","modified_gmt":"2026-08-29T06:43:46","slug":"cest-un-mepris-a-legardde-la-population-de-mayotte","status":"publish","type":"post","link":"https:\/\/euapp01.newsmemory.com\/lamarseillaise\/news\/2026\/08\/27\/cest-un-mepris-a-legardde-la-population-de-mayotte\/","title":{"rendered":"[Entretien] \u00ab C\u2019est un m\u00e9pris \u00e0 l\u2019\u00e9gard de la population de Mayotte \u00bb"},"content":{"rendered":"<div class=\"paragraph\">\n<p><b>La Marseillaise :<\/b> <b>Vous avez pass\u00e9 la nuit au commissariat de Mamoudzou o\u00f9 vous \u00e9tiez plac\u00e9 en garde-\u00e0-vue apr\u00e8s un rassemblement intersyndical. Que s\u2019est-il pass\u00e9 ?<\/b><\/p>\n<p>Rivomala Rakotondravelo : Les forces de l\u2019ordre ne voulaient pas que le Premier ministre nous voit. Nous avions une audience pr\u00e9vue le lendemain avec ses conseillers mais rien n\u2019interdit qu\u2019il y ait des banderoles, des drapeaux ou un attroupement sur son passage. Nous avions fait les d\u00e9marches, dans les r\u00e8gles et dans les temps. D\u2019habitude, si \u00e7a ne convient pas, on nous appelle et on essaie de trouver une autre organisation, \u00e7a n\u2019a pas \u00e9t\u00e9 le cas. Ils nous ont d\u00e9plac\u00e9s une premi\u00e8re fois, en nous soulevant. Quelques minutes apr\u00e8s ils nous ont demand\u00e9 que l\u2019on se pousse \u00e0 nouveau, on a refus\u00e9. J\u2019ai dit aux copains \u00ab\u00a0on ne recule pas\u00a0\u00bb. \u00c0 un moment j\u2019ai entendu un ordre \u00ab\u00a0lui, vous l\u2019interpellez\u00a0\u00bb, j\u2019ai \u00e9t\u00e9 menott\u00e9 et une fois arriv\u00e9 au commissariat on m\u2019a dit que j\u2019avais agress\u00e9 un policier. Je suis ressorti libre, j\u2019attends de savoir si le gendarme en question a d\u00e9pos\u00e9 plainte. D\u00e8s ma sortie, je suis reparti en manif\u2019.<\/p>\n<p><b>Que dire sur ces m\u00e9thodes ?<\/b><\/p>\n<p>R.R. : C\u2019est ce gouvernement. Nous avions re\u00e7u <span class=\"mln_uppercase_mln\">\u00e9<\/span>lisabeth Borne, et si je n\u2019ai aucune consid\u00e9ration pour cette dame-l\u00e0, elle \u00e9tait venue, il y avait un millier de personnes dans la rue et tout s\u2019est bien pass\u00e9. Il n\u2019y a pas eu d\u2019escarmouches. D\u2019autres ministres sont venus apr\u00e8s et nous avions pu discuter, il n\u2019y a pas eu de bousculades. Cette fois-ci, c\u2019\u00e9tait tr\u00e8s diff\u00e9rent. M.\u00a0Lecornu est venu avec son \u00e9quipe de Paris et Mayotte avait l\u2019obligation de suivre. Ou pas.<\/p>\n<p>De toute fa\u00e7on, ils n\u2019ont rien \u00e0 dire. Il vaut mieux pour eux qu\u2019on se taise et donc ils ne sont pas oblig\u00e9s de r\u00e9pondre. Ce jeudi s\u2019est tenue une audience avec des conseillers du Premier ministre. On a tout fait pour que \u00e7a n\u2019ait pas lieu comme ils le souhaitaient. On avait demand\u00e9 une audience avec S\u00e9bastien Lecornu ou, au moins, un des ministres, vu qu\u2019ils \u00e9taient six, il y avait l\u2019embarras du choix\u00a0! Mais on n\u2019a vu personne.<\/p>\n<p><b>Quelles \u00e9taient vos revendications ?<\/b><\/p>\n<p>R.R. : On avait juste demand\u00e9 qu\u2019ils ouvrent des n\u00e9gociations pour l\u2019augmentation de l\u2019indexation des salaires et de ren\u00e9gocier la question de la convergence sociale. Mais ils n\u2019avaient rien sous la dent. Le gouvernement pensait que nous applaudirions la foultitude de ministres en visite sur l\u2019\u00eele&#8230;<\/p>\n<p><b>La rentr\u00e9e des classes reste marqu\u00e9e par le passage du cyclone Chido en d\u00e9cembre 2024. Quel est l\u2019\u00e9tat des \u00e9coles ?<\/b><\/p>\n<p>R.R. : Il n\u2019y a pas eu beaucoup de r\u00e9parations. Si on \u00e9tait tatillon, on dirait qu\u2019a minima 40% des \u00e9coles devaient fermer, mais en r\u00e9alit\u00e9 c\u2019est toutes les \u00e9coles. Depuis le passage du cyclone, les normes de s\u00e9curit\u00e9 ne sont pas respect\u00e9es. Quelques \u00e9coles n\u2019ont toujours pas \u00e9t\u00e9 r\u00e9par\u00e9es, si bien que \u00e7a g\u00e9n\u00e8re des fonctionnements atypiques, comme, par exemple, un \u00e9tablissement qui accueille trois \u00e9coles. Avant Chido, on \u00e9tait \u00e0 50% de rotation. L\u00e0, on est actuellement entre 65 et 70%. Le syst\u00e8me scolaire fonctionnait de fa\u00e7on d\u00e9grad\u00e9e avant ce drame. Nous avions beaucoup de retard. Le rectorat dit qu\u2019il nous faudrait 1\u00a0700\u00a0nouvelles salles de classe pour pouvoir normaliser la situation. Nous ne contestons pas ces chiffres mais je pense que \u00e7a peut \u00eatre bien plus.<\/p>\n<p><b>S\u00e9bastien Lecornu, \u00c9douard Philippe et Marine Le<\/b><b>\u00a0<\/b><b>Pen ciblent l\u2019immigration clandestine \u00e0 Mayotte et occultent le reste ?<\/b><\/p>\n<p>R.R. : Contrairement aux autres d\u00e9partements d\u2019Outre-Mer, nous sommes un peu plus r\u00e9silients, un peu plus accueillants et, un peu plus na\u00effs. Quand ils viennent ici, c\u2019est pour redorer leur image. S\u00e9bastien Lecornu s\u2019est rendu dans les Landes, \u00e7a a p\u00e9t\u00e9 l\u00e0-bas, et donc apr\u00e8s \u00e7a, il vient \u00e0 Mayotte. La question de l\u2019immigration est tellement pouss\u00e9e ici que c\u2019est du lait pour Marine Le Pen. Les gens ici ne sont pas fonci\u00e8rement racistes, non. C\u2019est qu\u2019il y a des difficult\u00e9s et des probl\u00e8mes non g\u00e9r\u00e9s.<\/p>\n<p><b>Comment jugez-vous l\u2019attitude<br \/>du gouvernement vis-\u00e0-vis<br \/>des syndicats et de la population mahoraise dans sa globalit\u00e9 ?<\/b><\/p>\n<p>R.R. : C\u2019est un m\u00e9pris \u00e0 l\u2019\u00e9gard des Mahorais, de la population qui vit \u00e0 Mayotte. Il y a toujours eu un autre regard, historique de la France sur les Outre-Mer, mais Mayotte a l\u2019outrecuidance, on va dire, d\u2019\u00eatre \u00e0 90% musulmane.<\/p>\n<\/p><\/div>\n","protected":false},"excerpt":{"rendered":"La Marseillaise : Vous avez pass&eacute; la nuit au commissariat de Mamoudzou o&ugrave; vous &eacute;tiez plac&eacute; en garde-&agrave;-vue apr&egrave;s un rassemblement intersyndical. Que s&rsquo;est-il pass&eacute; ?","protected":false},"author":1,"featured_media":40554,"comment_status":"open","ping_status":"open","sticky":false,"template":"","format":"standard","meta":{"footnotes":""},"categories":[918,3926,3925,331],"tags":[410,343,572,406,528,6313,1587,911,364],"news-destination":[3944],"news-source":[475],"is_homepage":[],"ta_other":[],"class_list":["post-40553","post","type-post","status-publish","format-standard","has-post-thumbnail","hentry","category-accueil","category-accueil-merge","category-accueil-third","category-social","tag-education","tag-entretien","tag-france","tag-fsu","tag-gouvernement","tag-mayotte","tag-repression-syndicale","tag-revendications","tag-syndicats","news-destination-homepage","news-source-website"],"_links":{"self":[{"href":"https:\/\/euapp01.newsmemory.com\/lamarseillaise\/news\/wp-json\/wp\/v2\/posts\/40553","targetHints":{"allow":["GET"]}}],"collection":[{"href":"https:\/\/euapp01.newsmemory.com\/lamarseillaise\/news\/wp-json\/wp\/v2\/posts"}],"about":[{"href":"https:\/\/euapp01.newsmemory.com\/lamarseillaise\/news\/wp-json\/wp\/v2\/types\/post"}],"author":[{"embeddable":true,"href":"https:\/\/euapp01.newsmemory.com\/lamarseillaise\/news\/wp-json\/wp\/v2\/users\/1"}],"replies":[{"embeddable":true,"href":"https:\/\/euapp01.newsmemory.com\/lamarseillaise\/news\/wp-json\/wp\/v2\/comments?post=40553"}],"version-history":[{"count":2,"href":"https:\/\/euapp01.newsmemory.com\/lamarseillaise\/news\/wp-json\/wp\/v2\/posts\/40553\/revisions"}],"predecessor-version":[{"id":40556,"href":"https:\/\/euapp01.newsmemory.com\/lamarseillaise\/news\/wp-json\/wp\/v2\/posts\/40553\/revisions\/40556"}],"wp:featuredmedia":[{"embeddable":true,"href":"https:\/\/euapp01.newsmemory.com\/lamarseillaise\/news\/wp-json\/wp\/v2\/media\/40554"}],"wp:attachment":[{"href":"https:\/\/euapp01.newsmemory.com\/lamarseillaise\/news\/wp-json\/wp\/v2\/media?parent=40553"}],"wp:term":[{"taxonomy":"category","embeddable":true,"href":"https:\/\/euapp01.newsmemory.com\/lamarseillaise\/news\/wp-json\/wp\/v2\/categories?post=40553"},{"taxonomy":"post_tag","embeddable":true,"href":"https:\/\/euapp01.newsmemory.com\/lamarseillaise\/news\/wp-json\/wp\/v2\/tags?post=40553"},{"taxonomy":"news-destination","embeddable":true,"href":"https:\/\/euapp01.newsmemory.com\/lamarseillaise\/news\/wp-json\/wp\/v2\/news-destination?post=40553"},{"taxonomy":"news-source","embeddable":true,"href":"https:\/\/euapp01.newsmemory.com\/lamarseillaise\/news\/wp-json\/wp\/v2\/news-source?post=40553"},{"taxonomy":"is_homepage","embeddable":true,"href":"https:\/\/euapp01.newsmemory.com\/lamarseillaise\/news\/wp-json\/wp\/v2\/is_homepage?post=40553"},{"taxonomy":"ta_other","embeddable":true,"href":"https:\/\/euapp01.newsmemory.com\/lamarseillaise\/news\/wp-json\/wp\/v2\/ta_other?post=40553"}],"curies":[{"name":"wp","href":"https:\/\/api.w.org\/{rel}","templated":true}]}}