{"id":40549,"date":"2026-08-27T19:18:00","date_gmt":"2026-08-27T17:18:00","guid":{"rendered":"https:\/\/euapp01.newsmemory.com\/lamarseillaise\/news\/?p=40549"},"modified":"2026-08-29T08:43:47","modified_gmt":"2026-08-29T06:43:47","slug":"un-nombre-record-denfants-a-la-rue-dans-la-region","status":"publish","type":"post","link":"https:\/\/euapp01.newsmemory.com\/lamarseillaise\/news\/2026\/08\/27\/un-nombre-record-denfants-a-la-rue-dans-la-region\/","title":{"rendered":"Un nombre record d\u2019enfants \u00e0 la rue dans la r\u00e9gion"},"content":{"rendered":"<div class=\"paragraph\">\n<p>\u00c0 la veille de la rentr\u00e9e scolaire, au moins 131\u00a0enfants, dont\u00a021 de moins de 3\u00a0ans, sont sans solution apr\u00e8s un appel au\u00a0115 en Provence-Alpes-C\u00f4te d\u2019Azur posent dans un communiqu\u00e9 la f\u00e9d\u00e9ration des acteurs de la solidarit\u00e9 (FAS) et l\u2019Unicef France. \u00ab\u00a0<i>Cela repr\u00e9sente une hausse de 42% depuis 2022<\/i>\u00a0\u00bb, commente la FAS. Et de rappeler qu\u2019\u00ab\u00a0<i>en 2017, Emmanuel Macron exprimait l\u2019ambition de ne plus voir &#8220;<\/i><i>des femmes et des hommes dans les rues<\/i><i>&#8221; avant la fin de l\u2019ann\u00e9e<\/i>\u00a0\u00bb puis en 2022, que le gouvernement s\u2019\u00e9tait \u00ab\u00a0<i>r\u00e9engag\u00e9 \u00e0 &#8220;<\/i><i>ne plus avoir aucun enfant \u00e0 la rue<\/i><i>&#8220;<\/i><i>\u00a0<\/i>\u00bb.<\/p>\n<\/p><\/div>\n<div class=\"intext\"> Le sommet de l\u2019iceberg\n              <\/div>\n<div class=\"paragraph\">\n<p>Ce constat s\u2019inscrit dans un contexte o\u00f9 \u00ab\u00a0<i>de nombreuses personnes ne parviennent pas \u00e0 joindre le<\/i><i>\u00a0<\/i><i>115 ou renoncent \u00e0 appeler<\/i>\u00a0\u00bb pointe la FAS. <a href=\"https:\/\/www.lamarseillaise.fr\/societe\/les-acteurs-de-l-hebergement-d-urgence-disent-non-a-l-etat-dans-les-bouches-du-rhone-MB20560480\">Dans les Bouches-du-Rh\u00f4ne, le SIAO\u00a013, plateforme d\u00e9partementale de coordination et de r\u00e9gulation de l\u2019h\u00e9bergement d\u2019urgence, a d\u00e9nonc\u00e9 d\u00e9but ao\u00fbt les crit\u00e8res de plus en plus restrictifs des conditions d\u2019accueil, rappelant que ce dernier devait de par la loi \u00eatre \u00ab\u00a0<i>inconditionnel<\/i><i>\u00a0<\/i>\u00bb. <\/a>Et dans la foul\u00e9e, une vingtaine d\u2019associations s\u2019\u00e9tait oppos\u00e9e aux instructions pr\u00e9fectorales de remettre \u00e0 la rue des personnes h\u00e9berg\u00e9es \u00e0 l\u2019h\u00f4tel, l\u2019\u00c9tat s\u2019\u00e9tant fix\u00e9 \u00e0 un objectif \u00ab\u00a0<i>comptable<\/i>\u00a0\u00bb de 1\u00a0500\u00a0nuit\u00e9es par jour, contre 1\u00a0700\u00a0actuellement. Pour que le prochain quinquennat soit \u00ab\u00a0<i>\u00e0 la hauteur des enjeux<\/i>\u00a0\u00bb, FAS et Unicef pr\u00e9conisent notamment, dans le cadre de la loi de finances\u00a02027, \u00ab\u00a0<i>la cr\u00e9ation de 10<\/i><i>\u00a0<\/i><i>000<\/i><i>\u00a0<\/i><i>places d\u2019h\u00e9bergement suppl\u00e9mentaires<\/i><i>\u00a0<\/i>\u00bb et le financement de la mise en \u0153uvre du plan \u00ab\u00a0Enfants mal-log\u00e9s\u00a0\u00bb.<\/p>\n<\/p><\/div>\n","protected":false},"excerpt":{"rendered":"&Agrave; la veille de la rentr&eacute;e scolaire, au moins 131&nbsp;enfants, dont&nbsp;21 de moins de 3&nbsp;ans, sont sans solution apr&egrave;s un appel au&nbsp;115 en Provence-Alpes-C&ocirc;te d&rsquo;Azur posent dans un communiqu&eacute; la &#8230;","protected":false},"author":1,"featured_media":40550,"comment_status":"open","ping_status":"open","sticky":false,"template":"","format":"standard","meta":{"footnotes":""},"categories":[918,3926,3925,20],"tags":[723,575,57,387,163,528,1185,222,712,260,1572],"news-destination":[3944],"news-source":[475],"is_homepage":[],"ta_other":[],"class_list":["post-40549","post","type-post","status-publish","format-standard","has-post-thumbnail","hentry","category-accueil","category-accueil-merge","category-accueil-third","category-societe","tag-bilan","tag-emmanuel-macron","tag-enfants","tag-femmes","tag-financement","tag-gouvernement","tag-record","tag-region-sud-paca","tag-rentree-scolaire","tag-solidarite","tag-unicef","news-destination-homepage","news-source-website"],"_links":{"self":[{"href":"https:\/\/euapp01.newsmemory.com\/lamarseillaise\/news\/wp-json\/wp\/v2\/posts\/40549","targetHints":{"allow":["GET"]}}],"collection":[{"href":"https:\/\/euapp01.newsmemory.com\/lamarseillaise\/news\/wp-json\/wp\/v2\/posts"}],"about":[{"href":"https:\/\/euapp01.newsmemory.com\/lamarseillaise\/news\/wp-json\/wp\/v2\/types\/post"}],"author":[{"embeddable":true,"href":"https:\/\/euapp01.newsmemory.com\/lamarseillaise\/news\/wp-json\/wp\/v2\/users\/1"}],"replies":[{"embeddable":true,"href":"https:\/\/euapp01.newsmemory.com\/lamarseillaise\/news\/wp-json\/wp\/v2\/comments?post=40549"}],"version-history":[{"count":1,"href":"https:\/\/euapp01.newsmemory.com\/lamarseillaise\/news\/wp-json\/wp\/v2\/posts\/40549\/revisions"}],"predecessor-version":[{"id":40551,"href":"https:\/\/euapp01.newsmemory.com\/lamarseillaise\/news\/wp-json\/wp\/v2\/posts\/40549\/revisions\/40551"}],"wp:featuredmedia":[{"embeddable":true,"href":"https:\/\/euapp01.newsmemory.com\/lamarseillaise\/news\/wp-json\/wp\/v2\/media\/40550"}],"wp:attachment":[{"href":"https:\/\/euapp01.newsmemory.com\/lamarseillaise\/news\/wp-json\/wp\/v2\/media?parent=40549"}],"wp:term":[{"taxonomy":"category","embeddable":true,"href":"https:\/\/euapp01.newsmemory.com\/lamarseillaise\/news\/wp-json\/wp\/v2\/categories?post=40549"},{"taxonomy":"post_tag","embeddable":true,"href":"https:\/\/euapp01.newsmemory.com\/lamarseillaise\/news\/wp-json\/wp\/v2\/tags?post=40549"},{"taxonomy":"news-destination","embeddable":true,"href":"https:\/\/euapp01.newsmemory.com\/lamarseillaise\/news\/wp-json\/wp\/v2\/news-destination?post=40549"},{"taxonomy":"news-source","embeddable":true,"href":"https:\/\/euapp01.newsmemory.com\/lamarseillaise\/news\/wp-json\/wp\/v2\/news-source?post=40549"},{"taxonomy":"is_homepage","embeddable":true,"href":"https:\/\/euapp01.newsmemory.com\/lamarseillaise\/news\/wp-json\/wp\/v2\/is_homepage?post=40549"},{"taxonomy":"ta_other","embeddable":true,"href":"https:\/\/euapp01.newsmemory.com\/lamarseillaise\/news\/wp-json\/wp\/v2\/ta_other?post=40549"}],"curies":[{"name":"wp","href":"https:\/\/api.w.org\/{rel}","templated":true}]}}