{"id":40544,"date":"2026-08-27T16:47:00","date_gmt":"2026-08-27T14:47:00","guid":{"rendered":"https:\/\/euapp01.newsmemory.com\/lamarseillaise\/news\/?p=40544"},"modified":"2026-08-29T08:43:47","modified_gmt":"2026-08-29T06:43:47","slug":"les-salaries-de-fibre-excellence-en-appelle-a-la-police-de-lenvironnement","status":"publish","type":"post","link":"https:\/\/euapp01.newsmemory.com\/lamarseillaise\/news\/2026\/08\/27\/les-salaries-de-fibre-excellence-en-appelle-a-la-police-de-lenvironnement\/","title":{"rendered":"[Exclusif] Les salari\u00e9s de Fibre Excellence en appellent \u00e0 la police de l\u2019environnement"},"content":{"rendered":"<div class=\"paragraph\">\n<p>La situation est toujours plus que tendue sur le site de Fibre Excellence de Tarascon. Apr\u00e8s le blocage, ce mercredi, de l\u2019arriv\u00e9e d\u2019une entreprise de maintenance industrielle qui doit g\u00e9rer la fermeture du site class\u00e9 Seveso, voil\u00e0 que la CGT monte \u00e0 nouveau au cr\u00e9neau. Et toujours pour un potentiel \u00ab<i>risque industriel et environnemental<\/i>\u00bb en lien avec la transition post-fermeture du site. \u00ab <i>Le mandataire judiciaire veut couper l\u2019\u00e9lectricit\u00e9 sur le site. Cela a \u00e9t\u00e9 annonc\u00e9 ce matin<\/i> \u00bb, s\u2019alarme Jean-Michel Bulinge, d\u00e9l\u00e9gu\u00e9 syndical CGT de l\u2019usine. Son inqui\u00e9tude ne vient pas de nulle part : Forc\u00e9ment, une coupure d\u2019\u00e9lectricit\u00e9, si elle est mal r\u00e9alis\u00e9e, peut avoir un vrai impact sur un site de cette ampleur. \u00ab<i> Le mandataire veut couper l\u2019\u00e9lectricit\u00e9 au motif que les liqueurs sont fig\u00e9es et qu\u2019il n\u2019y a donc pas n\u00e9cessit\u00e9 \u00e0 les maintenir en circulation <\/i>\u00bb, explique-t-il. Pas de quoi alerter les non initi\u00e9s mais cette question des liqueurs n\u2019est pas anodine.<\/p>\n<p>En effet, les liqueurs, noires et blanches, sont des solutions chimiques utilis\u00e9es dans le proc\u00e9d\u00e9 industriel des papeteries et usines de p\u00e2te \u00e0 papier. Quand elles sont \u00abfig\u00e9es\u00bb, c\u2019est qu\u2019elles ne coulent plus. D\u2019o\u00f9 le probl\u00e8me soulev\u00e9 par la CGT : \u00ab <i>Elles ne sont pas fig\u00e9es ! On va droit face \u00e0 risque industriel <\/i>\u00bb. Une affirmation appuy\u00e9e par plusieurs vid\u00e9os o\u00f9 les salari\u00e9s constatent effectivement qu\u2019elles coulent toujours. \u00ab <i>S\u2019il n\u2019y a plus d\u2019\u00e9lectricit\u00e9, les liqueurs ne circuleront plus, elles vont se figer et cela va d\u00e9grader l\u2019outil. S\u2019il n\u2019y a plus d\u2019\u00e9lectricit\u00e9, on ne peut plus prendre la main, en cas de d\u00e9faillance, sur beaucoup de vannes qui sont pneumatiques<\/i> \u00bb, alerte Jean-Michel Bulinge. Avant de tonner : \u00ab <i>On est pr\u00eat \u00e0 accueillir les services de l\u2019\u00c9tat, la Dreal <\/i>[Direction r\u00e9gionale de l\u2019Environnement, de l\u2019Am\u00e9nagement et du Logement]<i>, et \u00e0 le faire constater <\/i>\u00bb.<\/p>\n<p>Contact\u00e9, le mandataire judiciaire se veut, au contraire, rassurant et balaie d\u2019un revers de main les inqui\u00e9tudes syndicales : \u00ab <i>On est sur une simple mise en s\u00e9curit\u00e9 du site, ni plus ni moins, en concertation avec les \u00e9quipes qui en sont en charge depuis 3 semaines<\/i> \u00bb. Il \u00e9voque une coupure d\u2019\u00e9lectricit\u00e9 \u00ab <i>ma\u00eetris\u00e9e<\/i> \u00bb. \u00ab<i> On ne va pas couper l\u2019\u00e9lectricit\u00e9 en tant que telle, nous allons mettre \u00e0 l\u2019arr\u00eat certains secteurs isol\u00e9s de mani\u00e8re raisonn\u00e9e, avec les gens qui connaissent leur usine et leur m\u00e9tier <\/i>\u00bb, d\u00e9veloppe Ma\u00eetre Brenac. Et de conclure sur la question des liqueurs : \u00ab<i> Ce sont des inqui\u00e9tudes infond\u00e9es<\/i> \u00bb.<\/p>\n<p>Pas de quoi convaincre la CGT : \u00ab <i>Qu\u2019il le d\u00e9montre avec un plan de coupure<\/i> <i>!<\/i> \u00bb. Elle n\u2019est d\u2019ailleurs pas la seule \u00e0 monter au cr\u00e9neau puisque l\u2019intersyndicale (CGT, FO et CFDT) du site, dans un communiqu\u00e9 de presse diffus\u00e9 dans l\u2019apr\u00e8s-midi appuie l\u2019inqui\u00e9tude : \u00ab <i>Le liquidateur pr\u00e9voit tout simplement de couper l\u2019\u00e9lectricit\u00e9 de l\u2019usine afin de supprimer les risques. Comment peut-on simplement penser qu\u2019il suffirait de couper l\u2019alimentation \u00e9lectrique pour que notre usine de Tarascon, class\u00e9e Seveso, ne soit plus dangereuse ? <\/i>\u00bb.<\/p>\n<\/p><\/div>\n","protected":false},"excerpt":{"rendered":"La situation est toujours plus que tendue sur le site de Fibre Excellence de Tarascon. Apr&egrave;s le blocage, ce mercredi, de l&rsquo;arriv&eacute;e d&rsquo;une entreprise de maintenance industrielle qui doit g&eacute;rer la fermeture du site &#8230;","protected":false},"author":1,"featured_media":40545,"comment_status":"open","ping_status":"open","sticky":false,"template":"","format":"standard","meta":{"footnotes":""},"categories":[918,3926,3925,331],"tags":[10,6328,4279,488,1911,1740],"news-destination":[3944],"news-source":[475],"is_homepage":[],"ta_other":[],"class_list":["post-40544","post","type-post","status-publish","format-standard","has-post-thumbnail","hentry","category-accueil","category-accueil-merge","category-accueil-third","category-social","tag-bouches-du-rhone","tag-dreal","tag-fibre-excellence","tag-industriels","tag-risques","tag-tarascon","news-destination-homepage","news-source-website"],"_links":{"self":[{"href":"https:\/\/euapp01.newsmemory.com\/lamarseillaise\/news\/wp-json\/wp\/v2\/posts\/40544","targetHints":{"allow":["GET"]}}],"collection":[{"href":"https:\/\/euapp01.newsmemory.com\/lamarseillaise\/news\/wp-json\/wp\/v2\/posts"}],"about":[{"href":"https:\/\/euapp01.newsmemory.com\/lamarseillaise\/news\/wp-json\/wp\/v2\/types\/post"}],"author":[{"embeddable":true,"href":"https:\/\/euapp01.newsmemory.com\/lamarseillaise\/news\/wp-json\/wp\/v2\/users\/1"}],"replies":[{"embeddable":true,"href":"https:\/\/euapp01.newsmemory.com\/lamarseillaise\/news\/wp-json\/wp\/v2\/comments?post=40544"}],"version-history":[{"count":2,"href":"https:\/\/euapp01.newsmemory.com\/lamarseillaise\/news\/wp-json\/wp\/v2\/posts\/40544\/revisions"}],"predecessor-version":[{"id":40547,"href":"https:\/\/euapp01.newsmemory.com\/lamarseillaise\/news\/wp-json\/wp\/v2\/posts\/40544\/revisions\/40547"}],"wp:featuredmedia":[{"embeddable":true,"href":"https:\/\/euapp01.newsmemory.com\/lamarseillaise\/news\/wp-json\/wp\/v2\/media\/40545"}],"wp:attachment":[{"href":"https:\/\/euapp01.newsmemory.com\/lamarseillaise\/news\/wp-json\/wp\/v2\/media?parent=40544"}],"wp:term":[{"taxonomy":"category","embeddable":true,"href":"https:\/\/euapp01.newsmemory.com\/lamarseillaise\/news\/wp-json\/wp\/v2\/categories?post=40544"},{"taxonomy":"post_tag","embeddable":true,"href":"https:\/\/euapp01.newsmemory.com\/lamarseillaise\/news\/wp-json\/wp\/v2\/tags?post=40544"},{"taxonomy":"news-destination","embeddable":true,"href":"https:\/\/euapp01.newsmemory.com\/lamarseillaise\/news\/wp-json\/wp\/v2\/news-destination?post=40544"},{"taxonomy":"news-source","embeddable":true,"href":"https:\/\/euapp01.newsmemory.com\/lamarseillaise\/news\/wp-json\/wp\/v2\/news-source?post=40544"},{"taxonomy":"is_homepage","embeddable":true,"href":"https:\/\/euapp01.newsmemory.com\/lamarseillaise\/news\/wp-json\/wp\/v2\/is_homepage?post=40544"},{"taxonomy":"ta_other","embeddable":true,"href":"https:\/\/euapp01.newsmemory.com\/lamarseillaise\/news\/wp-json\/wp\/v2\/ta_other?post=40544"}],"curies":[{"name":"wp","href":"https:\/\/api.w.org\/{rel}","templated":true}]}}