{"id":40541,"date":"2026-08-27T16:15:00","date_gmt":"2026-08-27T14:15:00","guid":{"rendered":"https:\/\/euapp01.newsmemory.com\/lamarseillaise\/news\/?p=40541"},"modified":"2026-08-28T14:39:40","modified_gmt":"2026-08-28T12:39:40","slug":"sebastien-delogu-depute-lfi-place-en-garde-a-vue","status":"publish","type":"post","link":"https:\/\/euapp01.newsmemory.com\/lamarseillaise\/news\/2026\/08\/27\/sebastien-delogu-depute-lfi-place-en-garde-a-vue\/","title":{"rendered":"S\u00e9bastien Delogu d\u00e9put\u00e9 LFI plac\u00e9 en garde \u00e0 vue"},"content":{"rendered":"<div class=\"paragraph\">\n<p>Le parquet de Marseille a confirm\u00e9 ce jeudi-apr\u00e8s midi le placement en garde \u00e0 vue du d\u00e9put\u00e9 LFI de Marseille S\u00e9bastien Delogu <i>\u00abdans le cadre de l\u2019enqu\u00eate de flagrance diligent\u00e9e pour outrage sur personne d\u00e9positaire de l\u2019autorit\u00e9 publique\u00bb<\/i>, comme l\u2019a r\u00e9v\u00e9l\u00e9 l\u2019AFP. Le parlementaire \u00e9tait convoqu\u00e9 en d\u00e9but d\u2019apr\u00e8s-midi en audition libre suite \u00e0 la plainte d\u00e9pos\u00e9e par un policier, apr\u00e8s une altercation lundi apr\u00e8s-midi dans le hall du b\u00e2timent o\u00f9 il r\u00e9side.<\/p>\n<p>A l\u2019arriv\u00e9e de S\u00e9bastien Delogu au commissariat de l\u2019Evech\u00e9 (2e), son avocat Me Yones Taguelmint confirmait \u00e0 la presse avoir d\u00e9pos\u00e9 plainte mardi soir contre X, pour violence physique et injures par personne d\u00e9positaire de l\u2019autorit\u00e9 publique. Dans une vid\u00e9o diffus\u00e9e \u00e0 la presse, on entendait un policier en civil traiter le parlementaire de \u00abtrou du cul\u00bb. Le ministre de l\u2019Int\u00e9rieur avait apport\u00e9 son soutien aux policiers impliqu\u00e9s. \u00abLes policiers intervenaient pour interpeller l\u2019auteur d\u2019un vol en flagrance\u00bb, expliquait-il.<\/p>\n<\/p><\/div>\n","protected":false},"excerpt":{"rendered":"Le parquet de Marseille a confirm&eacute; ce jeudi-apr&egrave;s midi le placement en garde &agrave; vue du d&eacute;put&eacute; LFI de Marseille S&eacute;bastien Delogu &laquo;dans le cadre de l&rsquo;enqu&ecirc;te de flagrance diligent&eacute;e &#8230;","protected":false},"author":1,"featured_media":40542,"comment_status":"open","ping_status":"open","sticky":false,"template":"","format":"standard","meta":{"footnotes":""},"categories":[918,3926,3925,20],"tags":[10,4125,3851,1990,541,2061,2361,1515,1699,2033],"news-destination":[3944],"news-source":[475],"is_homepage":[],"ta_other":[],"class_list":["post-40541","post","type-post","status-publish","format-standard","has-post-thumbnail","hentry","category-accueil","category-accueil-merge","category-accueil-third","category-societe","tag-bouches-du-rhone","tag-commissariat","tag-convocation","tag-garde-a-vue","tag-lfi","tag-parquet","tag-plainte","tag-policier","tag-policiers","tag-sebastien-delogu","news-destination-homepage","news-source-website"],"_links":{"self":[{"href":"https:\/\/euapp01.newsmemory.com\/lamarseillaise\/news\/wp-json\/wp\/v2\/posts\/40541","targetHints":{"allow":["GET"]}}],"collection":[{"href":"https:\/\/euapp01.newsmemory.com\/lamarseillaise\/news\/wp-json\/wp\/v2\/posts"}],"about":[{"href":"https:\/\/euapp01.newsmemory.com\/lamarseillaise\/news\/wp-json\/wp\/v2\/types\/post"}],"author":[{"embeddable":true,"href":"https:\/\/euapp01.newsmemory.com\/lamarseillaise\/news\/wp-json\/wp\/v2\/users\/1"}],"replies":[{"embeddable":true,"href":"https:\/\/euapp01.newsmemory.com\/lamarseillaise\/news\/wp-json\/wp\/v2\/comments?post=40541"}],"version-history":[{"count":1,"href":"https:\/\/euapp01.newsmemory.com\/lamarseillaise\/news\/wp-json\/wp\/v2\/posts\/40541\/revisions"}],"predecessor-version":[{"id":40543,"href":"https:\/\/euapp01.newsmemory.com\/lamarseillaise\/news\/wp-json\/wp\/v2\/posts\/40541\/revisions\/40543"}],"wp:featuredmedia":[{"embeddable":true,"href":"https:\/\/euapp01.newsmemory.com\/lamarseillaise\/news\/wp-json\/wp\/v2\/media\/40542"}],"wp:attachment":[{"href":"https:\/\/euapp01.newsmemory.com\/lamarseillaise\/news\/wp-json\/wp\/v2\/media?parent=40541"}],"wp:term":[{"taxonomy":"category","embeddable":true,"href":"https:\/\/euapp01.newsmemory.com\/lamarseillaise\/news\/wp-json\/wp\/v2\/categories?post=40541"},{"taxonomy":"post_tag","embeddable":true,"href":"https:\/\/euapp01.newsmemory.com\/lamarseillaise\/news\/wp-json\/wp\/v2\/tags?post=40541"},{"taxonomy":"news-destination","embeddable":true,"href":"https:\/\/euapp01.newsmemory.com\/lamarseillaise\/news\/wp-json\/wp\/v2\/news-destination?post=40541"},{"taxonomy":"news-source","embeddable":true,"href":"https:\/\/euapp01.newsmemory.com\/lamarseillaise\/news\/wp-json\/wp\/v2\/news-source?post=40541"},{"taxonomy":"is_homepage","embeddable":true,"href":"https:\/\/euapp01.newsmemory.com\/lamarseillaise\/news\/wp-json\/wp\/v2\/is_homepage?post=40541"},{"taxonomy":"ta_other","embeddable":true,"href":"https:\/\/euapp01.newsmemory.com\/lamarseillaise\/news\/wp-json\/wp\/v2\/ta_other?post=40541"}],"curies":[{"name":"wp","href":"https:\/\/api.w.org\/{rel}","templated":true}]}}