{"id":40538,"date":"2026-08-27T19:27:00","date_gmt":"2026-08-27T17:27:00","guid":{"rendered":"https:\/\/euapp01.newsmemory.com\/lamarseillaise\/news\/?p=40538"},"modified":"2026-08-29T08:43:46","modified_gmt":"2026-08-29T06:43:46","slug":"ales-veut-se-tourner-vers-la-jeunesse-etudiante","status":"publish","type":"post","link":"https:\/\/euapp01.newsmemory.com\/lamarseillaise\/news\/2026\/08\/27\/ales-veut-se-tourner-vers-la-jeunesse-etudiante\/","title":{"rendered":"Al\u00e8s veut se tourner vers la jeunesse \u00e9tudiante"},"content":{"rendered":"<div class=\"paragraph\">\n<p>Apr\u00e8s l\u2019\u00e9t\u00e9 difficile -marqu\u00e9 notamment par des menaces de mort attribu\u00e9es \u00e0 la DZ Mafia et une protection polici\u00e8re renforc\u00e9e- le maire d\u2019Al\u00e8s avait retrouv\u00e9 le sourire pour pr\u00e9senter la rentr\u00e9e scolaire dans sa ville. Il a d\u2019abord insist\u00e9 sur les chiffres\u00a0: plus de 3\u00a0000\u00a0enfants seront accueillis dans les \u00e9coles primaires et \u00e9l\u00e9mentaires publiques (850 en priv\u00e9), huit classes Ulis sont toujours ouvertes \u00e0 Al\u00e8s et ce sont au total 8\u00a0500\u00a0\u00e9l\u00e8ves qui effectueront leur rentr\u00e9e en septembre, en comptant les coll\u00e9giens et les lyc\u00e9ens. \u00ab\u00a0<i>Les effectifs baissent l\u00e9g\u00e8rement en primaire mais les 9-16<\/i><i>\u00a0<\/i><i>ans sont globalement plus nombreux<\/i><i>\u00a0<\/i>\u00bb, s\u2019est-il f\u00e9licit\u00e9.<\/p>\n<p>Pour cela, la Ville s\u2019est dot\u00e9e d\u2019un budget \u00ab\u00a0<i>revaloris\u00e9<\/i>\u00a0\u00bb de 6,5\u00a0millions d\u2019euros (2,8\u00a0millions hors ressources humaines) dont plus d\u2019un million est consacr\u00e9 aux cantines pour les 1\u00a0130\u00a0repas servis en moyenne par jour. Des travaux se sont d\u00e9roul\u00e9s cet \u00e9t\u00e9 pour s\u00e9curiser l\u2019\u00e9cole de Promelles (apr\u00e8s que des tirs ont \u00e9t\u00e9 entendus l\u2019an dernier \u00e0 proximit\u00e9 de l\u2019\u00e9tablissement), poursuivre l\u2019accessibilit\u00e9 pour tous et pour que chaque \u00e9cole soit dot\u00e9e \u00ab<i>\u00a0<\/i><i>d\u2019une pi\u00e8ce climatis\u00e9e<\/i>\u00a0\u00bb. \u00ab\u00a0<i>Je ne pense pas que climatiser toutes les classes pour un mois et demi par an soit tr\u00e8s rentable<\/i><i>\u00a0<\/i>\u00bb, a pr\u00e9cis\u00e9 l\u2019\u00e9dile.<\/p>\n<\/p><\/div>\n<div class=\"intext\"> Al\u00e8s, ville \u00e9tudiante\u00a0?\n              <\/div>\n<div class=\"paragraph\">\n<p>Christophe Rivenq a \u00e9galement insist\u00e9 sur la rentr\u00e9e \u00e9tudiante, car le maire souhaite \u00ab\u00a0<i>cr\u00e9er une dynamique de vie \u00e9tudiante sur l\u2019agglom\u00e9ration<\/i><i>\u00a0<\/i>\u00bb. \u00ab\u00a0<i>Nous nous sommes rendu compte qu\u2019il y avait de nombreuses formations post-bac \u00e0 Al\u00e8s mais que ces instituts ne discutent pas entre eux<\/i>\u00a0\u00bb, explique-t-il. Face \u00e0 cette situation, le Bureau des \u00e9tudiants (BDE) de l\u2019\u00e9cole des Mines d\u2019Al\u00e8s, qui accueille 1\u00a0400\u00a0\u00e9l\u00e8ves chaque ann\u00e9e &#8211; premi\u00e8re \u00e9cole g\u00e9n\u00e9raliste d\u2019Occitanie et top 23\u00a0<i>ex \u00e6quo<\/i> du palmar\u00e8s 2026 de <i>l\u2019\u00c9tudiant,<\/i> qui \u00e9value 170 \u00e9coles d\u2019ing\u00e9nieurs &#8211; portera un BDE inter\u00e9tablissement pour piloter des projets communs.<\/p>\n<p>Une journ\u00e9e d\u2019int\u00e9gration inter-\u00e9tablissements sera aussi organis\u00e9e le 13 octobre dans les ar\u00e8nes avec, au programme, parcours d\u00e9couverte de la ville, jeux, quiz et la pr\u00e9sence d\u2019un village \u00e9tudiant salle Cazot. Durant l\u2019ann\u00e9e, la Ville pr\u00e9voit aussi l\u2019organisation de rencontres sportives, culturelles et festives.<\/p>\n<\/p><\/div>\n","protected":false},"excerpt":{"rendered":"Apr&egrave;s l&rsquo;&eacute;t&eacute; difficile -marqu&eacute; notamment par des menaces de mort attribu&eacute;es &agrave; la DZ Mafia et une protection polici&egrave;re renforc&eacute;e- le maire d&rsquo;Al&egrave;s avait retrouv&eacute; le &#8230;","protected":false},"author":1,"featured_media":40539,"comment_status":"open","ping_status":"open","sticky":false,"template":"","format":"standard","meta":{"footnotes":""},"categories":[918,3926,3925,20],"tags":[247,663,635,1532,803,2492,410,5663,238,1347,665,1119,716,712,3696],"news-destination":[3944],"news-source":[475],"is_homepage":[],"ta_other":[],"class_list":["post-40538","post","type-post","status-publish","format-standard","has-post-thumbnail","hentry","category-accueil","category-accueil-merge","category-accueil-third","category-societe","tag-247","tag-ales","tag-christophe-rivenq","tag-college","tag-ecole","tag-ecole-publique","tag-education","tag-etudiant","tag-gard","tag-ingenierie","tag-lr","tag-lycee","tag-rentree","tag-rentree-scolaire","tag-secteur-prive","news-destination-homepage","news-source-website"],"_links":{"self":[{"href":"https:\/\/euapp01.newsmemory.com\/lamarseillaise\/news\/wp-json\/wp\/v2\/posts\/40538","targetHints":{"allow":["GET"]}}],"collection":[{"href":"https:\/\/euapp01.newsmemory.com\/lamarseillaise\/news\/wp-json\/wp\/v2\/posts"}],"about":[{"href":"https:\/\/euapp01.newsmemory.com\/lamarseillaise\/news\/wp-json\/wp\/v2\/types\/post"}],"author":[{"embeddable":true,"href":"https:\/\/euapp01.newsmemory.com\/lamarseillaise\/news\/wp-json\/wp\/v2\/users\/1"}],"replies":[{"embeddable":true,"href":"https:\/\/euapp01.newsmemory.com\/lamarseillaise\/news\/wp-json\/wp\/v2\/comments?post=40538"}],"version-history":[{"count":2,"href":"https:\/\/euapp01.newsmemory.com\/lamarseillaise\/news\/wp-json\/wp\/v2\/posts\/40538\/revisions"}],"predecessor-version":[{"id":40548,"href":"https:\/\/euapp01.newsmemory.com\/lamarseillaise\/news\/wp-json\/wp\/v2\/posts\/40538\/revisions\/40548"}],"wp:featuredmedia":[{"embeddable":true,"href":"https:\/\/euapp01.newsmemory.com\/lamarseillaise\/news\/wp-json\/wp\/v2\/media\/40539"}],"wp:attachment":[{"href":"https:\/\/euapp01.newsmemory.com\/lamarseillaise\/news\/wp-json\/wp\/v2\/media?parent=40538"}],"wp:term":[{"taxonomy":"category","embeddable":true,"href":"https:\/\/euapp01.newsmemory.com\/lamarseillaise\/news\/wp-json\/wp\/v2\/categories?post=40538"},{"taxonomy":"post_tag","embeddable":true,"href":"https:\/\/euapp01.newsmemory.com\/lamarseillaise\/news\/wp-json\/wp\/v2\/tags?post=40538"},{"taxonomy":"news-destination","embeddable":true,"href":"https:\/\/euapp01.newsmemory.com\/lamarseillaise\/news\/wp-json\/wp\/v2\/news-destination?post=40538"},{"taxonomy":"news-source","embeddable":true,"href":"https:\/\/euapp01.newsmemory.com\/lamarseillaise\/news\/wp-json\/wp\/v2\/news-source?post=40538"},{"taxonomy":"is_homepage","embeddable":true,"href":"https:\/\/euapp01.newsmemory.com\/lamarseillaise\/news\/wp-json\/wp\/v2\/is_homepage?post=40538"},{"taxonomy":"ta_other","embeddable":true,"href":"https:\/\/euapp01.newsmemory.com\/lamarseillaise\/news\/wp-json\/wp\/v2\/ta_other?post=40538"}],"curies":[{"name":"wp","href":"https:\/\/api.w.org\/{rel}","templated":true}]}}