{"id":40535,"date":"2026-08-27T12:31:00","date_gmt":"2026-08-27T10:31:00","guid":{"rendered":"https:\/\/euapp01.newsmemory.com\/lamarseillaise\/news\/?p=40535"},"modified":"2026-08-28T14:39:40","modified_gmt":"2026-08-28T12:39:40","slug":"le-provencal-le-grand-retour","status":"publish","type":"post","link":"https:\/\/euapp01.newsmemory.com\/lamarseillaise\/news\/2026\/08\/27\/le-provencal-le-grand-retour\/","title":{"rendered":"Le Proven\u00e7al : le grand retour"},"content":{"rendered":"<div class=\"paragraph\">\n<p>Apr\u00e8s une ann\u00e9e d\u2019absence, le Proven\u00e7al est de retour pour quatre jours de comp\u00e9tition qui promettent de faire vibrer le Parc Bor\u00e9ly \u00e0 Marseille.<\/p>\n<p>C\u2019est un ouf de soulagement pour tous les passionn\u00e9s. Une ann\u00e9e sans Proven\u00e7al, c\u2019est une saison inachev\u00e9e.<\/p>\n<p>Les organisateurs ont voulu que l\u2019\u00e9preuve d\u00e9bute un jeudi. Les esprits chagrins ont r\u00e9agi avec v\u00e9h\u00e9mence sur ce choix, \u00e0 tort ou \u00e0 raison\u00a0? Le nombre d\u2019\u00e9quipes engag\u00e9es (588) peut valider leur r\u00e9ticence. Mais il n\u2019est pas dit, compte tenu du contexte actuel, qu\u2019un d\u00e9marrage, comme de coutume, un jour dominical, eut fait plus d\u2019affluence.<\/p>\n<p>Toujours est-il que Parc Bor\u00e9ly c\u2019est le berceau de la longue distance, le lieu o\u00f9 se sont \u00e9crites les plus belles pages de l\u2019histoire du Jeu Proven\u00e7al.<\/p>\n<\/p><\/div>\n<div class=\"intext\"> D\u2019hier \u00e0 aujourd\u2019hui\n              <\/div>\n<div class=\"paragraph\">\n<p>Les souvenirs s\u2019empilent dans l\u2019esprit des anciennes g\u00e9n\u00e9rations en se rem\u00e9morant les exploits des stars de la discipline. Ceux de l\u2019incomparable D\u00e9d\u00e9 Massoni v\u00e9ritable idole. Tout Marseille accourait pour voir \u00ab\u00a0le Blond\u00a0\u00bb faire les trois pas dans un style coul\u00e9, avec une \u00e9l\u00e9gance incomparable et une adresse diabolique. D\u2019autres bien s\u00fbr ont marqu\u00e9 l\u2019histoire comme Milou Lovino l\u2019autre star marseillaise.<\/p>\n<p>Mais l\u2019histoire aujourd\u2019hui s\u2019\u00e9crit au pr\u00e9sent avec d\u2019autres joueurs, des styles diff\u00e9rents, des champions moins charismatiques mais redoutables.<\/p>\n<p>Deux hommes aujourd\u2019hui ressortent du lot par leur v\u00e9cu, leur palmar\u00e8s. leur classe. <a href=\"https:\/\/www.lamarseillaise.fr\/sports\/entretien-mohamed-benmostefa-il-faut-prendre-chaque-adversaire-au-serieux-BG20621660\">Mohamed Benmostefa<\/a> et Anthony Kerfah. Ils ont gagn\u00e9 beaucoup de batailles ensemble mais jamais le Proven\u00e7al. Ce ne sera pas cette ann\u00e9e. Benmostefa et Fabrice Rouvin, tenants du titre, repartent avec Thierry Terreno, l\u2019autre ic\u00f4ne de la discipline (il remplace le regrett\u00e9 Patrick Pedragosa) sous les couleurs de l\u2019\u00e9quipe de France. Ils seront les favoris avec une \u00e9quipe particuli\u00e8rement \u00e9quilibr\u00e9e \u00e0 l\u2019exp\u00e9rience consomm\u00e9e et au talent immense. Le seul hic peut \u00eatre le manque de comp\u00e9tition de Benmostefa et Rouvin. Anthony Kerfah est associ\u00e9 au grand Christophe Martello et Julien Martinez sous les couleurs de Mouans-Sartoux.<\/p>\n<\/p><\/div>\n<div class=\"intext\"> Passion et suspense au rendez-vous\n              <\/div>\n<div class=\"paragraph\">\n<p>On suivra \u00e9galement le finaliste 2024 Philippe Stievenart embrigad\u00e9 avec l\u2019homme en forme du moment Alain Vald\u00e9s et Claude Salles. Au rayon pr\u00e9tendant, Adel Djafari, Robin Rio et Marc Cognard demi-finalistes de la derni\u00e8re \u00e9dition repartent ensemble tout comme l\u2019inusable comp\u00e9titeur Herv\u00e9 Fontani avec les deux talents Enzo Paolucci et Juan Lopez \u00e9galement dans le dernier carr\u00e9 en 2024. La liste des outsiders est longue.<\/p>\n<p>Le Parc Bor\u00e9ly va retrouver son ambiance unique, faite de passion, de suspense, de grandes parties et de ces moments de magie qui font la l\u00e9gende du Proven\u00e7al. Les exploits des Benmostefa, Kerfah, Lopez et de nombreux autres grands noms sont attendus. Mais comme toujours, le charme du Proven\u00e7al r\u00e9side aussi dans les surprises, les outsiders et ces \u00e9quipes capables de faire tomber les favoris au terme de parties acharn\u00e9es.<\/p>\n<p>Le Proven\u00e7al est de retour. Et avec lui, c\u2019est tout Marseille qui va se mettre \u00e0 l\u2019heure du Jeu Proven\u00e7al<\/p>\n<\/p><\/div>\n<div class=\"paragraph\">\n<p><b>ET AUSSI<\/b><\/p>\n<p><b>Le programme<\/b><\/p>\n<p><b>Jeudi<\/b><\/p>\n<p><b>8h30 :<\/b> premi\u00e8res parties.<\/p>\n<p><b>14h :<\/b> deuxi\u00e8mes parties suivies du cadrage.<\/p>\n<p><b>Vendredi<\/b><\/p>\n<p><b>8h :<\/b> troisi\u00e8mes parties.<\/p>\n<p><b>14h :<\/b> quatri\u00e8mes parties suivies des cinqui\u00e8mes.<\/p>\n<p><b>Samedi<\/b><\/p>\n<p><b>8h30 :<\/b> 8e de finale.<\/p>\n<p><b>15h :<\/b> quart de finale.<\/p>\n<p><b>Dimanche<\/b><\/p>\n<p><b>8h30 :<\/b> demi-finale.<\/p>\n<p><b>17h :<\/b> finale.<\/p>\n<p><b>Le choc du jour<\/b><\/p>\n<p>Il aura lieu au jeu 348 (les P\u00e9touliers). Yoann Provins, J\u00e9r\u00e9my Jean et Marc Dusaillant seront oppos\u00e9s \u00e0 Fran\u00e7ois Gomez, Serge Penna, deux ex-vainqueurs, associ\u00e9s au Varois Laurent Faudon<\/p>\n<p><b>Le Proven\u00e7al c\u2019est aussi &#8230;<\/b><\/p>\n<p><b>Troph\u00e9e des l\u00e9gendes<\/b><\/p>\n<p><b>28 et 29 ao\u00fbt :<\/b> huit \u00e9quipes emmen\u00e9es par \u00c9ric Cantona.<\/p>\n<p><b>Petit Proven\u00e7al<\/b><\/p>\n<p><b>28 et 29 ao\u00fbt :<\/b> limit\u00e9 \u00e0 64 \u00e9quipes.<\/p>\n<p><b>Quelques chiffres<\/b><\/p>\n<p><b>1908<\/b> premi\u00e8re \u00e9dition avec <b>167<\/b> \u00e9quipes. Les vainqueurs : Baptistin Ravizza dit \u00ab le Pich \u00bb, son fr\u00e8re Charles dit \u00ab le Parpel\u00e9 \u00bb et Michel Pr\u00e9bois dit \u00ab le Gr\u00eal\u00e9 \u00bb.<\/p>\n<p>\u00c9mile Lovino a remport\u00e9 l\u2019\u00e9preuve en <b>1959<\/b> et en <b>1995<\/b> soit <b>36<\/b> ans apr\u00e8s. Un record. Il est suivi de pr\u00e8s par Louis Ruggeri laur\u00e9at en <b>1963<\/b> et <b>1997<\/b>.<\/p>\n<p>Record de participation en <b>1983<\/b> avec <b>1 849<\/b> \u00e9quipes<\/p>\n<p>Efficacit\u00e9 au tir en finale : Benmostefa en <b>2013<\/b> avec <b>14 sur 17<\/b><\/p>\n<p>Le plus jeune vainqueur :<\/p>\n<p>Ren\u00e9 Giordanengo en <b>1983<\/b> \u00e0 <b>16 <\/b>ans<\/p>\n<p>Recordman des victoires : Andr\u00e9 Massoni avec <b>7<\/b> victoires<\/p>\n<\/p><\/div>\n","protected":false},"excerpt":{"rendered":"Apr&egrave;s une ann&eacute;e d&rsquo;absence, le Proven&ccedil;al est de retour pour quatre jours de comp&eacute;tition qui promettent de faire vibrer le Parc Bor&eacute;ly &agrave; Marseille.C&rsquo;est un ouf de soulagement pour tous les &#8230;","protected":false},"author":1,"featured_media":40536,"comment_status":"open","ping_status":"open","sticky":false,"template":"","format":"standard","meta":{"footnotes":""},"categories":[918,3926,3925,7],"tags":[5503,10,1161,3047,1196,5112,16,1013],"news-destination":[3944],"news-source":[475],"is_homepage":[],"ta_other":[],"class_list":["post-40535","post","type-post","status-publish","format-standard","has-post-thumbnail","hentry","category-accueil","category-accueil-merge","category-accueil-third","category-sports","tag-borely","tag-bouches-du-rhone","tag-boules","tag-competition-sportive","tag-joueurs","tag-le-provencal","tag-marseille","tag-petanque","news-destination-homepage","news-source-website"],"_links":{"self":[{"href":"https:\/\/euapp01.newsmemory.com\/lamarseillaise\/news\/wp-json\/wp\/v2\/posts\/40535","targetHints":{"allow":["GET"]}}],"collection":[{"href":"https:\/\/euapp01.newsmemory.com\/lamarseillaise\/news\/wp-json\/wp\/v2\/posts"}],"about":[{"href":"https:\/\/euapp01.newsmemory.com\/lamarseillaise\/news\/wp-json\/wp\/v2\/types\/post"}],"author":[{"embeddable":true,"href":"https:\/\/euapp01.newsmemory.com\/lamarseillaise\/news\/wp-json\/wp\/v2\/users\/1"}],"replies":[{"embeddable":true,"href":"https:\/\/euapp01.newsmemory.com\/lamarseillaise\/news\/wp-json\/wp\/v2\/comments?post=40535"}],"version-history":[{"count":1,"href":"https:\/\/euapp01.newsmemory.com\/lamarseillaise\/news\/wp-json\/wp\/v2\/posts\/40535\/revisions"}],"predecessor-version":[{"id":40537,"href":"https:\/\/euapp01.newsmemory.com\/lamarseillaise\/news\/wp-json\/wp\/v2\/posts\/40535\/revisions\/40537"}],"wp:featuredmedia":[{"embeddable":true,"href":"https:\/\/euapp01.newsmemory.com\/lamarseillaise\/news\/wp-json\/wp\/v2\/media\/40536"}],"wp:attachment":[{"href":"https:\/\/euapp01.newsmemory.com\/lamarseillaise\/news\/wp-json\/wp\/v2\/media?parent=40535"}],"wp:term":[{"taxonomy":"category","embeddable":true,"href":"https:\/\/euapp01.newsmemory.com\/lamarseillaise\/news\/wp-json\/wp\/v2\/categories?post=40535"},{"taxonomy":"post_tag","embeddable":true,"href":"https:\/\/euapp01.newsmemory.com\/lamarseillaise\/news\/wp-json\/wp\/v2\/tags?post=40535"},{"taxonomy":"news-destination","embeddable":true,"href":"https:\/\/euapp01.newsmemory.com\/lamarseillaise\/news\/wp-json\/wp\/v2\/news-destination?post=40535"},{"taxonomy":"news-source","embeddable":true,"href":"https:\/\/euapp01.newsmemory.com\/lamarseillaise\/news\/wp-json\/wp\/v2\/news-source?post=40535"},{"taxonomy":"is_homepage","embeddable":true,"href":"https:\/\/euapp01.newsmemory.com\/lamarseillaise\/news\/wp-json\/wp\/v2\/is_homepage?post=40535"},{"taxonomy":"ta_other","embeddable":true,"href":"https:\/\/euapp01.newsmemory.com\/lamarseillaise\/news\/wp-json\/wp\/v2\/ta_other?post=40535"}],"curies":[{"name":"wp","href":"https:\/\/api.w.org\/{rel}","templated":true}]}}