{"id":40529,"date":"2026-08-27T11:36:00","date_gmt":"2026-08-27T09:36:00","guid":{"rendered":"https:\/\/euapp01.newsmemory.com\/lamarseillaise\/news\/?p=40529"},"modified":"2026-08-27T11:51:01","modified_gmt":"2026-08-27T09:51:01","slug":"rentree-universitaire-le-constat-alarmant-des-syndicats","status":"publish","type":"post","link":"https:\/\/euapp01.newsmemory.com\/lamarseillaise\/news\/2026\/08\/27\/rentree-universitaire-le-constat-alarmant-des-syndicats\/","title":{"rendered":"Rentr\u00e9e universitaire : le constat alarmant des syndicats"},"content":{"rendered":"<div class=\"intext\"> \u00ab La dynamique est celle d\u2019une baisse drastique des dotations \u00bb, Xavier Luciani co-secr\u00e9taire du Snesup-FSU Toulon\n              <\/div>\n<div class=\"paragraph\">\n<p>\u00ab <i>La situation est assez catastrophique<\/i> \u00bb, se d\u00e9sole Xavier Luciani, cosecr\u00e9taire du Snesup-FSU, syndicat national de l\u2019enseignement du sup\u00e9rieur, \u00e0 Toulon. Au centre des inqui\u00e9tudes : \u00ab <i>la baisse drastique des financements des universit\u00e9s<\/i> \u00bb. \u00ab <i>On constate une baisse tr\u00e8s importante des dotations de l\u2019\u00c9tat, un vrai d\u00e9sengagement qui se traduit par des demandes locales d\u2019\u00e9conomie <\/i>\u00bb, poursuit-il. Concr\u00e8tement, dans le cas de l\u2019universit\u00e9 de Toulon par exemple, cela se mat\u00e9rialise par \u00ab <i>une coupe de 20% des heures d\u2019enseignements de certains dipl\u00f4mes<\/i> \u00bb.<\/p>\n<p>\u00ab <i>L\u2019autre probl\u00e8me est celui de la gestion locale des budgets. Ce n\u2019est plus l\u2019universit\u00e9 qui remonte ses besoins et le minist\u00e8re qui r\u00e9pond en ajustant sa dotation. C\u2019est le pr\u00e9sident qui g\u00e8re le budget qui lui est allou\u00e9, <\/i>d\u00e9taille l\u2019enseignant-chercheur. <i>Ce sont les besoins qui s\u2019adaptent aux moyens et pas l\u2019inverse. Donc vous allez chercher de l\u2019argent \u00e0 droite \u00e0 gauche, et dans le cas de Toulon, le tissu industriel local, c\u2019est la Marine nationale. L\u2019universit\u00e9 va se tourner vers ce secteur pour trouver des financements et orienter sa strat\u00e9gie de recherche, mais \u00e9galement d\u2019enseignement au travers des dipl\u00f4mes. Une strat\u00e9gie compl\u00e8tement assum\u00e9e par l\u2019universit\u00e9 de Toulon<\/i> \u00bb<i>. <\/i>Et d\u2019ajouter :<i> <\/i>\u00ab <i>Localement, nous appelons \u00e0 une rentr\u00e9e muscl\u00e9e, avec une reprise en main par la base des travailleurs du mouvement social, pas noyaut\u00e9e par les centrales syndicales parisiennes<\/i> \u00bb<i>.<\/i><\/p>\n<\/p><\/div>\n<div class=\"intext\"> \u00ab Le logement est au c\u0153ur de nos pr\u00e9occupations \u00bb, Louis Marjollet membre de l\u2019Union \u00e9tudiante Avignon\n              <\/div>\n<div class=\"paragraph\">\n<p>En t\u00eate des pr\u00e9occupations en cette rentr\u00e9e universitaire pour Louis Marjollet, \u00e9tudiant \u00e0 Avignon Universit\u00e9 et membre de l\u2019Union \u00e9tudiante : le logement. \u00ab<i> D\u2019abord nous sommes mobilis\u00e9s sur la question des <a href=\"https:\/\/www.lamarseillaise.fr\/politique\/les-apl-dans-le-viseur-du-gouvernement-AE20606170\">aides personnelles au logement (APL<\/a>), qui ont d\u00e9j\u00e0 \u00e9t\u00e9 retir\u00e9es aux \u00e9tudiants \u00e9trangers hors Union europ\u00e9enne qui ne touchent pas la bourse <\/i>[depuis le 1er juillet, ndlr]<i>, et qui pourraient \u00eatre index\u00e9es sur les revenus des parents bient\u00f4t, ce qui constituerait un danger pour les \u00e9tudiants.<\/i> \u00bb<i> <\/i>(<a href=\"https:\/\/www.lamarseillaise.fr\/social\/les-syndicats-preparent-une-rentree-de-mobilisations-DE20607361\">Notre \u00e9dition du 24 ao\u00fbt<\/a>). Mais la question du logement, \u00ab <i>pr\u00e9gnante depuis un bon moment <\/i>\u00bb, d\u00e9passe la probl\u00e9matique des aides : \u00ab<i> nous continuons de revendiquer la construction de logements Crous <\/i>\u00bb. \u00c0 ceci s\u2019ajoute l\u2019acc\u00e8s au parc priv\u00e9, duquel les \u00e9tudiants avignonnais sont \u00ab <i>presque syst\u00e9matiquement exclus en p\u00e9riode estivale <\/i>\u00bb, les propri\u00e9taires cherchant \u00e0 louer \u00ab <i>\u00e0 des prix absolument exorbitants<\/i> \u00bb pendant le Festival d\u2019Avignon. \u00ab<i> Quand on n\u2019est pas du coin on doit avoir une solution de repli, ce qui peut s\u2019av\u00e9rer compliqu\u00e9 pour les personnes en rupture familiale ou les personnes \u00e9trang\u00e8res<\/i> \u00bb<i>. <\/i>L\u2019Union \u00e9tudiante se dresse aussi contre l\u2019augmentation des frais d\u2019inscription pour les \u00e9tudiants \u00e9trangers hors Union europ\u00e9enne, multipli\u00e9e par 15 par rapport \u00e0 ceux des \u00e9tudiants fran\u00e7ais. \u00ab <i>Et un nouveau rapport du minist\u00e8re sugg\u00e8re d\u2019\u00e9largir l\u2019augmentation des frais d\u2019inscription \u00e0 l\u2019ensemble des \u00e9tudiants, \u00e7a nous inqui\u00e8te beaucoup <\/i>\u00bb.<\/p>\n<\/p><\/div>\n<div class=\"intext\"> \u00ab Il y a une surcharge de travail et un manque de personnel \u00bb, Sylviane Jacquet membre du Snasub-FSU Toulon\n              <\/div>\n<div class=\"paragraph\">\n<p>\u00ab <i>L\u2019universit\u00e9 affronte un manque total de personnel et une surcharge abominable de travail<\/i> \u00bb, s\u2019indigne d\u2019entr\u00e9e Sylvianne Jacquet, membre de la Snasub-FSU \u00e0 Toulon, syndicat des personnels administratifs et techniques de l\u2019enseignement sup\u00e9rieur. \u00ab <i>Aucun service ne va bien, <\/i>poursuit-elle. <i>Le surplus de travail pousse beaucoup de gens vers la d\u00e9pression, et les d\u00e9parts \u00e0 la retraite des fonctionnaires sont remplac\u00e9s par des contractuels<\/i> [agents recrut\u00e9s par contrat, en CDD ou CDI, sans qu\u2019ils ne poss\u00e8dent le statut de fonctionnaire, ndlr]<i>. Certains d\u2019entre eux signent pour une fiche de poste sans savoir qu\u2019ils r\u00e9alisent les t\u00e2ches auparavant partag\u00e9es entre deux personnes <\/i>\u00bb. Mais c\u2019est aussi le statut pr\u00e9caire de ces employ\u00e9s qui inqui\u00e8te le Snasub-Fsu. \u00ab<i> Les contractuels ne sont pas \u00e0 l\u2019abri de perdre leur emploi. Ils n\u2019ont pas la possibilit\u00e9 d\u2019\u00eatre titularis\u00e9s, n\u2019ont pas les primes que nous avons nous, en tant que fonctionnaires, ni la possibilit\u00e9 de passer des concours en interne, comme c\u2019est le cas pour nous<\/i>, insiste Sylvianne Jacquet.<i> C\u2019est aussi compliqu\u00e9 pour se mobiliser, car ils ont peur que leur poste ne soit pas renouvel\u00e9 ensuite. Je les comprends. Ils n\u2019ont pas la m\u00eame s\u00e9curit\u00e9 que nous : ils peuvent \u00eatre vir\u00e9s pour rien. <\/i>\u00bb Et d\u2019ajouter : \u00ab <i>Ces embauches peuvent \u00e9galement \u00eatre d\u00e9valorisantes pour certains fonctionnaires qui sont au c\u0153ur de leur m\u00e9tier et qui ont pass\u00e9 des concours pour occuper un poste<\/i> \u00bb.<\/p>\n<\/p><\/div>\n<div class=\"paragraph\">\n<p>Lire aussi \u00ab <a href=\"https:\/\/www.lamarseillaise.fr\/societe\/une-rentree-universitaire-toute-politique-PF20619042\">Une rentr\u00e9e universitaire toute politique<\/a> \u00bb<\/p>\n<\/p><\/div>\n","protected":false},"excerpt":{"rendered":"&laquo; La situation est assez catastrophique &raquo;, se d&eacute;sole Xavier Luciani, cosecr&eacute;taire du Snesup-FSU, syndicat national de l&rsquo;enseignement du sup&eacute;rieur, &agrave; Toulon. Au centre des inqui&eacute;tudes : &laquo; la &#8230;","protected":false},"author":1,"featured_media":40530,"comment_status":"open","ping_status":"open","sticky":false,"template":"","format":"standard","meta":{"footnotes":""},"categories":[331],"tags":[174,1042,2503,410,3042,805,4612,1518,406,852,222,716,364,597,2002,1615,31,171],"news-destination":[],"news-source":[475],"is_homepage":[],"ta_other":[],"class_list":["post-40529","post","type-post","status-publish","format-standard","has-post-thumbnail","hentry","category-social","tag-avignon","tag-contractuels","tag-dotation","tag-education","tag-enseignant","tag-enseignants","tag-enseignement-superieur","tag-etudiants","tag-fsu","tag-mouvement-social","tag-region-sud-paca","tag-rentree","tag-syndicats","tag-toulon","tag-union-europeenne","tag-universite","tag-var","tag-vaucluse","news-source-website"],"_links":{"self":[{"href":"https:\/\/euapp01.newsmemory.com\/lamarseillaise\/news\/wp-json\/wp\/v2\/posts\/40529","targetHints":{"allow":["GET"]}}],"collection":[{"href":"https:\/\/euapp01.newsmemory.com\/lamarseillaise\/news\/wp-json\/wp\/v2\/posts"}],"about":[{"href":"https:\/\/euapp01.newsmemory.com\/lamarseillaise\/news\/wp-json\/wp\/v2\/types\/post"}],"author":[{"embeddable":true,"href":"https:\/\/euapp01.newsmemory.com\/lamarseillaise\/news\/wp-json\/wp\/v2\/users\/1"}],"replies":[{"embeddable":true,"href":"https:\/\/euapp01.newsmemory.com\/lamarseillaise\/news\/wp-json\/wp\/v2\/comments?post=40529"}],"version-history":[{"count":1,"href":"https:\/\/euapp01.newsmemory.com\/lamarseillaise\/news\/wp-json\/wp\/v2\/posts\/40529\/revisions"}],"predecessor-version":[{"id":40531,"href":"https:\/\/euapp01.newsmemory.com\/lamarseillaise\/news\/wp-json\/wp\/v2\/posts\/40529\/revisions\/40531"}],"wp:featuredmedia":[{"embeddable":true,"href":"https:\/\/euapp01.newsmemory.com\/lamarseillaise\/news\/wp-json\/wp\/v2\/media\/40530"}],"wp:attachment":[{"href":"https:\/\/euapp01.newsmemory.com\/lamarseillaise\/news\/wp-json\/wp\/v2\/media?parent=40529"}],"wp:term":[{"taxonomy":"category","embeddable":true,"href":"https:\/\/euapp01.newsmemory.com\/lamarseillaise\/news\/wp-json\/wp\/v2\/categories?post=40529"},{"taxonomy":"post_tag","embeddable":true,"href":"https:\/\/euapp01.newsmemory.com\/lamarseillaise\/news\/wp-json\/wp\/v2\/tags?post=40529"},{"taxonomy":"news-destination","embeddable":true,"href":"https:\/\/euapp01.newsmemory.com\/lamarseillaise\/news\/wp-json\/wp\/v2\/news-destination?post=40529"},{"taxonomy":"news-source","embeddable":true,"href":"https:\/\/euapp01.newsmemory.com\/lamarseillaise\/news\/wp-json\/wp\/v2\/news-source?post=40529"},{"taxonomy":"is_homepage","embeddable":true,"href":"https:\/\/euapp01.newsmemory.com\/lamarseillaise\/news\/wp-json\/wp\/v2\/is_homepage?post=40529"},{"taxonomy":"ta_other","embeddable":true,"href":"https:\/\/euapp01.newsmemory.com\/lamarseillaise\/news\/wp-json\/wp\/v2\/ta_other?post=40529"}],"curies":[{"name":"wp","href":"https:\/\/api.w.org\/{rel}","templated":true}]}}