{"id":40526,"date":"2026-08-27T09:25:00","date_gmt":"2026-08-27T07:25:00","guid":{"rendered":"https:\/\/euapp01.newsmemory.com\/lamarseillaise\/news\/?p=40526"},"modified":"2026-08-31T15:35:54","modified_gmt":"2026-08-31T13:35:54","slug":"premier-cas-autochtone-de-dengue-confirme-dans-les-bouches-les-bouches","status":"publish","type":"post","link":"https:\/\/euapp01.newsmemory.com\/lamarseillaise\/news\/2026\/08\/27\/premier-cas-autochtone-de-dengue-confirme-dans-les-bouches-les-bouches\/","title":{"rendered":"Premier cas autochtone de dengue confirm\u00e9 dans les Bouches-les-Bouches"},"content":{"rendered":"<div class=\"paragraph\">\n<p>Transmise par les moustiques, cette maladie qui se manifeste habituellement par une fi\u00e8vre brutale avec des douleurs et une \u00e9ruption cutan\u00e9e peut dans de rares cas susciter des complications graves, voire mortelles. \u00ab <i>Des mesures de gestion ont \u00e9t\u00e9 imm\u00e9diatement engag\u00e9es afin de limiter tout risque de propagation <\/i>\u00bb, pr\u00e9cise le communiqu\u00e9, avec des op\u00e9rations de d\u00e9moustication dans le voisinage. En compl\u00e9ment, des visites seront r\u00e9alis\u00e9es par l\u2019ARS et Sant\u00e9 publique France avec l\u2019appui de la municipalit\u00e9 pour identifier de potentiels cas secondaires et sensibiliser les habitants. L\u2019ARS invite \u00e0 se prot\u00e9ger des piq\u00fbres, consulter imm\u00e9diatement son m\u00e9decin traitant, limiter ses d\u00e9placements en cas de sympt\u00f4mes.<\/p>\n<\/p><\/div>\n","protected":false},"excerpt":{"rendered":"Transmise par les moustiques, cette maladie qui se manifeste habituellement par une fi&egrave;vre brutale avec des douleurs et une &eacute;ruption cutan&eacute;e peut dans de rares cas susciter des complications graves, voire mortelles. &laquo; Des &#8230;","protected":false},"author":1,"featured_media":40527,"comment_status":"open","ping_status":"open","sticky":false,"template":"","format":"standard","meta":{"footnotes":""},"categories":[3926,3925,20],"tags":[1129,10,24,106,1094,16,6327,270,28,256,30,1085],"news-destination":[3944],"news-source":[475],"is_homepage":[],"ta_other":[],"class_list":["post-40526","post","type-post","status-publish","format-standard","has-post-thumbnail","hentry","category-accueil-merge","category-accueil-third","category-societe","tag-ars","tag-bouches-du-rhone","tag-dengue","tag-habitants","tag-maladies","tag-marseille","tag-marseille-12e-arrondissement","tag-medecin","tag-moustiques","tag-sante","tag-sante-publique","tag-sensibilisation","news-destination-homepage","news-source-website"],"_links":{"self":[{"href":"https:\/\/euapp01.newsmemory.com\/lamarseillaise\/news\/wp-json\/wp\/v2\/posts\/40526","targetHints":{"allow":["GET"]}}],"collection":[{"href":"https:\/\/euapp01.newsmemory.com\/lamarseillaise\/news\/wp-json\/wp\/v2\/posts"}],"about":[{"href":"https:\/\/euapp01.newsmemory.com\/lamarseillaise\/news\/wp-json\/wp\/v2\/types\/post"}],"author":[{"embeddable":true,"href":"https:\/\/euapp01.newsmemory.com\/lamarseillaise\/news\/wp-json\/wp\/v2\/users\/1"}],"replies":[{"embeddable":true,"href":"https:\/\/euapp01.newsmemory.com\/lamarseillaise\/news\/wp-json\/wp\/v2\/comments?post=40526"}],"version-history":[{"count":1,"href":"https:\/\/euapp01.newsmemory.com\/lamarseillaise\/news\/wp-json\/wp\/v2\/posts\/40526\/revisions"}],"predecessor-version":[{"id":40528,"href":"https:\/\/euapp01.newsmemory.com\/lamarseillaise\/news\/wp-json\/wp\/v2\/posts\/40526\/revisions\/40528"}],"wp:featuredmedia":[{"embeddable":true,"href":"https:\/\/euapp01.newsmemory.com\/lamarseillaise\/news\/wp-json\/wp\/v2\/media\/40527"}],"wp:attachment":[{"href":"https:\/\/euapp01.newsmemory.com\/lamarseillaise\/news\/wp-json\/wp\/v2\/media?parent=40526"}],"wp:term":[{"taxonomy":"category","embeddable":true,"href":"https:\/\/euapp01.newsmemory.com\/lamarseillaise\/news\/wp-json\/wp\/v2\/categories?post=40526"},{"taxonomy":"post_tag","embeddable":true,"href":"https:\/\/euapp01.newsmemory.com\/lamarseillaise\/news\/wp-json\/wp\/v2\/tags?post=40526"},{"taxonomy":"news-destination","embeddable":true,"href":"https:\/\/euapp01.newsmemory.com\/lamarseillaise\/news\/wp-json\/wp\/v2\/news-destination?post=40526"},{"taxonomy":"news-source","embeddable":true,"href":"https:\/\/euapp01.newsmemory.com\/lamarseillaise\/news\/wp-json\/wp\/v2\/news-source?post=40526"},{"taxonomy":"is_homepage","embeddable":true,"href":"https:\/\/euapp01.newsmemory.com\/lamarseillaise\/news\/wp-json\/wp\/v2\/is_homepage?post=40526"},{"taxonomy":"ta_other","embeddable":true,"href":"https:\/\/euapp01.newsmemory.com\/lamarseillaise\/news\/wp-json\/wp\/v2\/ta_other?post=40526"}],"curies":[{"name":"wp","href":"https:\/\/api.w.org\/{rel}","templated":true}]}}