{"id":40520,"date":"2026-08-27T10:07:00","date_gmt":"2026-08-27T08:07:00","guid":{"rendered":"https:\/\/euapp01.newsmemory.com\/lamarseillaise\/news\/?p=40520"},"modified":"2026-08-28T14:39:40","modified_gmt":"2026-08-28T12:39:40","slug":"du-grau-du-roi-a-kherson-des-filets-pour-sauver-des-vies","status":"publish","type":"post","link":"https:\/\/euapp01.newsmemory.com\/lamarseillaise\/news\/2026\/08\/27\/du-grau-du-roi-a-kherson-des-filets-pour-sauver-des-vies\/","title":{"rendered":"Du Grau-du-Roi \u00e0 Kherson, des filets pour sauver des vies"},"content":{"rendered":"<div class=\"paragraph\">\n<p>Sur les quais du Grau-du-Roi, les vieux filets de p\u00eache ne finiront pas tous \u00e0 la benne. D\u00e9barrass\u00e9s de leurs c\u00e2bles, cha\u00eenes, flotteurs et cordages, ils vont prendre la route de l\u2019Ukraine. Destination\u00a0: Kherson, ville du sud r\u00e9guli\u00e8rement frapp\u00e9e par les drones russes. L\u00e0-bas, ces mailles us\u00e9es par la M\u00e9diterran\u00e9e doivent \u00eatre tendues au-dessus de routes et de passages afin d\u2019accrocher certains drones volant \u00e0 basse altitude.<\/p>\n<p>\u00c0 l\u2019origine de l\u2019op\u00e9ration, Solidarit\u00e9 Ukraine 34, association bas\u00e9e \u00e0 Lunel et habitu\u00e9e \u00e0 acheminer tous les deux mois du mat\u00e9riel humanitaire et m\u00e9dical. \u00ab\u00a0<i>On \u00e9tait sensibles \u00e0 la protection des civils, en plus de l\u2019aide humanitaire habituelle<\/i><i>\u00a0<\/i>\u00bb, explique son copr\u00e9sident Philippe Milon. Inspir\u00e9e par une initiative men\u00e9e par des p\u00eacheurs bretons, l\u2019association s\u2019est alors tourn\u00e9e vers les ports m\u00e9diterran\u00e9ens.<\/p>\n<p>Au Grau-du-Roi, le projet a rapidement trouv\u00e9 un \u00e9cho. Mairie, responsables du port, p\u00eacheurs, b\u00e9n\u00e9voles et association d\u2019insertion ont travaill\u00e9 de concert pour r\u00e9cup\u00e9rer ces filets devenus encombrants et difficiles \u00e0 recycler. \u00ab\u00a0<i>Il y a eu vraiment une tr\u00e8s bonne harmonie entre toutes les autorit\u00e9s pour trouver les solutions. Le port \u00e9tait encombr\u00e9, il y avait des probl\u00e8mes de s\u00e9curit\u00e9, et on leur a apport\u00e9 cette solution<\/i>\u00a0\u00bb, raconte Philippe Milon.<\/p>\n<\/p><\/div>\n<div class=\"intext\"> S\u2019adapter<br \/>\n               <br \/>aux besoins de la guerre\n              <\/div>\n<div class=\"paragraph\">\n<p>Pendant quatre matin\u00e9es, b\u00e9n\u00e9voles et r\u00e9fugi\u00e9s ukrainiens ont ainsi \u00ab\u00a0d\u00e9sarm\u00e9\u00a0\u00bb les filets\u00a0: les \u00e9tendre, couper les attaches et ne conserver que la maille. Une trentaine de pi\u00e8ces \u00e9taient pr\u00e9vues, avant que le bouche-\u00e0-oreille ne fasse grossir la collecte. \u00ab\u00a0<i>On doit avoir 35-36 filets, de toutes les tailles possibles<\/i>\u00a0\u00bb, se r\u00e9jouit le copr\u00e9sident.<\/p>\n<p>Certains filets atteignent jusqu\u2019\u00e0 150\u00a0m\u00e8tres. Une fois en Ukraine, ils seront tendus en hauteur au-dessus de rues et de points de passage. \u00ab\u00a0<i>Les drones, en tombant, s\u2019accrochent dans les filets, donc \u00e7a bloque les h\u00e9lices et surtout \u00e7a retient le drone avant qu\u2019il n\u2019\u00e9clate au sol<\/i>\u00a0\u00bb, d\u00e9taille Philippe Milon. Pour lui, cette protection rudimentaire reste \u00ab<i>\u00a0<\/i><i>le syst\u00e8me le plus \u00e9conomique, faute de mieux<\/i><i>\u00a0<\/i>\u00bb.<\/p>\n<p>La cargaison doit \u00eatre achemin\u00e9e par un camion ukrainien. Co\u00fbt annonc\u00e9\u00a0: autour de 5\u00a0000\u00a0euros. Une cagnotte a donc \u00e9t\u00e9 ouverte pour financer le convoi, qui emportera aussi du mat\u00e9riel m\u00e9dical, des fauteuils roulants et des consommables. Depuis plus de quatre\u00a0ans, l\u2019association multiplie les voyages et ajuste ses envois aux besoins du terrain. \u00ab<i>\u00a0<\/i><i>On essaie au fur et \u00e0 mesure de s\u2019adapter<\/i><i>\u00a0<\/i>\u00bb, r\u00e9sume Philippe Milon.<\/p>\n<p>Sur le quai, cette solidarit\u00e9 prend aussi le visage des Ukrainiens r\u00e9fugi\u00e9s dans l\u2019H\u00e9rault, venus travailler sur les filets destin\u00e9s \u00e0 leur pays. \u00ab\u00a0<i>Ils se disent<\/i><i>\u00a0<\/i><i>: on ne peut pas rester indiff\u00e9rents<\/i>\u00a0\u00bb, raconte le copr\u00e9sident. Du p\u00eacheur graulen au b\u00e9n\u00e9vole ukrainien, chacun tient ainsi un morceau de la cha\u00eene. Avec, au bout, le m\u00eame objectif\u00a0: \u00ab<i>\u00a0<\/i><i>On sauve des vies.<\/i>\u00a0\u00bb<\/p>\n<\/p><\/div>\n","protected":false},"excerpt":{"rendered":"Sur les quais du Grau-du-Roi, les vieux filets de p&ecirc;che ne finiront pas tous &agrave; la benne. D&eacute;barrass&eacute;s de leurs c&acirc;bles, cha&icirc;nes, flotteurs et cordages, ils vont prendre la route de l&rsquo;Ukraine. &#8230;","protected":false},"author":1,"featured_media":40521,"comment_status":"open","ping_status":"open","sticky":false,"template":"","format":"standard","meta":{"footnotes":""},"categories":[918,3926,3925,20],"tags":[183,317,6326,238,1469,914,323,284,3510,260,601],"news-destination":[3944],"news-source":[475],"is_homepage":[],"ta_other":[],"class_list":["post-40520","post","type-post","status-publish","format-standard","has-post-thumbnail","hentry","category-accueil","category-accueil-merge","category-accueil-third","category-societe","tag-benevoles","tag-drones","tag-filets-de-peche","tag-gard","tag-guerre-en-ukraine","tag-humanitaire","tag-le-grau-du-roi","tag-occitanie","tag-refugies","tag-solidarite","tag-ukraine","news-destination-homepage","news-source-website"],"_links":{"self":[{"href":"https:\/\/euapp01.newsmemory.com\/lamarseillaise\/news\/wp-json\/wp\/v2\/posts\/40520","targetHints":{"allow":["GET"]}}],"collection":[{"href":"https:\/\/euapp01.newsmemory.com\/lamarseillaise\/news\/wp-json\/wp\/v2\/posts"}],"about":[{"href":"https:\/\/euapp01.newsmemory.com\/lamarseillaise\/news\/wp-json\/wp\/v2\/types\/post"}],"author":[{"embeddable":true,"href":"https:\/\/euapp01.newsmemory.com\/lamarseillaise\/news\/wp-json\/wp\/v2\/users\/1"}],"replies":[{"embeddable":true,"href":"https:\/\/euapp01.newsmemory.com\/lamarseillaise\/news\/wp-json\/wp\/v2\/comments?post=40520"}],"version-history":[{"count":1,"href":"https:\/\/euapp01.newsmemory.com\/lamarseillaise\/news\/wp-json\/wp\/v2\/posts\/40520\/revisions"}],"predecessor-version":[{"id":40522,"href":"https:\/\/euapp01.newsmemory.com\/lamarseillaise\/news\/wp-json\/wp\/v2\/posts\/40520\/revisions\/40522"}],"wp:featuredmedia":[{"embeddable":true,"href":"https:\/\/euapp01.newsmemory.com\/lamarseillaise\/news\/wp-json\/wp\/v2\/media\/40521"}],"wp:attachment":[{"href":"https:\/\/euapp01.newsmemory.com\/lamarseillaise\/news\/wp-json\/wp\/v2\/media?parent=40520"}],"wp:term":[{"taxonomy":"category","embeddable":true,"href":"https:\/\/euapp01.newsmemory.com\/lamarseillaise\/news\/wp-json\/wp\/v2\/categories?post=40520"},{"taxonomy":"post_tag","embeddable":true,"href":"https:\/\/euapp01.newsmemory.com\/lamarseillaise\/news\/wp-json\/wp\/v2\/tags?post=40520"},{"taxonomy":"news-destination","embeddable":true,"href":"https:\/\/euapp01.newsmemory.com\/lamarseillaise\/news\/wp-json\/wp\/v2\/news-destination?post=40520"},{"taxonomy":"news-source","embeddable":true,"href":"https:\/\/euapp01.newsmemory.com\/lamarseillaise\/news\/wp-json\/wp\/v2\/news-source?post=40520"},{"taxonomy":"is_homepage","embeddable":true,"href":"https:\/\/euapp01.newsmemory.com\/lamarseillaise\/news\/wp-json\/wp\/v2\/is_homepage?post=40520"},{"taxonomy":"ta_other","embeddable":true,"href":"https:\/\/euapp01.newsmemory.com\/lamarseillaise\/news\/wp-json\/wp\/v2\/ta_other?post=40520"}],"curies":[{"name":"wp","href":"https:\/\/api.w.org\/{rel}","templated":true}]}}