{"id":40517,"date":"2026-08-27T10:13:00","date_gmt":"2026-08-27T08:13:00","guid":{"rendered":"https:\/\/euapp01.newsmemory.com\/lamarseillaise\/news\/?p=40517"},"modified":"2026-08-28T14:39:40","modified_gmt":"2026-08-28T12:39:40","slug":"la-reutilisation-des-eaux-usees-traitees-arrive-a-sete","status":"publish","type":"post","link":"https:\/\/euapp01.newsmemory.com\/lamarseillaise\/news\/2026\/08\/27\/la-reutilisation-des-eaux-usees-traitees-arrive-a-sete\/","title":{"rendered":"La r\u00e9utilisation des eaux us\u00e9es trait\u00e9es arrive \u00e0 S\u00e8te"},"content":{"rendered":"<div class=\"paragraph\">\n<p>Face \u00e0 la rar\u00e9faction de la ressource en eau, S\u00e8te passe \u00e0 la vitesse sup\u00e9rieure. Depuis le d\u00e9but du mois de juillet, les eaux us\u00e9es trait\u00e9es par la station d\u2019\u00e9puration des Eaux Blanches sont r\u00e9utilis\u00e9es pour des usages communaux qui jusque-l\u00e0 n\u00e9cessitaient de l\u2019eau potable.<\/p>\n<p>Un arr\u00eat\u00e9 pr\u00e9fectoral fixe les conditions de la r\u00e9utilisation des eaux us\u00e9es trait\u00e9es (R\u00e9ut) et permet \u00e0 S\u00e8te Agglop\u00f4le d\u2019\u00e9conomiser pas moins de 20\u00a0000m<sup>3<\/sup> chaque ann\u00e9e. \u00ab\u00a0<i>L\u2019autorisation concerne l\u2019hydrocurage des r\u00e9seaux d\u2019assainissement, l\u2019arrosage du ballast (lors d\u2019une construction d\u2019une route, on arrose afin de compacter un petit peu les cailloux et la terre) et bien s\u00fbr les laveuses de la Ville de S\u00e8te et potentiellement celles de Frontignan et La Peyrade<\/i><i>\u00a0<\/i>\u00bb<i>,<\/i> \u00e9num\u00e8re Vincent Sabatier, vice-pr\u00e9sident de S\u00e8te agglop\u00f4le M\u00e9diterran\u00e9e, d\u00e9l\u00e9gu\u00e9 au cycle de l\u2019eau.<\/p>\n<p>La collectivit\u00e9 dirig\u00e9e par le socialiste Lo\u00efc Linar\u00e8s met \u00e9galement en avant la technologique du dispositif, permettant d\u2019avoir une eau de haute qualit\u00e9. \u00ab<i>\u00a0<\/i><i>C\u2019est une eau de qualit\u00e9 A+, une des rares eaux en France \u00e0 avoir ce label <\/i>[la premi\u00e8re dans l\u2019H\u00e9rault, Ndlr.] <i>puisque la technicit\u00e9 de la station d\u2019\u00e9puration nous permet de sortir une qualit\u00e9 tr\u00e8s sup\u00e9rieure \u00e0 l\u2019eau de baignade<\/i><i>\u00a0<\/i>\u00bb<i>, <\/i>poursuit le vice-pr\u00e9sident. En effet, l\u2019eau us\u00e9e subit dans un premier temps un proc\u00e9d\u00e9 d\u2019ultrafiltration membranaire avant d\u2019\u00eatre d\u00e9sinfect\u00e9e par rayons UV. Du chlore est \u00e9galement ajout\u00e9 pour assurer un effet durable et ainsi permettre de la stocker dans une cuve de 20\u00a0000\u00a0litres. Une r\u00e9utilisation des eaux us\u00e9es qui emp\u00eache \u00e9galement de rejeter cette eau dans la mer.<\/p>\n<\/p><\/div>\n<div class=\"intext\"> La perspective d\u2019usages industriels de la R\u00e9ut\n              <\/div>\n<div class=\"paragraph\">\n<p>Cette nouvelle \u00e9conomie d\u2019eau vient s\u2019ajouter \u00e0 celle de 110\u00a0000m<sup>3<\/sup> issus de la r\u00e9cup\u00e9ration d\u2019eau de lavage des filtres de la station de potabilisation s\u00e9toise. \u00ab<i>\u00a0<\/i><i>Potentiellement, cette eau \u00e9conomis\u00e9e pourra servir pour les &#8220;usages nouveaux&#8221;<\/i> <i>de la ressource. Nous sommes de plus en plus confront\u00e9s \u00e0 des conditions m\u00e9t\u00e9o extr\u00eames, nous obligeant \u00e0 arroser plus. Cette eau pourrait subvenir \u00e0 ces besoins, en particulier l\u2019irrigation<\/i><i>\u00a0<\/i>\u00bb, souligne Vincent Sabatier. Seul hic, sa salinit\u00e9. \u00ab<i>\u00a0<\/i><i>Le r\u00e9seau est au niveau z\u00e9ro des cartes <\/i>[z\u00e9ro hydrographique, Ndlr.], <i>donc nous avons un petit peu d\u2019intrusion d\u2019eau sal\u00e9e. Mais il est toujours moins compliqu\u00e9 d\u2019enlever 3g de sel que 30 comme dans l\u2019eau de mer.<\/i><i>\u00a0<\/i>\u00bb<i> <\/i><\/p>\n<p>Ce nouveau dispositif n\u2019est qu\u2019une premi\u00e8re \u00e9tape dans la r\u00e9utilisation des eaux us\u00e9es trait\u00e9es. En effet, l\u2019Agglo pr\u00e9voit de d\u00e9velopper ses usages, notamment industriels. \u00ab<i>\u00a0<\/i><i>Le second projet est de venir alimenter l\u2019usine Saipol, premier consommateur d\u2019eau municipal de la ville de S\u00e8te. L\u00e0, on vise une \u00e9conomie de 350<\/i><i>\u00a0<\/i><i>000m<\/i><i><sup>3<\/sup><\/i><i>\u00a0<\/i>\u00bb, soutient Vincent Sabatier. Notamment pour refroidir les installations et produire de la vapeur pour cette usine d\u00e9di\u00e9e \u00e0 la transformation de colza d\u2019import.<\/p>\n<p>Une d\u00e9marche qui montre le fort potentiel de cette technologie encore peu d\u00e9velopp\u00e9e en France, contrairement \u00e0 l\u2019Espagne voisine, o\u00f9 l\u2019eau r\u00e9utilis\u00e9e peut \u00eatre consomm\u00e9e par la population. Mais \u00e0 la vue du d\u00e9r\u00e8glement climatique, il est s\u00fbr que la question de la R\u00e9ut va se poser dans le d\u00e9bat public fran\u00e7ais.<\/p>\n<\/p><\/div>\n","protected":false},"excerpt":{"rendered":"Face &agrave; la rar&eacute;faction de la ressource en eau, S&egrave;te passe &agrave; la vitesse sup&eacute;rieure. Depuis le d&eacute;but du mois de juillet, les eaux us&eacute;es trait&eacute;es par la station d&rsquo;&eacute;puration des Eaux &#8230;","protected":false},"author":1,"featured_media":40518,"comment_status":"open","ping_status":"open","sticky":false,"template":"","format":"standard","meta":{"footnotes":""},"categories":[918,3926,3925,333,20],"tags":[373,513,1550,309,471,239,624,284,419,403,1397,429],"news-destination":[3944],"news-source":[475],"is_homepage":[],"ta_other":[],"class_list":["post-40517","post","type-post","status-publish","format-standard","has-post-thumbnail","hentry","category-accueil","category-accueil-merge","category-accueil-third","category-environnement","category-societe","tag-chaleur","tag-communes","tag-dereglement-climatique","tag-eau","tag-eau-potable","tag-herault","tag-industrie","tag-occitanie","tag-rechauffement-climatique","tag-reutilisation-des-eaux-usees-traitees","tag-secheresse","tag-sete","news-destination-homepage","news-source-website"],"_links":{"self":[{"href":"https:\/\/euapp01.newsmemory.com\/lamarseillaise\/news\/wp-json\/wp\/v2\/posts\/40517","targetHints":{"allow":["GET"]}}],"collection":[{"href":"https:\/\/euapp01.newsmemory.com\/lamarseillaise\/news\/wp-json\/wp\/v2\/posts"}],"about":[{"href":"https:\/\/euapp01.newsmemory.com\/lamarseillaise\/news\/wp-json\/wp\/v2\/types\/post"}],"author":[{"embeddable":true,"href":"https:\/\/euapp01.newsmemory.com\/lamarseillaise\/news\/wp-json\/wp\/v2\/users\/1"}],"replies":[{"embeddable":true,"href":"https:\/\/euapp01.newsmemory.com\/lamarseillaise\/news\/wp-json\/wp\/v2\/comments?post=40517"}],"version-history":[{"count":1,"href":"https:\/\/euapp01.newsmemory.com\/lamarseillaise\/news\/wp-json\/wp\/v2\/posts\/40517\/revisions"}],"predecessor-version":[{"id":40519,"href":"https:\/\/euapp01.newsmemory.com\/lamarseillaise\/news\/wp-json\/wp\/v2\/posts\/40517\/revisions\/40519"}],"wp:featuredmedia":[{"embeddable":true,"href":"https:\/\/euapp01.newsmemory.com\/lamarseillaise\/news\/wp-json\/wp\/v2\/media\/40518"}],"wp:attachment":[{"href":"https:\/\/euapp01.newsmemory.com\/lamarseillaise\/news\/wp-json\/wp\/v2\/media?parent=40517"}],"wp:term":[{"taxonomy":"category","embeddable":true,"href":"https:\/\/euapp01.newsmemory.com\/lamarseillaise\/news\/wp-json\/wp\/v2\/categories?post=40517"},{"taxonomy":"post_tag","embeddable":true,"href":"https:\/\/euapp01.newsmemory.com\/lamarseillaise\/news\/wp-json\/wp\/v2\/tags?post=40517"},{"taxonomy":"news-destination","embeddable":true,"href":"https:\/\/euapp01.newsmemory.com\/lamarseillaise\/news\/wp-json\/wp\/v2\/news-destination?post=40517"},{"taxonomy":"news-source","embeddable":true,"href":"https:\/\/euapp01.newsmemory.com\/lamarseillaise\/news\/wp-json\/wp\/v2\/news-source?post=40517"},{"taxonomy":"is_homepage","embeddable":true,"href":"https:\/\/euapp01.newsmemory.com\/lamarseillaise\/news\/wp-json\/wp\/v2\/is_homepage?post=40517"},{"taxonomy":"ta_other","embeddable":true,"href":"https:\/\/euapp01.newsmemory.com\/lamarseillaise\/news\/wp-json\/wp\/v2\/ta_other?post=40517"}],"curies":[{"name":"wp","href":"https:\/\/api.w.org\/{rel}","templated":true}]}}