{"id":40514,"date":"2026-08-27T10:15:00","date_gmt":"2026-08-27T08:15:00","guid":{"rendered":"https:\/\/euapp01.newsmemory.com\/lamarseillaise\/news\/?p=40514"},"modified":"2026-08-28T14:39:40","modified_gmt":"2026-08-28T12:39:40","slug":"de-moins-en-moins-de-femmes-parmi-les-prefets","status":"publish","type":"post","link":"https:\/\/euapp01.newsmemory.com\/lamarseillaise\/news\/2026\/08\/27\/de-moins-en-moins-de-femmes-parmi-les-prefets\/","title":{"rendered":"De moins en moins de femmes parmi les pr\u00e9fets"},"content":{"rendered":"<div class=\"paragraph\">\n<p>\u00ab <i>U<\/i><i>n \u00e9cart persistant subsiste entre, d\u2019une part, les objectifs de parit\u00e9 affich\u00e9s et, d\u2019autre part, la f\u00e9minisation des nominations. La proportion de femmes pr\u00e9f\u00e8tes s\u2019est r\u00e9duite de 27% \u00e0 24% entre 2019 et 2024<\/i><i>\u00a0<\/i>\u00bb, alerte la Cour des comptes dans un rapport consacr\u00e9 \u00e0 la gestion des pr\u00e9fets, rendu public le 28\u00a0juillet.<\/p>\n<p>Malgr\u00e9 les discours officiels, la fonction de pr\u00e9fet reste donc un bastion masculin o\u00f9 la part des femmes, loin de progresser, accuse un net recul depuis le d\u00e9but des ann\u00e9es 2020. \u00ab<i>\u00a0<\/i><i>La France ne compte plus d\u00e9sormais que 17,5% de pr\u00e9f\u00e8tes de d\u00e9partement ou de r\u00e9gion. Pour 82,5% d\u2019hommes<\/i><i>\u00a0<\/i>\u00bb<i>, <\/i>d\u00e9plore l\u2019Observatoire r\u00e9gional de la parit\u00e9 d\u2019Occitanie,<i> <\/i>qui a d\u00e9cid\u00e9 d\u2019interpeller publiquement le pr\u00e9sident de la R\u00e9publique \u00e0 ce sujet. Avec 4 de ses 13 d\u00e9partements administr\u00e9s par une femme (Chantal Mauchet dans l\u2019H\u00e9rault, Fabienne Decottignies dans le Gard, Marilyne Poulain dans le Lot et Sibylle Samoyault dans Les Hautes-Pyr\u00e9n\u00e9es &#8211; nomination effective \u00e0 partir du 24 ao\u00fbt 2026 -), soit une proportion de pr\u00e8s de 31% de femmes, l\u2019Occitanie fait mentir les statistiques. H\u00e9las elle est l\u2019exception.<\/p>\n<\/p><\/div>\n<div class=\"intext\"> \u00ab\u00a0User avec audace de son pouvoir exorbitant\u00a0\u00bb\n              <\/div>\n<div class=\"paragraph\">\n<p>Cr\u00e9\u00e9e par Napol\u00e9on, la fonction de pr\u00e9fet est tr\u00e8s longtemps rest\u00e9e r\u00e9serv\u00e9e aux hommes. Il a fallu attendre l\u2019arriv\u00e9e de la gauche au pouvoir en 1981 pour qu\u2019une premi\u00e8re femme, Yvette Chassagne, soit nomm\u00e9e pr\u00e9f\u00e8te. La part des femmes a ensuite progress\u00e9 tr\u00e8s lentement&#8230; \u00ab<i>\u00a0<\/i><i>En 2012, la loi Sauvadet a impos\u00e9 aux employeurs publics, donc \u00e0 l\u2019\u00c9tat, une part d\u2019au moins 40% de femmes dans les premi\u00e8res nominations des emplois sup\u00e9rieurs, dont ceux de pr\u00e9fet<\/i><i>\u00a0<\/i>\u00bb, rappelle l\u2019Observatoire r\u00e9gional de la parit\u00e9 d\u2019Occitanie. De 6% en 2005, cette part avait fini par atteindre 27% en 2019&#8230; avant de refluer. Au sein de l\u2019administration, peu de secteurs affichent d\u00e9sormais une domination aussi \u00e9crasante du genre masculin. \u00ab<i>\u00a0<\/i><i>Ainsi, au vu du plafond de verre blind\u00e9 qui s\u2019ajoute celui du plancher collant pour 38% de sous-pr\u00e9f\u00e8tes, dans son rapport, la Cour des comptes demande \u00e0 &#8220;l\u2019autorit\u00e9 de nomination&#8221; <\/i>[le pr\u00e9sident de la R\u00e9publique, Ndlr.]<i> de veiller, &#8220;\u00e0 la coh\u00e9rence de ses d\u00e9cisions avec l\u2019objectif de nomination fix\u00e9 par la loi&#8221;. En foi de quoi l\u2019Observatoire r\u00e9gional de la parit\u00e9 d\u2019Occitanie lui demande \u00e0 son tour d\u2019user avec audace de son pouvoir exorbitant de choix des personnes pour traduire au sommet de la pyramide administrative ces nominations paritaires qui s\u2019imposent et ne peuvent plus attendre.<\/i><i>\u00a0<\/i>\u00bb<\/p>\n<\/p><\/div>\n","protected":false},"excerpt":{"rendered":"&laquo; Un &eacute;cart persistant subsiste entre, d&rsquo;une part, les objectifs de parit&eacute; affich&eacute;s et, d&rsquo;autre part, la f&eacute;minisation des nominations. La proportion de femmes pr&eacute;f&egrave;tes s&rsquo;est &#8230;","protected":false},"author":1,"featured_media":40515,"comment_status":"open","ping_status":"open","sticky":false,"template":"","format":"standard","meta":{"footnotes":""},"categories":[918,3926,3925,330],"tags":[387,284,4056,1567,3203],"news-destination":[3944],"news-source":[475],"is_homepage":[],"ta_other":[],"class_list":["post-40514","post","type-post","status-publish","format-standard","has-post-thumbnail","hentry","category-accueil","category-accueil-merge","category-accueil-third","category-politique","tag-femmes","tag-occitanie","tag-parite","tag-prefet","tag-prefete","news-destination-homepage","news-source-website"],"_links":{"self":[{"href":"https:\/\/euapp01.newsmemory.com\/lamarseillaise\/news\/wp-json\/wp\/v2\/posts\/40514","targetHints":{"allow":["GET"]}}],"collection":[{"href":"https:\/\/euapp01.newsmemory.com\/lamarseillaise\/news\/wp-json\/wp\/v2\/posts"}],"about":[{"href":"https:\/\/euapp01.newsmemory.com\/lamarseillaise\/news\/wp-json\/wp\/v2\/types\/post"}],"author":[{"embeddable":true,"href":"https:\/\/euapp01.newsmemory.com\/lamarseillaise\/news\/wp-json\/wp\/v2\/users\/1"}],"replies":[{"embeddable":true,"href":"https:\/\/euapp01.newsmemory.com\/lamarseillaise\/news\/wp-json\/wp\/v2\/comments?post=40514"}],"version-history":[{"count":1,"href":"https:\/\/euapp01.newsmemory.com\/lamarseillaise\/news\/wp-json\/wp\/v2\/posts\/40514\/revisions"}],"predecessor-version":[{"id":40516,"href":"https:\/\/euapp01.newsmemory.com\/lamarseillaise\/news\/wp-json\/wp\/v2\/posts\/40514\/revisions\/40516"}],"wp:featuredmedia":[{"embeddable":true,"href":"https:\/\/euapp01.newsmemory.com\/lamarseillaise\/news\/wp-json\/wp\/v2\/media\/40515"}],"wp:attachment":[{"href":"https:\/\/euapp01.newsmemory.com\/lamarseillaise\/news\/wp-json\/wp\/v2\/media?parent=40514"}],"wp:term":[{"taxonomy":"category","embeddable":true,"href":"https:\/\/euapp01.newsmemory.com\/lamarseillaise\/news\/wp-json\/wp\/v2\/categories?post=40514"},{"taxonomy":"post_tag","embeddable":true,"href":"https:\/\/euapp01.newsmemory.com\/lamarseillaise\/news\/wp-json\/wp\/v2\/tags?post=40514"},{"taxonomy":"news-destination","embeddable":true,"href":"https:\/\/euapp01.newsmemory.com\/lamarseillaise\/news\/wp-json\/wp\/v2\/news-destination?post=40514"},{"taxonomy":"news-source","embeddable":true,"href":"https:\/\/euapp01.newsmemory.com\/lamarseillaise\/news\/wp-json\/wp\/v2\/news-source?post=40514"},{"taxonomy":"is_homepage","embeddable":true,"href":"https:\/\/euapp01.newsmemory.com\/lamarseillaise\/news\/wp-json\/wp\/v2\/is_homepage?post=40514"},{"taxonomy":"ta_other","embeddable":true,"href":"https:\/\/euapp01.newsmemory.com\/lamarseillaise\/news\/wp-json\/wp\/v2\/ta_other?post=40514"}],"curies":[{"name":"wp","href":"https:\/\/api.w.org\/{rel}","templated":true}]}}