{"id":40508,"date":"2026-08-27T09:46:00","date_gmt":"2026-08-27T07:46:00","guid":{"rendered":"https:\/\/euapp01.newsmemory.com\/lamarseillaise\/news\/?p=40508"},"modified":"2026-08-27T10:06:50","modified_gmt":"2026-08-27T08:06:50","slug":"cest-lete-decouvrir-avignon-en-une-balade","status":"publish","type":"post","link":"https:\/\/euapp01.newsmemory.com\/lamarseillaise\/news\/2026\/08\/27\/cest-lete-decouvrir-avignon-en-une-balade\/","title":{"rendered":"[C\u2019est l\u2019\u00e9t\u00e9] D\u00e9couvrir Avignon en une balade"},"content":{"rendered":"<div class=\"paragraph\">\n<p>Le jeudi 27\u00a0ao\u00fbt et les dimanches\u00a06, 13\u00a0et 27\u00a0septembre, au d\u00e9part de l\u2019office de tourisme, cours Jean Jaur\u00e8s, les visiteurs peuvent d\u00e9couvrir la place de l\u2019Horloge et la place du Palais. Cette derni\u00e8re rassemble plusieurs monuments embl\u00e9matiques, dont le Palais des Papes, la cath\u00e9drale Notre-Dame des Doms et le mus\u00e9e du Petit Palais.<\/p>\n<p>Mais la visite ne se limite pas aux lieux les plus connus. Le parcours permet \u00e9galement de d\u00e9couvrir des endroits plus confidentiels et de mieux comprendre l\u2019histoire de la ville. Les \u00e9tapes peuvent d\u2019ailleurs varier selon le guide et ses anecdotes.<\/p>\n<p>Le parcours peut passer par le Rocher des Doms, qui offre un panorama sur le Rh\u00f4ne et les remparts. L\u2019office de tourisme conseille \u00e9galement le pont Saint-B\u00e9nezet, la rue des Teinturiers ou encore les Halles.<\/p>\n<p>La visite se d\u00e9roule enti\u00e8rement en ext\u00e9rieur et accueille jusqu\u2019\u00e0 25\u00a0personnes. Les participants doivent se pr\u00e9senter quinze minutes avant le d\u00e9part qui se fait devant l\u2019office de tourisme. Les tarifs sont compris entre 8\u00a0et 10\u00a0euros. Davantage d\u2019informations sont \u00e0 retrouver sur le site Avignon tourisme.<\/p>\n<p>Louis Golliot<\/p>\n<\/p><\/div>\n","protected":false},"excerpt":{"rendered":"Le jeudi 27&nbsp;ao&ucirc;t et les dimanches&nbsp;6, 13&nbsp;et 27&nbsp;septembre, au d&eacute;part de l&rsquo;office de tourisme, cours Jean Jaur&egrave;s, les visiteurs peuvent d&eacute;couvrir la place de l&rsquo;Horloge et la place du Palais. &#8230;","protected":false},"author":1,"featured_media":40509,"comment_status":"open","ping_status":"open","sticky":false,"template":"","format":"standard","meta":{"footnotes":""},"categories":[20],"tags":[1289,6085,1318,280,153,1662,97,347,171,61],"news-destination":[],"news-source":[475],"is_homepage":[],"ta_other":[],"class_list":["post-40508","post","type-post","status-publish","format-standard","has-post-thumbnail","hentry","category-societe","tag-balade","tag-cest-lete","tag-guide","tag-histoire","tag-musee","tag-office-de-tourisme","tag-patrimoine","tag-tourisme","tag-vaucluse","tag-visite","news-source-website"],"_links":{"self":[{"href":"https:\/\/euapp01.newsmemory.com\/lamarseillaise\/news\/wp-json\/wp\/v2\/posts\/40508","targetHints":{"allow":["GET"]}}],"collection":[{"href":"https:\/\/euapp01.newsmemory.com\/lamarseillaise\/news\/wp-json\/wp\/v2\/posts"}],"about":[{"href":"https:\/\/euapp01.newsmemory.com\/lamarseillaise\/news\/wp-json\/wp\/v2\/types\/post"}],"author":[{"embeddable":true,"href":"https:\/\/euapp01.newsmemory.com\/lamarseillaise\/news\/wp-json\/wp\/v2\/users\/1"}],"replies":[{"embeddable":true,"href":"https:\/\/euapp01.newsmemory.com\/lamarseillaise\/news\/wp-json\/wp\/v2\/comments?post=40508"}],"version-history":[{"count":1,"href":"https:\/\/euapp01.newsmemory.com\/lamarseillaise\/news\/wp-json\/wp\/v2\/posts\/40508\/revisions"}],"predecessor-version":[{"id":40510,"href":"https:\/\/euapp01.newsmemory.com\/lamarseillaise\/news\/wp-json\/wp\/v2\/posts\/40508\/revisions\/40510"}],"wp:featuredmedia":[{"embeddable":true,"href":"https:\/\/euapp01.newsmemory.com\/lamarseillaise\/news\/wp-json\/wp\/v2\/media\/40509"}],"wp:attachment":[{"href":"https:\/\/euapp01.newsmemory.com\/lamarseillaise\/news\/wp-json\/wp\/v2\/media?parent=40508"}],"wp:term":[{"taxonomy":"category","embeddable":true,"href":"https:\/\/euapp01.newsmemory.com\/lamarseillaise\/news\/wp-json\/wp\/v2\/categories?post=40508"},{"taxonomy":"post_tag","embeddable":true,"href":"https:\/\/euapp01.newsmemory.com\/lamarseillaise\/news\/wp-json\/wp\/v2\/tags?post=40508"},{"taxonomy":"news-destination","embeddable":true,"href":"https:\/\/euapp01.newsmemory.com\/lamarseillaise\/news\/wp-json\/wp\/v2\/news-destination?post=40508"},{"taxonomy":"news-source","embeddable":true,"href":"https:\/\/euapp01.newsmemory.com\/lamarseillaise\/news\/wp-json\/wp\/v2\/news-source?post=40508"},{"taxonomy":"is_homepage","embeddable":true,"href":"https:\/\/euapp01.newsmemory.com\/lamarseillaise\/news\/wp-json\/wp\/v2\/is_homepage?post=40508"},{"taxonomy":"ta_other","embeddable":true,"href":"https:\/\/euapp01.newsmemory.com\/lamarseillaise\/news\/wp-json\/wp\/v2\/ta_other?post=40508"}],"curies":[{"name":"wp","href":"https:\/\/api.w.org\/{rel}","templated":true}]}}