{"id":40502,"date":"2026-08-27T09:53:00","date_gmt":"2026-08-27T07:53:00","guid":{"rendered":"https:\/\/euapp01.newsmemory.com\/lamarseillaise\/news\/?p=40502"},"modified":"2026-08-27T10:06:50","modified_gmt":"2026-08-27T08:06:50","slug":"cest-lete-manosque-plage-de-retour-au-parc-de-drouille","status":"publish","type":"post","link":"https:\/\/euapp01.newsmemory.com\/lamarseillaise\/news\/2026\/08\/27\/cest-lete-manosque-plage-de-retour-au-parc-de-drouille\/","title":{"rendered":"[C\u2019est l\u2019\u00e9t\u00e9] Manosque plage de retour au parc de Drouille"},"content":{"rendered":"<div class=\"paragraph\">\n<p>Chaque apr\u00e8s-midi, de 14h30 \u00e0 minuit, petits et grands peuvent profiter d\u2019un espace de loisirs en plein air, am\u00e9nag\u00e9 pour cl\u00f4turer l\u2019\u00e9t\u00e9 dans une ambiance festive.<br \/>De nombreuses animations sportives sont propos\u00e9es gratuitement \u00e0 cette occasion, avec notamment un ch\u00e2teau gonflable et un taureau m\u00e9canique. \u00c0 partir de la fin de journ\u00e9e, place \u00e0 la musique avec une programmation qui fera danser le public jusqu\u2019\u00e0 minuit. Ce jeudi, ce sera un concert du groupe Gipsy Fantasia et de Dj\u00a0Thomas (ann\u00e9es 80). Un ap\u00e9ro musical commencera \u00e0 partir de 19h30.<\/p>\n<\/p><\/div>\n","protected":false},"excerpt":{"rendered":"Chaque apr&egrave;s-midi, de 14h30 &agrave; minuit, petits et grands peuvent profiter d&rsquo;un espace de loisirs en plein air, am&eacute;nag&eacute; pour cl&ocirc;turer l&rsquo;&eacute;t&eacute; dans une ambiance festive.De nombreuses animations &#8230;","protected":false},"author":1,"featured_media":40503,"comment_status":"open","ping_status":"open","sticky":false,"template":"","format":"standard","meta":{"footnotes":""},"categories":[20],"tags":[2873,4768,4467,6085,57,754,2371,55,325,1291],"news-destination":[],"news-source":[475],"is_homepage":[],"ta_other":[],"class_list":["post-40502","post","type-post","status-publish","format-standard","has-post-thumbnail","hentry","category-societe","tag-activites-de-loisirs","tag-alpes","tag-alpes-de-haute-provence","tag-cest-lete","tag-enfants","tag-familles","tag-jeux","tag-loisirs","tag-musique","tag-parc","news-source-website"],"_links":{"self":[{"href":"https:\/\/euapp01.newsmemory.com\/lamarseillaise\/news\/wp-json\/wp\/v2\/posts\/40502","targetHints":{"allow":["GET"]}}],"collection":[{"href":"https:\/\/euapp01.newsmemory.com\/lamarseillaise\/news\/wp-json\/wp\/v2\/posts"}],"about":[{"href":"https:\/\/euapp01.newsmemory.com\/lamarseillaise\/news\/wp-json\/wp\/v2\/types\/post"}],"author":[{"embeddable":true,"href":"https:\/\/euapp01.newsmemory.com\/lamarseillaise\/news\/wp-json\/wp\/v2\/users\/1"}],"replies":[{"embeddable":true,"href":"https:\/\/euapp01.newsmemory.com\/lamarseillaise\/news\/wp-json\/wp\/v2\/comments?post=40502"}],"version-history":[{"count":1,"href":"https:\/\/euapp01.newsmemory.com\/lamarseillaise\/news\/wp-json\/wp\/v2\/posts\/40502\/revisions"}],"predecessor-version":[{"id":40504,"href":"https:\/\/euapp01.newsmemory.com\/lamarseillaise\/news\/wp-json\/wp\/v2\/posts\/40502\/revisions\/40504"}],"wp:featuredmedia":[{"embeddable":true,"href":"https:\/\/euapp01.newsmemory.com\/lamarseillaise\/news\/wp-json\/wp\/v2\/media\/40503"}],"wp:attachment":[{"href":"https:\/\/euapp01.newsmemory.com\/lamarseillaise\/news\/wp-json\/wp\/v2\/media?parent=40502"}],"wp:term":[{"taxonomy":"category","embeddable":true,"href":"https:\/\/euapp01.newsmemory.com\/lamarseillaise\/news\/wp-json\/wp\/v2\/categories?post=40502"},{"taxonomy":"post_tag","embeddable":true,"href":"https:\/\/euapp01.newsmemory.com\/lamarseillaise\/news\/wp-json\/wp\/v2\/tags?post=40502"},{"taxonomy":"news-destination","embeddable":true,"href":"https:\/\/euapp01.newsmemory.com\/lamarseillaise\/news\/wp-json\/wp\/v2\/news-destination?post=40502"},{"taxonomy":"news-source","embeddable":true,"href":"https:\/\/euapp01.newsmemory.com\/lamarseillaise\/news\/wp-json\/wp\/v2\/news-source?post=40502"},{"taxonomy":"is_homepage","embeddable":true,"href":"https:\/\/euapp01.newsmemory.com\/lamarseillaise\/news\/wp-json\/wp\/v2\/is_homepage?post=40502"},{"taxonomy":"ta_other","embeddable":true,"href":"https:\/\/euapp01.newsmemory.com\/lamarseillaise\/news\/wp-json\/wp\/v2\/ta_other?post=40502"}],"curies":[{"name":"wp","href":"https:\/\/api.w.org\/{rel}","templated":true}]}}