{"id":40499,"date":"2026-08-27T09:24:00","date_gmt":"2026-08-27T07:24:00","guid":{"rendered":"https:\/\/euapp01.newsmemory.com\/lamarseillaise\/news\/?p=40499"},"modified":"2026-08-27T10:06:50","modified_gmt":"2026-08-27T08:06:50","slug":"cest-lete-un-siecle-de-vie-musicale-aixoise-raconte-en-photos","status":"publish","type":"post","link":"https:\/\/euapp01.newsmemory.com\/lamarseillaise\/news\/2026\/08\/27\/cest-lete-un-siecle-de-vie-musicale-aixoise-raconte-en-photos\/","title":{"rendered":"[C\u2019est l\u2019\u00e9t\u00e9] Un si\u00e8cle de vie musicale aixoise racont\u00e9 en photos"},"content":{"rendered":"<div class=\"paragraph\">\n<p>\u00ab <i>A<\/i><i>vec la photographie, c\u2019est tout l\u2019inverse<\/i><i>\u00a0<\/i><i>: tout reste.<\/i><i>\u00a0<\/i><i>\u00bb<\/i> En pointant le portrait de L\u00e9o Ferr\u00e9 et son c\u00e9l\u00e8bre \u00ab\u00a0Avec le temps, va, tout s\u2019en va\u00a0\u00bb, Jean-\u00c9ric Ely, photographe et initiateur de l\u2019\u00e9v\u00e9nement donne le ton de \u00ab\u00a0Musiques en Aix\u00a0\u00bb. Organis\u00e9e par le Collectif Ely pour le patrimoine photographique et iconique d\u2019Aix-en-Provence (Ceppia), l\u2019exposition fait dialoguer m\u00e9moire photographique et m\u00e9moire musicale.<\/p>\n<p>Henry, Hugo, Jean et Jean-\u00c9ric Ely, quatre g\u00e9n\u00e9rations de photographes, ont immortalis\u00e9 la vie musicale aixoise, retranscrite dans pr\u00e8s de 300\u00a0clich\u00e9s. \u00ab\u00a0<i>L\u2019objectif est de faire perdurer la m\u00e9moire de vedettes pass\u00e9es par Aix<\/i> <i>et des lieux mythiques de la sc\u00e8ne musicale locale<\/i>\u00a0\u00bb, explique le photographe lors de la visite de l\u2019exposition.<\/p>\n<p>Des orchestres du d\u00e9but des ann\u00e9es 1900 aux grandes voix de Piaf, Jos\u00e9phine Baker ou encore Aznavour, le parcours suit une organisation chronologique puis th\u00e9matique par familles musicales. Onze appareils photo de la famille Ely montrent l\u2019\u00e9volution des techniques. Apr\u00e8s un an de travail, 288 photos ont \u00e9t\u00e9 retenues sur 1 604\u00a0: \u00ab\u00a0<i>Mon p\u00e8re a toujours dit &#8220;choisir, c\u2019est sacrifier&#8221;. Il a raison, cela a \u00e9t\u00e9 un choix draconien<\/i><i>\u00a0<\/i><i>\u00bb, <\/i>souligne Jean-\u00c9ric Ely.<\/p>\n<p>Au fil des salles, le photographe balaie et commente les clich\u00e9s. Devant la premi\u00e8re \u00e9dition du Festival d\u2019art lyrique d\u2019Aix, en 1948, il s\u2019arr\u00eate\u00a0: \u00ab\u00a0<i>On est les seuls au monde \u00e0 l\u2019avoir celle-ci<\/i><i>\u00a0<\/i><i>!<\/i>\u00a0\u00bb<i>, <\/i>s\u2019exclame-t-il. Plus loin, classique, jazz, rap et reggae se m\u00ealent. \u00ab\u00a0<i>C\u2019est mon b\u00e9b\u00e9 ch\u00e9ri<\/i>\u00a0\u00bb, sourit-il \u00e0 propos du jazz. Avant de s\u2019\u00e9pancher longuement sur l\u2019unique photo prise hors d\u2019Aix, un Miles Davis photographi\u00e9 \u00e0 Miramas\u00a0: \u00ab\u00a0<i>J\u2019\u00e9tais oblig\u00e9 de mettre le g\u00e9nie des g\u00e9nies<\/i>.\u00a0\u00bb<\/p>\n<p>Pour r\u00e9sumer l\u2019essence de l\u2019exposition, Jean-\u00c9ric Ely pointe un tableau qui juxtapose une sc\u00e8ne de F\u00eate de la musique qu\u2019il a capt\u00e9e en 2001 et un bal des Thermes photographi\u00e9 par son grand-p\u00e8re 63\u00a0ans plus t\u00f4t. \u00ab<i>\u00a0<\/i><i>\u00c0 elles seules, elles montrent l\u2019\u00e9volution de la musique et de la photo<\/i><i>\u00a0<\/i>\u00bb<i>,<\/i> r\u00e9sume-t-il. Jusqu\u2019au 1<sup>er<\/sup>\u00a0novembre, le responsable de l\u2019exposition esp\u00e8re susciter la curiosit\u00e9 des visiteurs\u00a0: \u00ab<i>\u00a0<\/i><i>Je veux qu\u2019ils repartent en se disant &#8220;Ah ouais tout \u00e7a s\u2019est pass\u00e9 ici<\/i><i>\u00a0<\/i><i>?<\/i>&#8221;\u00a0\u00bb, conclut-il.<\/p>\n<\/p><\/div>\n<div class=\"paragraph\">\n<p><i>Jusqu\u2019au 1<\/i><i><sup>er <\/sup><\/i><i>novembre, H\u00f4tel de Boad\u00e8s. Du mercredi au dimanche. Tarifs<\/i><i>\u00a0<\/i><i>: 10 euros<\/i><i>\u00a0<\/i><i>; r\u00e9duit 7 euros<\/i><i>\u00a0<\/i><i>; &#8211; 12 ans gratuit.<\/i><\/p>\n<\/p><\/div>\n","protected":false},"excerpt":{"rendered":"&laquo; Avec la photographie, c&rsquo;est tout l&rsquo;inverse&nbsp;: tout reste.&nbsp;&raquo; En pointant le portrait de L&eacute;o Ferr&eacute; et son c&eacute;l&egrave;bre &laquo;&nbsp;Avec le temps, va, tout s&rsquo;en va&nbsp;&raquo;, &#8230;","protected":false},"author":1,"featured_media":40500,"comment_status":"open","ping_status":"open","sticky":false,"template":"","format":"standard","meta":{"footnotes":""},"categories":[32],"tags":[556,6083,2655,10,6085,3251,279,40,3673,6099,263,1233,335,3189],"news-destination":[],"news-source":[475],"is_homepage":[],"ta_other":[],"class_list":["post-40499","post","type-post","status-publish","format-standard","has-post-thumbnail","hentry","category-culture","tag-aix-en-provence","tag-bal","tag-bicentenaire","tag-bouches-du-rhone","tag-cest-lete","tag-expo-photo","tag-exposition","tag-jazz","tag-lyrique","tag-photographe","tag-photographie","tag-photos","tag-portrait","tag-rap","news-source-website"],"_links":{"self":[{"href":"https:\/\/euapp01.newsmemory.com\/lamarseillaise\/news\/wp-json\/wp\/v2\/posts\/40499","targetHints":{"allow":["GET"]}}],"collection":[{"href":"https:\/\/euapp01.newsmemory.com\/lamarseillaise\/news\/wp-json\/wp\/v2\/posts"}],"about":[{"href":"https:\/\/euapp01.newsmemory.com\/lamarseillaise\/news\/wp-json\/wp\/v2\/types\/post"}],"author":[{"embeddable":true,"href":"https:\/\/euapp01.newsmemory.com\/lamarseillaise\/news\/wp-json\/wp\/v2\/users\/1"}],"replies":[{"embeddable":true,"href":"https:\/\/euapp01.newsmemory.com\/lamarseillaise\/news\/wp-json\/wp\/v2\/comments?post=40499"}],"version-history":[{"count":1,"href":"https:\/\/euapp01.newsmemory.com\/lamarseillaise\/news\/wp-json\/wp\/v2\/posts\/40499\/revisions"}],"predecessor-version":[{"id":40501,"href":"https:\/\/euapp01.newsmemory.com\/lamarseillaise\/news\/wp-json\/wp\/v2\/posts\/40499\/revisions\/40501"}],"wp:featuredmedia":[{"embeddable":true,"href":"https:\/\/euapp01.newsmemory.com\/lamarseillaise\/news\/wp-json\/wp\/v2\/media\/40500"}],"wp:attachment":[{"href":"https:\/\/euapp01.newsmemory.com\/lamarseillaise\/news\/wp-json\/wp\/v2\/media?parent=40499"}],"wp:term":[{"taxonomy":"category","embeddable":true,"href":"https:\/\/euapp01.newsmemory.com\/lamarseillaise\/news\/wp-json\/wp\/v2\/categories?post=40499"},{"taxonomy":"post_tag","embeddable":true,"href":"https:\/\/euapp01.newsmemory.com\/lamarseillaise\/news\/wp-json\/wp\/v2\/tags?post=40499"},{"taxonomy":"news-destination","embeddable":true,"href":"https:\/\/euapp01.newsmemory.com\/lamarseillaise\/news\/wp-json\/wp\/v2\/news-destination?post=40499"},{"taxonomy":"news-source","embeddable":true,"href":"https:\/\/euapp01.newsmemory.com\/lamarseillaise\/news\/wp-json\/wp\/v2\/news-source?post=40499"},{"taxonomy":"is_homepage","embeddable":true,"href":"https:\/\/euapp01.newsmemory.com\/lamarseillaise\/news\/wp-json\/wp\/v2\/is_homepage?post=40499"},{"taxonomy":"ta_other","embeddable":true,"href":"https:\/\/euapp01.newsmemory.com\/lamarseillaise\/news\/wp-json\/wp\/v2\/ta_other?post=40499"}],"curies":[{"name":"wp","href":"https:\/\/api.w.org\/{rel}","templated":true}]}}