{"id":40496,"date":"2026-08-27T21:12:00","date_gmt":"2026-08-27T19:12:00","guid":{"rendered":"https:\/\/euapp01.newsmemory.com\/lamarseillaise\/news\/?p=40496"},"modified":"2026-08-29T08:43:46","modified_gmt":"2026-08-29T06:43:46","slug":"cest-lete-a-marseille-les-jeudis-tango-nocturne-place-de-lopera","status":"publish","type":"post","link":"https:\/\/euapp01.newsmemory.com\/lamarseillaise\/news\/2026\/08\/27\/cest-lete-a-marseille-les-jeudis-tango-nocturne-place-de-lopera\/","title":{"rendered":"[C\u2019est l\u2019\u00e9t\u00e9] \u00c0 Marseille, les jeudis, tango nocturne place de l\u2019Op\u00e9ra"},"content":{"rendered":"<div class=\"paragraph\">\n<p>\u00c0 Marseille la r\u00e9f\u00e9rence majeure, c\u2019est depuis le d\u00e9but des ann\u00e9es 1990 la place de l\u2019Op\u00e9ra. Pionni\u00e8re pour sa cr\u00e9ation en novembre\u00a01989, l\u2019association les Trottoirs de Marseille actuellement pr\u00e9sid\u00e9e par Michel Raous avait obtenu l\u2019autorisation de la mairie pour investir cet espace. Installer la sono, des tables conviviales pour les pauses et les rafra\u00eechissements est une \u00e9vidence de l\u2019\u00e9t\u00e9\u00a0: except\u00e9 pendant la Covid, cette tradition s\u2019est rarement interrompue.<\/p>\n<\/p><\/div>\n<div class=\"intext\"> Pour les balades urbaines, une danse id\u00e9ale.\n              <\/div>\n<div class=\"paragraph\">\n<p>Jeudi 13 ao\u00fbt, 80 ou 100 danseurs, les couples se succ\u00e9daient. Olga Chalica, DJ venue d\u2019Alicante, accompagnait les s\u00e9quences. Cinq ou six couples \u00ab\u00a0meilleurs\u00a0\u00bb que d\u2019autres donnaient le ton de la soir\u00e9e. Les danseurs pensent avec leur corps et ne savent pas exactement de quoi ils sont capables. Leur ressenti, ce peut \u00eatre un sentiment brusquement intense, un myst\u00e9rieux mixte d\u2019intimit\u00e9, de technique et de musicalit\u00e9. Chacun conna\u00eet sa grammaire personnelle tout en restant \u00e0 l\u2019\u00e9coute des intuitions et des mouvements d\u2019autrui. Talons hauts et jupes fendues ne sont pas fr\u00e9quents. Point de machisme abusif, la domination masculine et le consentement f\u00e9minin s\u2019estompent. Presque aussi souvent que les hommes, les femmes font les premiers pas pour changer de partenaire. Dans de nombreuses configurations, le guide du couple est \u00e0 pr\u00e9sent une femme. Des couples queer, hommes et femmes viennent volontiers danser. Dans un r\u00e9cent article, le sociologue marseillais Christophe Appril a racont\u00e9 cette \u00e9volution.<\/p>\n<p>Chez tout danseur de tango on peut approcher une partie de son histoire. Chercheur au CNRS, Michel Raous affectionne dans les textes de tango une exag\u00e9ration proche du meilleur humour. Lily estime que sans tango, sa vie n\u2019aurait pas la m\u00eame saveur. Par ailleurs requise par la photographie, Estelle Doehr a voulu approfondir les amiti\u00e9s et les rencontres que lui procura cette danse en animant avec d\u2019autres, entre 2005 et 2011, l\u2019association Rue du Tango. Elle a produit des milongas en compagnie de la g\u00e9ographe \u00c9lisabeth Dorier qui a invent\u00e9 pour les danseurs des itin\u00e9raires pas du tout conventionnels, du c\u00f4t\u00e9 du Racati, de Saint-Barnab\u00e9 ou bien de G\u00e8ze.<\/p>\n<\/p><\/div>\n","protected":false},"excerpt":{"rendered":"&Agrave; Marseille la r&eacute;f&eacute;rence majeure, c&rsquo;est depuis le d&eacute;but des ann&eacute;es 1990 la place de l&rsquo;Op&eacute;ra. Pionni&egrave;re pour sa cr&eacute;ation en novembre&nbsp;1989, l&rsquo;association les Trottoirs de &#8230;","protected":false},"author":1,"featured_media":40497,"comment_status":"open","ping_status":"open","sticky":false,"template":"","format":"standard","meta":{"footnotes":""},"categories":[918,3926,3925,32,20],"tags":[168,10,6085,1250,16,325,1239,720],"news-destination":[3944],"news-source":[475],"is_homepage":[],"ta_other":[],"class_list":["post-40496","post","type-post","status-publish","format-standard","has-post-thumbnail","hentry","category-accueil","category-accueil-merge","category-accueil-third","category-culture","category-societe","tag-association","tag-bouches-du-rhone","tag-cest-lete","tag-danse","tag-marseille","tag-musique","tag-opera","tag-ville","news-destination-homepage","news-source-website"],"_links":{"self":[{"href":"https:\/\/euapp01.newsmemory.com\/lamarseillaise\/news\/wp-json\/wp\/v2\/posts\/40496","targetHints":{"allow":["GET"]}}],"collection":[{"href":"https:\/\/euapp01.newsmemory.com\/lamarseillaise\/news\/wp-json\/wp\/v2\/posts"}],"about":[{"href":"https:\/\/euapp01.newsmemory.com\/lamarseillaise\/news\/wp-json\/wp\/v2\/types\/post"}],"author":[{"embeddable":true,"href":"https:\/\/euapp01.newsmemory.com\/lamarseillaise\/news\/wp-json\/wp\/v2\/users\/1"}],"replies":[{"embeddable":true,"href":"https:\/\/euapp01.newsmemory.com\/lamarseillaise\/news\/wp-json\/wp\/v2\/comments?post=40496"}],"version-history":[{"count":2,"href":"https:\/\/euapp01.newsmemory.com\/lamarseillaise\/news\/wp-json\/wp\/v2\/posts\/40496\/revisions"}],"predecessor-version":[{"id":40552,"href":"https:\/\/euapp01.newsmemory.com\/lamarseillaise\/news\/wp-json\/wp\/v2\/posts\/40496\/revisions\/40552"}],"wp:featuredmedia":[{"embeddable":true,"href":"https:\/\/euapp01.newsmemory.com\/lamarseillaise\/news\/wp-json\/wp\/v2\/media\/40497"}],"wp:attachment":[{"href":"https:\/\/euapp01.newsmemory.com\/lamarseillaise\/news\/wp-json\/wp\/v2\/media?parent=40496"}],"wp:term":[{"taxonomy":"category","embeddable":true,"href":"https:\/\/euapp01.newsmemory.com\/lamarseillaise\/news\/wp-json\/wp\/v2\/categories?post=40496"},{"taxonomy":"post_tag","embeddable":true,"href":"https:\/\/euapp01.newsmemory.com\/lamarseillaise\/news\/wp-json\/wp\/v2\/tags?post=40496"},{"taxonomy":"news-destination","embeddable":true,"href":"https:\/\/euapp01.newsmemory.com\/lamarseillaise\/news\/wp-json\/wp\/v2\/news-destination?post=40496"},{"taxonomy":"news-source","embeddable":true,"href":"https:\/\/euapp01.newsmemory.com\/lamarseillaise\/news\/wp-json\/wp\/v2\/news-source?post=40496"},{"taxonomy":"is_homepage","embeddable":true,"href":"https:\/\/euapp01.newsmemory.com\/lamarseillaise\/news\/wp-json\/wp\/v2\/is_homepage?post=40496"},{"taxonomy":"ta_other","embeddable":true,"href":"https:\/\/euapp01.newsmemory.com\/lamarseillaise\/news\/wp-json\/wp\/v2\/ta_other?post=40496"}],"curies":[{"name":"wp","href":"https:\/\/api.w.org\/{rel}","templated":true}]}}