{"id":40493,"date":"2026-08-27T08:56:00","date_gmt":"2026-08-27T06:56:00","guid":{"rendered":"https:\/\/euapp01.newsmemory.com\/lamarseillaise\/news\/?p=40493"},"modified":"2026-08-31T12:42:28","modified_gmt":"2026-08-31T10:42:28","slug":"lul-cgt-rappelle-son-role-dans-la-liberation-darles","status":"publish","type":"post","link":"https:\/\/euapp01.newsmemory.com\/lamarseillaise\/news\/2026\/08\/27\/lul-cgt-rappelle-son-role-dans-la-liberation-darles\/","title":{"rendered":"L\u2019UL CGT rappelle son r\u00f4le dans la Lib\u00e9ration d\u2019Arles"},"content":{"rendered":"<div class=\"paragraph\">\n<p>C\u2019est une premi\u00e8re. Ce mercredi 26\u00a0ao\u00fbt, l\u2019Union locale CGT s\u2019est r\u00e9unie devant la st\u00e8le de la place Lamartine pour souligner la contribution du monde ouvrier, et en particulier son organisation syndicale, dans la Lib\u00e9ration de la ville d\u2019Arles.<\/p>\n<p>Le secr\u00e9taire g\u00e9n\u00e9ral Nicolas Bourcy explique\u00a0: \u00ab\u00a0<i>Nous avons retrouv\u00e9 dans les archives une d\u00e9claration du Comit\u00e9 local de la Lib\u00e9ration, charg\u00e9 de g\u00e9rer la ville en attendant les \u00e9lections municipales au printemps 1945, datant du 26<\/i><i>\u00a0<\/i><i>ao\u00fbt 1944<\/i>.\u00bb Y sont cit\u00e9s les membres repr\u00e9sentant \u00ab\u00a0<i>les divers mouvements de lib\u00e9ration, c\u2019est-\u00e0-dire : Mouvements unis de la r\u00e9sistance, CGT, Parti communiste, et Front national de lutte pour l\u2019ind\u00e9pendance de la France<\/i>\u00a0\u00bb.<\/p>\n<p>Le syndicat est \u00ab\u00a0<i>ainsi reconnu comme tenant une place singuli\u00e8re dans l\u2019histoire r\u00e9sistante de la ville<\/i><i>\u00a0<\/i>\u00bb, souligne Nicolas Bourcy. \u00ab\u00a0<i>Son occupation depuis 126 ans de ses locaux historiques dans la Bourse du travail, sa visibilit\u00e9, avec son signe au fronton, en constituent une reconnaissance mat\u00e9rielle autant que morale. Ceux qui s\u2019y attaquent aujourd\u2019hui n\u2019ont d\u2019autre volont\u00e9 que de chercher (&#8230;) \u00e0 affaiblir, \u00e0 nier cette histoire (&#8230;).<\/i>\u00bb<\/p>\n<\/p><\/div>\n<div class=\"intext\"> Un moratoire \u00e0 l\u2019expulsion\n              <\/div>\n<div class=\"paragraph\">\n<p>En juillet, le tribunal administratif de Marseille a valid\u00e9 l\u2019expulsion de l\u2019UL de ses locaux, au motif de l\u2019\u00e9ch\u00e9ance de la convention d\u2019occupation des lieux, en 2023, que le maire (Horizons) Patrick de Carolis a refus\u00e9 de renouveler. Le syndicat a annonc\u00e9 faire appel, ce qui ne suspend ni l\u2019expulsion ni l\u2019astreinte financi\u00e8re de 50\u00a0euros par jour, qui s\u2019appliquera \u00e0 compter de la mi-septembre. \u00ab\u00a0<i>Nous demandons un moratoire au pr\u00e9fet, en attendant les conclusions de la mission interminist\u00e9rielle lanc\u00e9e en juillet pour r\u00e9fl\u00e9chir \u00e0 l\u2019avenir des Bourses du travail<\/i>\u00a0\u00bb, pr\u00e9cise Nicolas Bourcy.<\/p>\n<\/p><\/div>\n","protected":false},"excerpt":{"rendered":"C&rsquo;est une premi&egrave;re. Ce mercredi 26&nbsp;ao&ucirc;t, l&rsquo;Union locale CGT s&rsquo;est r&eacute;unie devant la st&egrave;le de la place Lamartine pour souligner la contribution du monde ouvrier, et en particulier son organisation &#8230;","protected":false},"author":1,"featured_media":40494,"comment_status":"open","ping_status":"open","sticky":false,"template":"","format":"standard","meta":{"footnotes":""},"categories":[3926,3925,331,20],"tags":[1234,10,1760,113,280,1647,2518,5145,77,623,1729],"news-destination":[3944],"news-source":[475],"is_homepage":[],"ta_other":[],"class_list":["post-40493","post","type-post","status-publish","format-standard","has-post-thumbnail","hentry","category-accueil-merge","category-accueil-third","category-social","category-societe","tag-arles","tag-bouches-du-rhone","tag-bourse-du-travail","tag-cgt","tag-histoire","tag-liberation","tag-monde-ouvrier","tag-nicolas-bourcy","tag-occupation","tag-parti-communiste","tag-resistance","news-destination-homepage","news-source-website"],"_links":{"self":[{"href":"https:\/\/euapp01.newsmemory.com\/lamarseillaise\/news\/wp-json\/wp\/v2\/posts\/40493","targetHints":{"allow":["GET"]}}],"collection":[{"href":"https:\/\/euapp01.newsmemory.com\/lamarseillaise\/news\/wp-json\/wp\/v2\/posts"}],"about":[{"href":"https:\/\/euapp01.newsmemory.com\/lamarseillaise\/news\/wp-json\/wp\/v2\/types\/post"}],"author":[{"embeddable":true,"href":"https:\/\/euapp01.newsmemory.com\/lamarseillaise\/news\/wp-json\/wp\/v2\/users\/1"}],"replies":[{"embeddable":true,"href":"https:\/\/euapp01.newsmemory.com\/lamarseillaise\/news\/wp-json\/wp\/v2\/comments?post=40493"}],"version-history":[{"count":1,"href":"https:\/\/euapp01.newsmemory.com\/lamarseillaise\/news\/wp-json\/wp\/v2\/posts\/40493\/revisions"}],"predecessor-version":[{"id":40495,"href":"https:\/\/euapp01.newsmemory.com\/lamarseillaise\/news\/wp-json\/wp\/v2\/posts\/40493\/revisions\/40495"}],"wp:featuredmedia":[{"embeddable":true,"href":"https:\/\/euapp01.newsmemory.com\/lamarseillaise\/news\/wp-json\/wp\/v2\/media\/40494"}],"wp:attachment":[{"href":"https:\/\/euapp01.newsmemory.com\/lamarseillaise\/news\/wp-json\/wp\/v2\/media?parent=40493"}],"wp:term":[{"taxonomy":"category","embeddable":true,"href":"https:\/\/euapp01.newsmemory.com\/lamarseillaise\/news\/wp-json\/wp\/v2\/categories?post=40493"},{"taxonomy":"post_tag","embeddable":true,"href":"https:\/\/euapp01.newsmemory.com\/lamarseillaise\/news\/wp-json\/wp\/v2\/tags?post=40493"},{"taxonomy":"news-destination","embeddable":true,"href":"https:\/\/euapp01.newsmemory.com\/lamarseillaise\/news\/wp-json\/wp\/v2\/news-destination?post=40493"},{"taxonomy":"news-source","embeddable":true,"href":"https:\/\/euapp01.newsmemory.com\/lamarseillaise\/news\/wp-json\/wp\/v2\/news-source?post=40493"},{"taxonomy":"is_homepage","embeddable":true,"href":"https:\/\/euapp01.newsmemory.com\/lamarseillaise\/news\/wp-json\/wp\/v2\/is_homepage?post=40493"},{"taxonomy":"ta_other","embeddable":true,"href":"https:\/\/euapp01.newsmemory.com\/lamarseillaise\/news\/wp-json\/wp\/v2\/ta_other?post=40493"}],"curies":[{"name":"wp","href":"https:\/\/api.w.org\/{rel}","templated":true}]}}