{"id":40490,"date":"2026-08-27T08:19:00","date_gmt":"2026-08-27T06:19:00","guid":{"rendered":"https:\/\/euapp01.newsmemory.com\/lamarseillaise\/news\/?p=40490"},"modified":"2026-08-31T10:19:07","modified_gmt":"2026-08-31T08:19:07","slug":"une-deputee-interpelle-letat-sur-la-facture-electronique","status":"publish","type":"post","link":"https:\/\/euapp01.newsmemory.com\/lamarseillaise\/news\/2026\/08\/27\/une-deputee-interpelle-letat-sur-la-facture-electronique\/","title":{"rendered":"Une d\u00e9put\u00e9e interpelle l\u2019\u00e9tat sur la facture \u00e9lectronique"},"content":{"rendered":"<div class=\"paragraph\">\n<p>Alors que le passage aux factures \u00e9lectroniques est pr\u00e9vu pour mardi prochain, le 11\u00a0juillet dernier encore, Bercy indiquait que seules deux millions d\u2019entreprises disposaient d\u2019un acc\u00e8s \u00e0 une plateforme agr\u00e9\u00e9e, pour pr\u00e8s de dix millions d\u2019acteurs concern\u00e9s. \u00c0 cette impr\u00e9paration s\u2019ajoute la crainte que les plateformes soient la cible de piratages informatiques, la r\u00e9cente cyberattaque mi-ao\u00fbt contre la Direction des Finances Publiques (Dgfip) ayant montr\u00e9 les failles dans la protection des donn\u00e9es fiscales en France.<\/p>\n<p>Compte tenu de ces inqui\u00e9tudes, la d\u00e9put\u00e9e des Hautes-Alpes, Marie-Jos\u00e9 Allemand (PS) a donc demand\u00e9 au gouvernement de clarifier le co\u00fbt r\u00e9el d\u2019acc\u00e8s aux diff\u00e9rentes plateformes priv\u00e9es agr\u00e9\u00e9es pour les entreprises, mais aussi combien d\u2019entre elles sont effectivement pr\u00eates \u00e0 date. Face au risque de cyberattaque et apr\u00e8s que l\u2019id\u00e9e d\u2019une plateforme publique unique ait \u00e9t\u00e9 enterr\u00e9e par l\u2019\u00c9tat, la d\u00e9put\u00e9e appelle celui-ci \u00e0 indiquer combien de plateformes sont contr\u00f4l\u00e9es par des acteurs fran\u00e7ais, europ\u00e9ens et extra-europ\u00e9ens, ainsi qu\u2019\u00e0 pr\u00e9senter les garanties mises en \u0153uvre face aux l\u00e9gislations extraterritoriales.<\/p>\n<\/p><\/div>\n<div class=\"intext\"> Une opacit\u00e9 et un flou<br \/>\n               <br \/>qui inqui\u00e8tent\n              <\/div>\n<div class=\"paragraph\">\n<p>\u00ab\u00a0<i>L\u2019\u00c9tat impose cette r\u00e9forme<\/i><i>\u00a0<\/i><i>: il doit donc nous dire combien elle co\u00fbte, qui contr\u00f4le les interm\u00e9diaires auxquels nos entreprises devront confier leurs donn\u00e9es et si tout le monde est r\u00e9ellement pr\u00eat. C\u2019est exactement \u00e0 cela que sert le contr\u00f4le parlementaire<\/i>\u00a0\u00bb<i>, <\/i>insiste la d\u00e9put\u00e9e, qui appelle<i> <\/i>\u00e0 ce que la mise en \u0153uvre de la r\u00e9forme fasse l\u2019objet d\u2019un suivi parlementaire apr\u00e8s son entr\u00e9e en vigueur.<\/p>\n<\/p><\/div>\n","protected":false},"excerpt":{"rendered":"Alors que le passage aux factures &eacute;lectroniques est pr&eacute;vu pour mardi prochain, le 11&nbsp;juillet dernier encore, Bercy indiquait que seules deux millions d&rsquo;entreprises disposaient d&rsquo;un acc&egrave;s &agrave; une plateforme &#8230;","protected":false},"author":1,"featured_media":40491,"comment_status":"open","ping_status":"open","sticky":false,"template":"","format":"standard","meta":{"footnotes":""},"categories":[3926,3925,338,5237,330],"tags":[4768,4625,2452,6324,453,486,1900,1046,1782,580,3037,543],"news-destination":[3944],"news-source":[475],"is_homepage":[],"ta_other":[],"class_list":["post-40490","post","type-post","status-publish","format-standard","has-post-thumbnail","hentry","category-accueil-merge","category-accueil-third","category-economie","category-locale","category-politique","tag-alpes","tag-bercy","tag-concurrence","tag-cyberattaque","tag-deputes","tag-entreprises","tag-etat","tag-finances-publiques","tag-informatique","tag-parti-socialiste","tag-plateformes","tag-ps","news-destination-homepage","news-source-website"],"_links":{"self":[{"href":"https:\/\/euapp01.newsmemory.com\/lamarseillaise\/news\/wp-json\/wp\/v2\/posts\/40490","targetHints":{"allow":["GET"]}}],"collection":[{"href":"https:\/\/euapp01.newsmemory.com\/lamarseillaise\/news\/wp-json\/wp\/v2\/posts"}],"about":[{"href":"https:\/\/euapp01.newsmemory.com\/lamarseillaise\/news\/wp-json\/wp\/v2\/types\/post"}],"author":[{"embeddable":true,"href":"https:\/\/euapp01.newsmemory.com\/lamarseillaise\/news\/wp-json\/wp\/v2\/users\/1"}],"replies":[{"embeddable":true,"href":"https:\/\/euapp01.newsmemory.com\/lamarseillaise\/news\/wp-json\/wp\/v2\/comments?post=40490"}],"version-history":[{"count":1,"href":"https:\/\/euapp01.newsmemory.com\/lamarseillaise\/news\/wp-json\/wp\/v2\/posts\/40490\/revisions"}],"predecessor-version":[{"id":40492,"href":"https:\/\/euapp01.newsmemory.com\/lamarseillaise\/news\/wp-json\/wp\/v2\/posts\/40490\/revisions\/40492"}],"wp:featuredmedia":[{"embeddable":true,"href":"https:\/\/euapp01.newsmemory.com\/lamarseillaise\/news\/wp-json\/wp\/v2\/media\/40491"}],"wp:attachment":[{"href":"https:\/\/euapp01.newsmemory.com\/lamarseillaise\/news\/wp-json\/wp\/v2\/media?parent=40490"}],"wp:term":[{"taxonomy":"category","embeddable":true,"href":"https:\/\/euapp01.newsmemory.com\/lamarseillaise\/news\/wp-json\/wp\/v2\/categories?post=40490"},{"taxonomy":"post_tag","embeddable":true,"href":"https:\/\/euapp01.newsmemory.com\/lamarseillaise\/news\/wp-json\/wp\/v2\/tags?post=40490"},{"taxonomy":"news-destination","embeddable":true,"href":"https:\/\/euapp01.newsmemory.com\/lamarseillaise\/news\/wp-json\/wp\/v2\/news-destination?post=40490"},{"taxonomy":"news-source","embeddable":true,"href":"https:\/\/euapp01.newsmemory.com\/lamarseillaise\/news\/wp-json\/wp\/v2\/news-source?post=40490"},{"taxonomy":"is_homepage","embeddable":true,"href":"https:\/\/euapp01.newsmemory.com\/lamarseillaise\/news\/wp-json\/wp\/v2\/is_homepage?post=40490"},{"taxonomy":"ta_other","embeddable":true,"href":"https:\/\/euapp01.newsmemory.com\/lamarseillaise\/news\/wp-json\/wp\/v2\/ta_other?post=40490"}],"curies":[{"name":"wp","href":"https:\/\/api.w.org\/{rel}","templated":true}]}}