{"id":40487,"date":"2026-08-27T08:36:00","date_gmt":"2026-08-27T06:36:00","guid":{"rendered":"https:\/\/euapp01.newsmemory.com\/lamarseillaise\/news\/?p=40487"},"modified":"2026-08-31T12:04:04","modified_gmt":"2026-08-31T10:04:04","slug":"des-publications-religieuses-de-maires-rn-font-polemique","status":"publish","type":"post","link":"https:\/\/euapp01.newsmemory.com\/lamarseillaise\/news\/2026\/08\/27\/des-publications-religieuses-de-maires-rn-font-polemique\/","title":{"rendered":"Des publications religieuses de maires RN font pol\u00e9mique"},"content":{"rendered":"<div class=\"paragraph\">\n<p>Lors des jours f\u00e9ri\u00e9s, bon nombre de responsables d\u2019ex\u00e9cutifs s\u2019en font l\u2019\u00e9cho sur les r\u00e9seaux sociaux. M\u00eame lorsque ces jours sont li\u00e9s \u00e0 des f\u00eates religieuses. Le 15 ao\u00fbt, jour de l\u2019Assomption, plusieurs maires vauclusiens en ont fait mention. Comme le maire RN de Mori\u00e8res, Gr\u00e9goire Souque, voire celui (DVG) de Boll\u00e8ne, Anthony Zilio. Mais de mani\u00e8re assez neutre, adressant une sorte de pens\u00e9e r\u00e9publicaine aux catholiques.<\/p>\n<p>En revanche, les maires RN d\u2019Orange et de B\u00e9darrides ont d\u00e9velopp\u00e9 un message plus pros\u00e9lyte aux yeux de la Ligue des droits de l\u2019Homme et de la Libre pens\u00e9e. Les deux associations ont adress\u00e9 un courrier au pr\u00e9fet *. La Libre pens\u00e9e demande \u00e0 Thierry Suquet de bien \u00ab\u00a0<i>vouloir rappeler<\/i><i>\u00a0<\/i>\u00bb \u00e0 Jean-Dominique Artaud (Orange) et Guillaume Taddio (B\u00e9darrides) \u00ab<i>\u00a0<\/i><i>leur obligation de respecter la loi de 1905 et, en cons\u00e9quence, de retirer le message qu\u2019ils ont publi\u00e9<\/i>\u00a0\u00bb. \u00ab<i>\u00a0<\/i><i>La R\u00e9publique ne reconnaissant aucun culte, elle n\u2019en privil\u00e9gie donc aucun de quelque mani\u00e8re que ce soit<\/i>\u00a0\u00bb, rappelle La libre pens\u00e9e.<\/p>\n<p>Le maire d\u2019Orange parle ainsi d\u2019un \u00ab<i>\u00a0<\/i><i>h\u00e9ritage chr\u00e9tien qui a profond\u00e9ment fa\u00e7onn\u00e9 la France<\/i>\u00a0\u00bb \u00e9voquant \u00ab<i>\u00a0<\/i><i>nos processions, nos \u00e9glises, nos f\u00eates et nos traditions<\/i>\u00a0\u00bb, quand le maire de B\u00e9darrides souligne une \u00ab\u00a0<i>une f\u00eate qui occupe une place particuli\u00e8re dans notre patrimoine et nos traditions<\/i>\u00a0\u00bb. \u00ab<i>\u00a0<\/i><i>Ces formulations peuvent donner le sentiment que ces deux maires associent l\u2019identit\u00e9 de la commune \u00e0 une r\u00e9f\u00e9rence religieuse particuli\u00e8re<\/i><i>\u00a0<\/i>\u00bb, juge la LDH rappelant qu\u2019une \u00ab<i>\u00a0<\/i><i>collectivit\u00e9 territoriale s\u2019adresse \u00e0 l\u2019ensemble de ses administr\u00e9s, quelles que soient leurs convictions religieuses ou philosophiques<\/i><i>\u00a0<\/i><i>: sa communication doit respecter les exigences de neutralit\u00e9 qui s\u2019attachent \u00e0 l\u2019action publique<\/i>\u00a0\u00bb.<\/p>\n<p>Une \u00ab<i>\u00a0<\/i><i>pol\u00e9mique<\/i>\u00a0\u00bb qui \u00ab\u00a0<i>emmerde<\/i>\u00a0\u00bb Guillaume Taddio. Sur Ici Vaucluse, le maire s\u2019\u00e9rige contre \u00ab\u00a0<i>une conception de la la\u00efcit\u00e9 qui consiste \u00e0 effacer notre histoire et notre tradition<\/i>\u00a0\u00bb. Et de remettre en cause la neutralit\u00e9 de la LDH se demandant si elle agirait de la sorte s\u2019il \u00ab<i>\u00a0<\/i><i>faisait le m\u00eame genre de post avec l\u2019A\u00efd<\/i>\u00a0\u00bb, accusant la LDH d\u2019\u00eatre <i>\u00ab<\/i><i>\u00a0<\/i><i>de gauche et christianophobe<\/i>\u00a0\u00bb et finissant par dire qu\u2019il ne publiera rien sur les f\u00eates juives ou musulmanes car pas li\u00e9es \u00e0 l\u2019histoire de France. La LDH r\u00e9clame \u00ab\u00a0<i>une \u00e9gale consid\u00e9ration des religions<\/i>\u00a0\u00bb.<\/p>\n<\/p><\/div>\n<div class=\"paragraph\">\n<p><i><\/i><\/p>\n<p><i>* Sollicit\u00e9e, \u00ab<\/i><i>\u00a0<\/i><i>la pr\u00e9fecture <br \/>ne souhaite pas s\u2019exprimer <br \/>sur ce sujet<\/i><i>\u00a0<\/i><i>\u00bb.<\/i><\/p>\n<\/p><\/div>\n","protected":false},"excerpt":{"rendered":"Lors des jours f&eacute;ri&eacute;s, bon nombre de responsables d&rsquo;ex&eacute;cutifs s&rsquo;en font l&rsquo;&eacute;cho sur les r&eacute;seaux sociaux. M&ecirc;me lorsque ces jours sont li&eacute;s &agrave; des f&ecirc;tes religieuses. Le 15 &#8230;","protected":false},"author":1,"featured_media":40488,"comment_status":"open","ping_status":"open","sticky":false,"template":"","format":"standard","meta":{"footnotes":""},"categories":[3926,3925,330,20],"tags":[6246,495,138,681,1926,5499,1271,1131,682,439,171],"news-destination":[3944],"news-source":[475],"is_homepage":[],"ta_other":[],"class_list":["post-40487","post","type-post","status-publish","format-standard","has-post-thumbnail","hentry","category-accueil-merge","category-accueil-third","category-politique","category-societe","tag-15-aout","tag-495","tag-associations","tag-laicite","tag-ldh","tag-ligue-des-droits-de-lhomme","tag-polemique","tag-prefecture","tag-religion","tag-rn","tag-vaucluse","news-destination-homepage","news-source-website"],"_links":{"self":[{"href":"https:\/\/euapp01.newsmemory.com\/lamarseillaise\/news\/wp-json\/wp\/v2\/posts\/40487","targetHints":{"allow":["GET"]}}],"collection":[{"href":"https:\/\/euapp01.newsmemory.com\/lamarseillaise\/news\/wp-json\/wp\/v2\/posts"}],"about":[{"href":"https:\/\/euapp01.newsmemory.com\/lamarseillaise\/news\/wp-json\/wp\/v2\/types\/post"}],"author":[{"embeddable":true,"href":"https:\/\/euapp01.newsmemory.com\/lamarseillaise\/news\/wp-json\/wp\/v2\/users\/1"}],"replies":[{"embeddable":true,"href":"https:\/\/euapp01.newsmemory.com\/lamarseillaise\/news\/wp-json\/wp\/v2\/comments?post=40487"}],"version-history":[{"count":1,"href":"https:\/\/euapp01.newsmemory.com\/lamarseillaise\/news\/wp-json\/wp\/v2\/posts\/40487\/revisions"}],"predecessor-version":[{"id":40489,"href":"https:\/\/euapp01.newsmemory.com\/lamarseillaise\/news\/wp-json\/wp\/v2\/posts\/40487\/revisions\/40489"}],"wp:featuredmedia":[{"embeddable":true,"href":"https:\/\/euapp01.newsmemory.com\/lamarseillaise\/news\/wp-json\/wp\/v2\/media\/40488"}],"wp:attachment":[{"href":"https:\/\/euapp01.newsmemory.com\/lamarseillaise\/news\/wp-json\/wp\/v2\/media?parent=40487"}],"wp:term":[{"taxonomy":"category","embeddable":true,"href":"https:\/\/euapp01.newsmemory.com\/lamarseillaise\/news\/wp-json\/wp\/v2\/categories?post=40487"},{"taxonomy":"post_tag","embeddable":true,"href":"https:\/\/euapp01.newsmemory.com\/lamarseillaise\/news\/wp-json\/wp\/v2\/tags?post=40487"},{"taxonomy":"news-destination","embeddable":true,"href":"https:\/\/euapp01.newsmemory.com\/lamarseillaise\/news\/wp-json\/wp\/v2\/news-destination?post=40487"},{"taxonomy":"news-source","embeddable":true,"href":"https:\/\/euapp01.newsmemory.com\/lamarseillaise\/news\/wp-json\/wp\/v2\/news-source?post=40487"},{"taxonomy":"is_homepage","embeddable":true,"href":"https:\/\/euapp01.newsmemory.com\/lamarseillaise\/news\/wp-json\/wp\/v2\/is_homepage?post=40487"},{"taxonomy":"ta_other","embeddable":true,"href":"https:\/\/euapp01.newsmemory.com\/lamarseillaise\/news\/wp-json\/wp\/v2\/ta_other?post=40487"}],"curies":[{"name":"wp","href":"https:\/\/api.w.org\/{rel}","templated":true}]}}