{"id":40484,"date":"2026-08-27T09:00:00","date_gmt":"2026-08-27T07:00:00","guid":{"rendered":"https:\/\/euapp01.newsmemory.com\/lamarseillaise\/news\/?p=40484"},"modified":"2026-08-28T10:05:27","modified_gmt":"2026-08-28T08:05:27","slug":"la-rentree-solidaire-demmaus-pointe-rouge","status":"publish","type":"post","link":"https:\/\/euapp01.newsmemory.com\/lamarseillaise\/news\/2026\/08\/27\/la-rentree-solidaire-demmaus-pointe-rouge\/","title":{"rendered":"La rentr\u00e9e solidaire d\u2019Emma\u00fcs Pointe-Rouge"},"content":{"rendered":"<div class=\"paragraph\">\n<p>\u00ab <i>I<\/i><i>ls sont sympas, je viens souvent leur rendre visite. Aujourd\u2019hui j\u2019ai achet\u00e9 35<\/i><i>\u00a0<\/i><i>feutres pour 3,50<\/i><i>\u00a0<\/i><i>euros<\/i>\u00a0\u00bb, d\u00e9taille Laura trentenaire ravie de son gros paquet de feutre. Pour le mat\u00e9riel de type cahier, feuilles Canson, classeurs, trousses, r\u00e8gles ou ardoises, le prix de 50\u00a0centimes est unique. Mais pour les stylos, les feutres et les crayons, l\u2019affaire est encore plus belle. \u00ab\u00a0<i>Je les fais \u00e0 50 centimes les cinq<\/i>\u00a0\u00bb<i>,<\/i> d\u00e9clare Herv\u00e9, compagnon de la communaut\u00e9 en mode \u00ab\u00a0ma\u00eetre d\u2019\u00e9cole\u00a0\u00bb du stand. \u00ab\u00a0<i>Les livres, manuels scolaires, ou les dictionnaires, \u00e7a part super bien. Je les choisis moi-m\u00eame dans notre biblioth\u00e8que<\/i>\u00a0\u00bb<i>,<\/i> poursuit-il joyeusement. Sur le c\u00f4t\u00e9 du stand, Nora et A\u00efcha trouvent 4\u00a0jolis sacs \u00e0 dos \u00e0 trois euros chacun, inesp\u00e9r\u00e9 avant la rentr\u00e9e.<\/p>\n<\/p><\/div>\n<div class=\"intext\"> Inqui\u00e9tudes\n              <\/div>\n<div class=\"paragraph\">\n<p>Le stand fournitures scolaires est en plein air et jamais vide. Nouara Bernou explique\u00a0: \u00ab\u00a0<i>C\u2019est \u00e0 la demande des clients que nous avons commenc\u00e9 la vente il y a une semaine. Il n\u2019est pas rare de trouver une ma\u00eetresse en qu\u00eate de mat\u00e9riels pour les \u00e9l\u00e8ves que les parents n\u2019auront pas pu fournir.<\/i>\u00a0\u00bb<i> <\/i>Et de poursuivre \u00ab\u00a0<i>Cette ann\u00e9e, c\u2019est un peu particulier. On sent les gens inquiets des factures qui vont arriver, des taxes, de la politique en g\u00e9n\u00e9ral.<\/i>\u00a0\u00bb<i> <\/i>La client\u00e8le d\u2019Emma\u00fcs a beaucoup \u00e9volu\u00e9 ces derni\u00e8res ann\u00e9es, un retour des jeunes par \u00e9thique mais surtout par n\u00e9cessit\u00e9 est observ\u00e9. \u00ab\u00a0<i>La classe moyenne a de plus en plus de mal \u00e0 faire face, la pr\u00e9carit\u00e9 est en constante hausse. Les \u00e9quipements co\u00fbtent de plus en plus cher avec l\u2019engouement des marques<\/i>\u00a0\u00bb observe-t-elle. Elle r\u00e9fl\u00e9chit, puis reprend \u00ab\u00a0<i>comment demander \u00e0 son enfant de bien travailler, si on n\u2019est pas en mesure de bien l\u2019habiller<\/i><i>\u00a0<\/i><i>?<\/i>\u00a0\u00bb<i> <\/i>Cerise sur le g\u00e2teau, aucun don de grandes surfaces cette ann\u00e9e&#8230;<\/p>\n<\/p><\/div>\n<div class=\"paragraph\">\n<p><i>Emma\u00fcs Pointe-Rouge<\/i> <br \/><a rel=\"nofollow\" href=\"https:\/\/www.google.com\/maps\/place\/\/data=!4m2!3m1!1s0x12c9c79eadbdf745:0xddc4f12340e830db?sa=X&#038;ved=1t:8290&#038;ictx=111\">110 Trav. Parangon, Marseille<\/a> 8<sup>e<\/sup>.<\/p>\n<\/p><\/div>\n","protected":false},"excerpt":{"rendered":"&laquo; Ils sont sympas, je viens souvent leur rendre visite. Aujourd&rsquo;hui j&rsquo;ai achet&eacute; 35&nbsp;feutres pour 3,50&nbsp;euros&nbsp;&raquo;, d&eacute;taille Laura trentenaire ravie de son gros paquet de feutre. Pour le mat&eacute;riel &#8230;","protected":false},"author":1,"featured_media":40485,"comment_status":"open","ping_status":"open","sticky":false,"template":"","format":"standard","meta":{"footnotes":""},"categories":[918,3926,3925,20],"tags":[10,412,3247,6323,1754,951,472,3488,2295,59,1244,16,1484,978,191,271,716,712,3760],"news-destination":[3944],"news-source":[475],"is_homepage":[],"ta_other":[],"class_list":["post-40484","post","type-post","status-publish","format-standard","has-post-thumbnail","hentry","category-accueil","category-accueil-merge","category-accueil-third","category-societe","tag-bouches-du-rhone","tag-eleves","tag-emmaus","tag-emmaus-pointe-rouge","tag-equipements","tag-ethique","tag-factures","tag-fournitures","tag-grandes-surfaces","tag-jeunes","tag-livres","tag-marseille","tag-mode","tag-parents","tag-politique","tag-precarite","tag-rentree","tag-rentree-scolaire","tag-taxes","news-destination-homepage","news-source-website"],"_links":{"self":[{"href":"https:\/\/euapp01.newsmemory.com\/lamarseillaise\/news\/wp-json\/wp\/v2\/posts\/40484","targetHints":{"allow":["GET"]}}],"collection":[{"href":"https:\/\/euapp01.newsmemory.com\/lamarseillaise\/news\/wp-json\/wp\/v2\/posts"}],"about":[{"href":"https:\/\/euapp01.newsmemory.com\/lamarseillaise\/news\/wp-json\/wp\/v2\/types\/post"}],"author":[{"embeddable":true,"href":"https:\/\/euapp01.newsmemory.com\/lamarseillaise\/news\/wp-json\/wp\/v2\/users\/1"}],"replies":[{"embeddable":true,"href":"https:\/\/euapp01.newsmemory.com\/lamarseillaise\/news\/wp-json\/wp\/v2\/comments?post=40484"}],"version-history":[{"count":1,"href":"https:\/\/euapp01.newsmemory.com\/lamarseillaise\/news\/wp-json\/wp\/v2\/posts\/40484\/revisions"}],"predecessor-version":[{"id":40486,"href":"https:\/\/euapp01.newsmemory.com\/lamarseillaise\/news\/wp-json\/wp\/v2\/posts\/40484\/revisions\/40486"}],"wp:featuredmedia":[{"embeddable":true,"href":"https:\/\/euapp01.newsmemory.com\/lamarseillaise\/news\/wp-json\/wp\/v2\/media\/40485"}],"wp:attachment":[{"href":"https:\/\/euapp01.newsmemory.com\/lamarseillaise\/news\/wp-json\/wp\/v2\/media?parent=40484"}],"wp:term":[{"taxonomy":"category","embeddable":true,"href":"https:\/\/euapp01.newsmemory.com\/lamarseillaise\/news\/wp-json\/wp\/v2\/categories?post=40484"},{"taxonomy":"post_tag","embeddable":true,"href":"https:\/\/euapp01.newsmemory.com\/lamarseillaise\/news\/wp-json\/wp\/v2\/tags?post=40484"},{"taxonomy":"news-destination","embeddable":true,"href":"https:\/\/euapp01.newsmemory.com\/lamarseillaise\/news\/wp-json\/wp\/v2\/news-destination?post=40484"},{"taxonomy":"news-source","embeddable":true,"href":"https:\/\/euapp01.newsmemory.com\/lamarseillaise\/news\/wp-json\/wp\/v2\/news-source?post=40484"},{"taxonomy":"is_homepage","embeddable":true,"href":"https:\/\/euapp01.newsmemory.com\/lamarseillaise\/news\/wp-json\/wp\/v2\/is_homepage?post=40484"},{"taxonomy":"ta_other","embeddable":true,"href":"https:\/\/euapp01.newsmemory.com\/lamarseillaise\/news\/wp-json\/wp\/v2\/ta_other?post=40484"}],"curies":[{"name":"wp","href":"https:\/\/api.w.org\/{rel}","templated":true}]}}