{"id":40478,"date":"2026-08-27T08:12:00","date_gmt":"2026-08-27T06:12:00","guid":{"rendered":"https:\/\/euapp01.newsmemory.com\/lamarseillaise\/news\/?p=40478"},"modified":"2026-08-31T08:21:49","modified_gmt":"2026-08-31T06:21:49","slug":"dans-le-var-une-plateforme-pour-la-transparence-des-subventions","status":"publish","type":"post","link":"https:\/\/euapp01.newsmemory.com\/lamarseillaise\/news\/2026\/08\/27\/dans-le-var-une-plateforme-pour-la-transparence-des-subventions\/","title":{"rendered":"Dans le Var, une plateforme pour la transparence des subventions"},"content":{"rendered":"<div class=\"paragraph\">\n<p>Rendre visible l\u2019action de l\u2019\u00c9tat. C\u2019est l\u2019ambition de la nouvelle plateforme Suivi subvention lanc\u00e9e par l\u2019\u00c9tat dans le d\u00e9partement du Var. Pr\u00e9sent\u00e9 ce mardi lors d\u2019une conf\u00e9rence de presse, le site cherche \u00e0 rendre plus lisibles les financements \u00e9tatiques. Il permet aussi de mettre en valeur les projets tr\u00e8s concrets que l\u2019\u00c9tat permet de financer.<\/p>\n<p>Sur le site suivi-subvention.fr, il est donc possible pour n\u2019importe qui de chercher les projets varois subventionn\u00e9s. La recherche peut s\u2019effectuer par commune, ann\u00e9e, dispositif de financement ou encore type de projet. Pour la pr\u00e9fecture \u00ab\u00a0<i>l\u2019objectif est de passer d\u2019une information administrative parfois complexe \u00e0 une information directement compr\u00e9hensible<\/i>\u00a0\u00bb, explique-t-elle dans un communiqu\u00e9 de presse.<\/p>\n<p>La plateforme int\u00e8gre \u00e9galement l\u2019intelligence artificielle dans son assistant de recherche, afin de ne pas avoir besoin de ma\u00eetriser tout le vocabulaire administratif pour retrouver le projet souhait\u00e9. Une mani\u00e8re de faciliter l\u2019acc\u00e8s \u00e0 ces informations pour les administr\u00e9s.<\/p>\n<p>\u00ab\u00a0<i>C\u2019est un outil qui permet une meilleure transparence sur les finances publiques et il permet aussi aux \u00e9lus ruraux d\u2019avoir acc\u00e8s \u00e0 toutes les aides qui sont \u00e0 notre disposition<\/i><i>\u00a0<\/i>\u00bb, explique Marjorie Viort, maire du Thoronet et pr\u00e9sidente de l\u2019association des maires ruraux du Var. Disponible uniquement dans le Var la plateforme pourra \u00eatre d\u00e9velopp\u00e9e par d\u2019autres pr\u00e9fets d\u00e9partementaux.<\/p>\n<\/p><\/div>\n","protected":false},"excerpt":{"rendered":"Rendre visible l&rsquo;action de l&rsquo;&Eacute;tat. C&rsquo;est l&rsquo;ambition de la nouvelle plateforme Suivi subvention lanc&eacute;e par l&rsquo;&Eacute;tat dans le d&eacute;partement du Var. Pr&eacute;sent&eacute; ce mardi lors d&rsquo;une &#8230;","protected":false},"author":1,"featured_media":40479,"comment_status":"open","ping_status":"open","sticky":false,"template":"","format":"standard","meta":{"footnotes":""},"categories":[3926,3925,330,20],"tags":[133,1900,163,913,3037,1131,1567,916,597,31],"news-destination":[3944],"news-source":[475],"is_homepage":[],"ta_other":[],"class_list":["post-40478","post","type-post","status-publish","format-standard","has-post-thumbnail","hentry","category-accueil-merge","category-accueil-third","category-politique","category-societe","tag-departement","tag-etat","tag-financement","tag-finances","tag-plateformes","tag-prefecture","tag-prefet","tag-subventions","tag-toulon","tag-var","news-destination-homepage","news-source-website"],"_links":{"self":[{"href":"https:\/\/euapp01.newsmemory.com\/lamarseillaise\/news\/wp-json\/wp\/v2\/posts\/40478","targetHints":{"allow":["GET"]}}],"collection":[{"href":"https:\/\/euapp01.newsmemory.com\/lamarseillaise\/news\/wp-json\/wp\/v2\/posts"}],"about":[{"href":"https:\/\/euapp01.newsmemory.com\/lamarseillaise\/news\/wp-json\/wp\/v2\/types\/post"}],"author":[{"embeddable":true,"href":"https:\/\/euapp01.newsmemory.com\/lamarseillaise\/news\/wp-json\/wp\/v2\/users\/1"}],"replies":[{"embeddable":true,"href":"https:\/\/euapp01.newsmemory.com\/lamarseillaise\/news\/wp-json\/wp\/v2\/comments?post=40478"}],"version-history":[{"count":1,"href":"https:\/\/euapp01.newsmemory.com\/lamarseillaise\/news\/wp-json\/wp\/v2\/posts\/40478\/revisions"}],"predecessor-version":[{"id":40480,"href":"https:\/\/euapp01.newsmemory.com\/lamarseillaise\/news\/wp-json\/wp\/v2\/posts\/40478\/revisions\/40480"}],"wp:featuredmedia":[{"embeddable":true,"href":"https:\/\/euapp01.newsmemory.com\/lamarseillaise\/news\/wp-json\/wp\/v2\/media\/40479"}],"wp:attachment":[{"href":"https:\/\/euapp01.newsmemory.com\/lamarseillaise\/news\/wp-json\/wp\/v2\/media?parent=40478"}],"wp:term":[{"taxonomy":"category","embeddable":true,"href":"https:\/\/euapp01.newsmemory.com\/lamarseillaise\/news\/wp-json\/wp\/v2\/categories?post=40478"},{"taxonomy":"post_tag","embeddable":true,"href":"https:\/\/euapp01.newsmemory.com\/lamarseillaise\/news\/wp-json\/wp\/v2\/tags?post=40478"},{"taxonomy":"news-destination","embeddable":true,"href":"https:\/\/euapp01.newsmemory.com\/lamarseillaise\/news\/wp-json\/wp\/v2\/news-destination?post=40478"},{"taxonomy":"news-source","embeddable":true,"href":"https:\/\/euapp01.newsmemory.com\/lamarseillaise\/news\/wp-json\/wp\/v2\/news-source?post=40478"},{"taxonomy":"is_homepage","embeddable":true,"href":"https:\/\/euapp01.newsmemory.com\/lamarseillaise\/news\/wp-json\/wp\/v2\/is_homepage?post=40478"},{"taxonomy":"ta_other","embeddable":true,"href":"https:\/\/euapp01.newsmemory.com\/lamarseillaise\/news\/wp-json\/wp\/v2\/ta_other?post=40478"}],"curies":[{"name":"wp","href":"https:\/\/api.w.org\/{rel}","templated":true}]}}