{"id":40475,"date":"2026-08-27T08:14:00","date_gmt":"2026-08-27T06:14:00","guid":{"rendered":"https:\/\/euapp01.newsmemory.com\/lamarseillaise\/news\/?p=40475"},"modified":"2026-08-31T09:56:21","modified_gmt":"2026-08-31T07:56:21","slug":"le-nombre-denfants-a-la-rue-augmente-en-france","status":"publish","type":"post","link":"https:\/\/euapp01.newsmemory.com\/lamarseillaise\/news\/2026\/08\/27\/le-nombre-denfants-a-la-rue-augmente-en-france\/","title":{"rendered":"Le nombre d\u2019enfants \u00e0 la rue augmente en France"},"content":{"rendered":"<div class=\"paragraph\">\n<p>\u00ab <i>D<\/i><i>es enfants naissent, vivent et meurent dans les rues de nos villes et rien ne se passe. Chaque ann\u00e9e, nous alertons les pouvoirs publics sur l\u2019aggravation du sans-abrisme des enfants. Chaque ann\u00e9e, nous proposons des solutions concr\u00e8tes pour y mettre fin. Chaque ann\u00e9e pourtant, le constat s\u2019aggrave. \u00c0 quand le r\u00e9veil<\/i><i>\u00a0<\/i><i>?<\/i><i>\u00a0<\/i><i>\u00bb,<\/i> temp\u00eate Pascal Brice, pr\u00e9sident de la F\u00e9d\u00e9ration des acteurs de la solidarit\u00e9 \u00e0 l\u2019occasion de la publication du barom\u00e8tre sur l\u2019enfance \u00e0 la rue.<\/p>\n<\/p><\/div>\n<div class=\"intext\"> 131 enfants concern\u00e9s\n              <\/div>\n<div class=\"intext\"> en Paca\n              <\/div>\n<div class=\"paragraph\">\n<p>Ann\u00e9e apr\u00e8s ann\u00e9e, la F\u00e9d\u00e9ration des acteurs de la solidarit\u00e9 (FAS) et l\u2019Unicef France constatent que le nombre d\u2019enfants sans solution d\u2019h\u00e9bergement ou de logement ne cesse d\u2019augmenter. \u00c0 la veille de la rentr\u00e9e scolaire, au moins 2\u00a0355\u00a0enfants, dont 514 de moins de 3\u00a0ans, sont rest\u00e9s sans solution apr\u00e8s un appel au 115. Cela repr\u00e9sente une hausse de 9% par rapport \u00e0 2025 et de 42% depuis 2022. Parmi eux, en Provence-Alpes-C\u00f4te d\u2019Azur, au moins 131 enfants, dont 21 de moins de 3\u00a0ans, sont rest\u00e9s sans solution apr\u00e8s un appel au 115. Cela repr\u00e9sente une hausse de 42% depuis 2022.<\/p>\n<p>Autre exemple, en R\u00e9gion Occitanie, au moins 234\u00a0enfants, dont 38 de moins de 3 ans, sont rest\u00e9s sans solution apr\u00e8s un appel au 115. Cela repr\u00e9sente une hausse de 18% par rapport \u00e0 2025 et de 93% depuis 2022, d\u00e9taille le barom\u00e8tre.<\/p>\n<p>Ces chiffres ne sont pas exhaustifs\u00a0: de nombreuses personnes ne parviennent pas \u00e0 joindre le 115 ou renoncent \u00e0 appeler. Les mineurs non accompagn\u00e9s sans-abri ainsi que les familles en squats ou bidonvilles ne sont pas comptabilis\u00e9s. \u00ab<i>\u00a0<\/i><i>Derri\u00e8re ce chiffre, cons\u00e9quence d\u2019un \u00e9chec collectif, il y a des enfants dont le quotidien est rythm\u00e9 par l\u2019ins\u00e9curit\u00e9 et l\u2019instabilit\u00e9. Des enfants priv\u00e9s de leurs droits et dont on hypoth\u00e8que l\u2019avenir. Il est urgent que les d\u00e9cideurs publics agissent. Un sursaut politique est vital pour ces enfants. Si garantir un toit \u00e0 tous les enfants n\u2019est pas notre priorit\u00e9, qu\u2019est-ce qui l\u2019est<\/i><i>\u00a0<\/i><i>?<\/i><i>\u00a0<\/i><i>\u00bb<\/i> interpelle Adeline Hazan, pr\u00e9sidente de l\u2019Unicef France.<\/p>\n<p>Les cons\u00e9quences du sans-abrisme sur la vie et le bien-\u00eatre des enfants sont dramatiques\u00a0: d\u00e9gradation de leur sant\u00e9 physique et mentale, isolement social, exposition \u00e0 la violence, difficult\u00e9s de scolarisation. Certains le paient m\u00eame de leur vie\u00a0: en 2025, 14 enfants de moins de 4\u00a0ans et 12 adolescents entre 15 et 18\u00a0ans sont morts de la rue.<\/p>\n<p>La promesse de mettre fin au sans-abrisme n\u2019est pas r\u00e9cente. \u00c0 chaque \u00e9ch\u00e9ance \u00e9lectorale, elle est renouvel\u00e9e sans jamais \u00eatre atteinte. Faut-il y voir des promesses intenables\u00a0? La FAS et l\u2019Unicef France ne s\u2019y r\u00e9solvent pas\u00a0: <i>\u00ab<\/i><i>\u00a0<\/i><i>Chaque ann\u00e9e, nos organisations rappellent qu\u2019il n\u2019existe aucune fatalit\u00e9 au sans-abrisme des enfants. Ce dernier r\u00e9sulte d\u2019un manque de volont\u00e9 politique et de choix court-termistes en contradiction avec les objectifs affich\u00e9s.<\/i><i>\u00a0<\/i><i>\u00bb<\/i> Et de recommander <i>\u00ab<\/i><i>\u00a0<\/i><i>la mise en \u0153uvre d\u2019une programmation pluriannuelle &#8220;de la rue au logement &#8220;, avec un plan massif de production de logements sociaux et tr\u00e8s sociaux, indispensable pour sortir durablement les enfants de la rue<\/i><i>\u00a0<\/i><i>\u00bb<\/i>.<\/p>\n<p>\u00c0 l\u2019approche de l\u2019\u00e9lection pr\u00e9sidentielle, <i>\u00ab<\/i><i>\u00a0<\/i><i>le sans-abrisme des enfants ne peut plus \u00eatre tol\u00e9r\u00e9. Il doit devenir une priorit\u00e9 absolue des politiques du logement et de l\u2019h\u00e9bergement. Les candidates et candidats portent une responsabilit\u00e9 claire dans la visibilit\u00e9 et la prise en compte essentielles de ces enjeux. Nos organisations y seront attentives<\/i><i>\u00a0<\/i><i>\u00bb<\/i> pr\u00e9viennent l\u2019Unicef et la FAS.<\/p>\n<\/p><\/div>\n","protected":false},"excerpt":{"rendered":"&laquo; Des enfants naissent, vivent et meurent dans les rues de nos villes et rien ne se passe. Chaque ann&eacute;e, nous alertons les pouvoirs publics sur l&rsquo;aggravation du sans-abrisme des enfants. Chaque ann&eacute;e, nous proposons des &#8230;","protected":false},"author":1,"featured_media":40476,"comment_status":"open","ping_status":"open","sticky":false,"template":"","format":"standard","meta":{"footnotes":""},"categories":[3926,3925,1854],"tags":[1336,433,57,572,80,222,2328,3062,256,424,2174,260,1572,272],"news-destination":[3944],"news-source":[475],"is_homepage":[],"ta_other":[],"class_list":["post-40475","post","type-post","status-publish","format-standard","has-post-thumbnail","hentry","category-accueil-merge","category-accueil-third","category-france","tag-chiffres","tag-elections","tag-enfants","tag-france","tag-paca","tag-region-sud-paca","tag-rue","tag-sans-abris","tag-sante","tag-sante-mentale","tag-scolarisation","tag-solidarite","tag-unicef","tag-violences","news-destination-homepage","news-source-website"],"_links":{"self":[{"href":"https:\/\/euapp01.newsmemory.com\/lamarseillaise\/news\/wp-json\/wp\/v2\/posts\/40475","targetHints":{"allow":["GET"]}}],"collection":[{"href":"https:\/\/euapp01.newsmemory.com\/lamarseillaise\/news\/wp-json\/wp\/v2\/posts"}],"about":[{"href":"https:\/\/euapp01.newsmemory.com\/lamarseillaise\/news\/wp-json\/wp\/v2\/types\/post"}],"author":[{"embeddable":true,"href":"https:\/\/euapp01.newsmemory.com\/lamarseillaise\/news\/wp-json\/wp\/v2\/users\/1"}],"replies":[{"embeddable":true,"href":"https:\/\/euapp01.newsmemory.com\/lamarseillaise\/news\/wp-json\/wp\/v2\/comments?post=40475"}],"version-history":[{"count":1,"href":"https:\/\/euapp01.newsmemory.com\/lamarseillaise\/news\/wp-json\/wp\/v2\/posts\/40475\/revisions"}],"predecessor-version":[{"id":40477,"href":"https:\/\/euapp01.newsmemory.com\/lamarseillaise\/news\/wp-json\/wp\/v2\/posts\/40475\/revisions\/40477"}],"wp:featuredmedia":[{"embeddable":true,"href":"https:\/\/euapp01.newsmemory.com\/lamarseillaise\/news\/wp-json\/wp\/v2\/media\/40476"}],"wp:attachment":[{"href":"https:\/\/euapp01.newsmemory.com\/lamarseillaise\/news\/wp-json\/wp\/v2\/media?parent=40475"}],"wp:term":[{"taxonomy":"category","embeddable":true,"href":"https:\/\/euapp01.newsmemory.com\/lamarseillaise\/news\/wp-json\/wp\/v2\/categories?post=40475"},{"taxonomy":"post_tag","embeddable":true,"href":"https:\/\/euapp01.newsmemory.com\/lamarseillaise\/news\/wp-json\/wp\/v2\/tags?post=40475"},{"taxonomy":"news-destination","embeddable":true,"href":"https:\/\/euapp01.newsmemory.com\/lamarseillaise\/news\/wp-json\/wp\/v2\/news-destination?post=40475"},{"taxonomy":"news-source","embeddable":true,"href":"https:\/\/euapp01.newsmemory.com\/lamarseillaise\/news\/wp-json\/wp\/v2\/news-source?post=40475"},{"taxonomy":"is_homepage","embeddable":true,"href":"https:\/\/euapp01.newsmemory.com\/lamarseillaise\/news\/wp-json\/wp\/v2\/is_homepage?post=40475"},{"taxonomy":"ta_other","embeddable":true,"href":"https:\/\/euapp01.newsmemory.com\/lamarseillaise\/news\/wp-json\/wp\/v2\/ta_other?post=40475"}],"curies":[{"name":"wp","href":"https:\/\/api.w.org\/{rel}","templated":true}]}}