{"id":40472,"date":"2026-08-27T08:19:00","date_gmt":"2026-08-27T06:19:00","guid":{"rendered":"https:\/\/euapp01.newsmemory.com\/lamarseillaise\/news\/?p=40472"},"modified":"2026-08-31T10:32:09","modified_gmt":"2026-08-31T08:32:09","slug":"cest-lete-le-festival-de-cuisine-italienne-bat-son-plein-a-la-ciotat","status":"publish","type":"post","link":"https:\/\/euapp01.newsmemory.com\/lamarseillaise\/news\/2026\/08\/27\/cest-lete-le-festival-de-cuisine-italienne-bat-son-plein-a-la-ciotat\/","title":{"rendered":"[C\u2019est l\u2019\u00e9t\u00e9] Le festival de cuisine italienne bat son plein \u00e0 La&nbsp;Ciotat"},"content":{"rendered":"<div class=\"paragraph\">\n<p>L\u2019odeur des risottos, des \u00ab\u00a0<i>fusillo<\/i><i>\u00a0<\/i>\u00bb et des pizzas embaume La\u00a0Ciotat depuis ce mercredi. C\u2019est la 8<sup>e<\/sup>\u00a0ann\u00e9e que la mairie et la Chambre de commerce italienne pour la France s\u2019associent dans l\u2019organisation de cette manifestation. La gastronomie de la Botte et la cuisine proven\u00e7ale vont dialoguer jusqu\u2019au dimanche 30\u00a0ao\u00fbt, place Evariste Gras.<\/p>\n<p>Pour cette nouvelle \u00e9dition, 13\u00a0food trucks proven\u00e7aux et italiens sont au festival. Ces derniers repr\u00e9sentent six r\u00e9gions italiennes\u00a0: le Pi\u00e9mont, l\u2019Emilie-Romagne, la Sicile, la V\u00e9n\u00e9tie, la Campanie et le Latium. Sont aussi propos\u00e9s des ateliers, des d\u00e9monstrations et des d\u00e9gustations.<\/p>\n<p>L\u2019Association des cuisiniers italiens de France propose, lors de ces ateliers gratuits, de passer derri\u00e8re les fourneaux pour apprendre \u00e0 r\u00e9aliser des \u00ab\u00a0<i>gnocchis verts<\/i><i>\u00a0<\/i>\u00bb, des \u00ab\u00a0<i>pizzoccheri<\/i><i>\u00a0<\/i>\u00bb ou, pour les becs sucr\u00e9s, des \u00ab\u00a0<i>cannoli siciliani<\/i>\u00a0\u00bb. Des animations accessibles sur inscription sur place, dans la limite de 15\u00a0participants par session.<\/p>\n<p>Michel Balsaldella, chef du Grand Puech a Mimet et Agostino Coppola chef napolitain et pr\u00e9sident de l\u2019Association des chefs italiens de France animeront des spectacles culinaires tous les matins \u00e0 10h30. Ils m\u00e9langeront les cuisines italiennes et proven\u00e7ales dans des recettes in\u00e9dites.<\/p>\n<\/p><\/div>\n<div class=\"intext\"> Les autres animations\n              <\/div>\n<div class=\"paragraph\">\n<p>Cette ann\u00e9e, le festival a adopt\u00e9 le th\u00e8me de l\u2019automobile. L\u2019occasion de se lancer quelques d\u00e9fis au simulateur de course. Avec en point d\u2019orgue dimanche, \u00e0 17h, la rediffusion du Grand Prix de France\u00a02004 remport\u00e9 par Ferrari.<\/p>\n<p>Le festival se d\u00e9cline aussi en cin\u00e9ma et en musique. Ce jeudi \u00e0 17h, <i>Il Vigile<\/i>, une com\u00e9die italienne, r\u00e9alis\u00e9e par Luigi Zampa, sera diffus\u00e9e en plein air. Tous les soirs, le pianiste chanteur Laurent Versini alternera avec le groupe Italian Akustik Trio pour reprendre les grands classiques de la chanson italienne. Samedi et dimanche, place au karaok\u00e9 et au quiz musical, pour se mettre en app\u00e9tit avant de savourer \u00e0 nouveau les d\u00e9lices de la gastronomie italienne.<\/p>\n<p><b>Gabrielle Cartellier<\/b><\/p>\n<\/p><\/div>\n","protected":false},"excerpt":{"rendered":"L&rsquo;odeur des risottos, des &laquo;&nbsp;fusillo&nbsp;&raquo; et des pizzas embaume La&nbsp;Ciotat depuis ce mercredi. C&rsquo;est la 8e&nbsp;ann&eacute;e que la mairie et la Chambre de commerce italienne pour la France s&rsquo;associent dans &#8230;","protected":false},"author":1,"featured_media":40473,"comment_status":"open","ping_status":"open","sticky":false,"template":"","format":"standard","meta":{"footnotes":""},"categories":[3926,3925,32,20],"tags":[1277,130,10,6085,4372,1287,6138,919,696,1612,1961,329,397,6321,1879,1176,743,325,2000,4361,1334,180,6322,1137],"news-destination":[3944],"news-source":[475],"is_homepage":[],"ta_other":[],"class_list":["post-40472","post","type-post","status-publish","format-standard","has-post-thumbnail","hentry","category-accueil-merge","category-accueil-third","category-culture","category-societe","tag-animations","tag-ateliers","tag-bouches-du-rhone","tag-cest-lete","tag-chanteur","tag-chefs","tag-cine-plein-air","tag-cinema","tag-commerces","tag-cuisines","tag-degustations","tag-festival","tag-festivals","tag-food-truck","tag-gastronomie","tag-grand-prix","tag-la-ciotat","tag-musique","tag-plein-air","tag-quiz","tag-restaurateurs","tag-restauration","tag-sicile","tag-spectacles","news-destination-homepage","news-source-website"],"_links":{"self":[{"href":"https:\/\/euapp01.newsmemory.com\/lamarseillaise\/news\/wp-json\/wp\/v2\/posts\/40472","targetHints":{"allow":["GET"]}}],"collection":[{"href":"https:\/\/euapp01.newsmemory.com\/lamarseillaise\/news\/wp-json\/wp\/v2\/posts"}],"about":[{"href":"https:\/\/euapp01.newsmemory.com\/lamarseillaise\/news\/wp-json\/wp\/v2\/types\/post"}],"author":[{"embeddable":true,"href":"https:\/\/euapp01.newsmemory.com\/lamarseillaise\/news\/wp-json\/wp\/v2\/users\/1"}],"replies":[{"embeddable":true,"href":"https:\/\/euapp01.newsmemory.com\/lamarseillaise\/news\/wp-json\/wp\/v2\/comments?post=40472"}],"version-history":[{"count":1,"href":"https:\/\/euapp01.newsmemory.com\/lamarseillaise\/news\/wp-json\/wp\/v2\/posts\/40472\/revisions"}],"predecessor-version":[{"id":40474,"href":"https:\/\/euapp01.newsmemory.com\/lamarseillaise\/news\/wp-json\/wp\/v2\/posts\/40472\/revisions\/40474"}],"wp:featuredmedia":[{"embeddable":true,"href":"https:\/\/euapp01.newsmemory.com\/lamarseillaise\/news\/wp-json\/wp\/v2\/media\/40473"}],"wp:attachment":[{"href":"https:\/\/euapp01.newsmemory.com\/lamarseillaise\/news\/wp-json\/wp\/v2\/media?parent=40472"}],"wp:term":[{"taxonomy":"category","embeddable":true,"href":"https:\/\/euapp01.newsmemory.com\/lamarseillaise\/news\/wp-json\/wp\/v2\/categories?post=40472"},{"taxonomy":"post_tag","embeddable":true,"href":"https:\/\/euapp01.newsmemory.com\/lamarseillaise\/news\/wp-json\/wp\/v2\/tags?post=40472"},{"taxonomy":"news-destination","embeddable":true,"href":"https:\/\/euapp01.newsmemory.com\/lamarseillaise\/news\/wp-json\/wp\/v2\/news-destination?post=40472"},{"taxonomy":"news-source","embeddable":true,"href":"https:\/\/euapp01.newsmemory.com\/lamarseillaise\/news\/wp-json\/wp\/v2\/news-source?post=40472"},{"taxonomy":"is_homepage","embeddable":true,"href":"https:\/\/euapp01.newsmemory.com\/lamarseillaise\/news\/wp-json\/wp\/v2\/is_homepage?post=40472"},{"taxonomy":"ta_other","embeddable":true,"href":"https:\/\/euapp01.newsmemory.com\/lamarseillaise\/news\/wp-json\/wp\/v2\/ta_other?post=40472"}],"curies":[{"name":"wp","href":"https:\/\/api.w.org\/{rel}","templated":true}]}}