{"id":40469,"date":"2026-08-27T07:59:00","date_gmt":"2026-08-27T05:59:00","guid":{"rendered":"https:\/\/euapp01.newsmemory.com\/lamarseillaise\/news\/?p=40469"},"modified":"2026-08-31T08:22:39","modified_gmt":"2026-08-31T06:22:39","slug":"le-tourisme-comme-moteur-economique-en-plein-essor","status":"publish","type":"post","link":"https:\/\/euapp01.newsmemory.com\/lamarseillaise\/news\/2026\/08\/27\/le-tourisme-comme-moteur-economique-en-plein-essor\/","title":{"rendered":"Le tourisme comme moteur \u00e9conomique en plein essor"},"content":{"rendered":"<div class=\"paragraph\">\n<p>\u00c0 l\u2019embouchure du Rh\u00f4ne, entre terre, mer et fleuve, Port-Saint-Louis-du-Rh\u00f4ne est l\u2019une des portes d\u2019entr\u00e9e de la Camargue. \u00c9rig\u00e9e en municipalit\u00e9 distincte des territoires d\u2019Arles et de Fos-sur-Mer en\u00a01904, cette commune du bout du monde s\u2019est b\u00e2tie autour de son port de transbordement. Plus de 120\u00a0ans plus tard, elle se dessine un nouveau visage en se tournant vers le tourisme, sans oublier son h\u00e9ritage. \u00ab\u00a0<i>Nous assumons pleinement cette histoire industrielle et maritime en la transformant en atout touristique<\/i>\u00a0\u00bb, souligne l\u2019adjointe au maire d\u00e9l\u00e9gu\u00e9e \u00e0 l\u2019attractivit\u00e9 Marion Castellani.<\/p>\n<p>Observation des flamants roses, plages naturelles, salins, randonn\u00e9e, v\u00e9lo, navigation entre Rh\u00f4ne et M\u00e9diterran\u00e9e, d\u00e9couverte des m\u00e9tiers de la p\u00eache, visite des sites portuaires et industriels en activit\u00e9&#8230; La programmation, qui met en valeur les traditions camarguaises et proven\u00e7ales, tout comme le patrimoine ouvrier, porte ses fruits. \u00ab\u00a0<i>Port-Saint-Louis-du-Rh\u00f4ne confirme sa mont\u00e9e en puissance comme destination de nature, de littoral et de tourisme itin\u00e9rant<\/i><i>\u00a0<\/i>\u00bb, poursuit l\u2019\u00e9lue. L\u2019Office de Tourisme accueille chaque ann\u00e9e plus de 5\u00a0000\u00a0visiteurs dans ses locaux, \u00ab\u00a0<i>un chiffre qui ne cesse de progresser<\/i><i>\u00a0<\/i>\u00bb, pr\u00e9cise la directrice Mandy Girard-Marin. L\u2019aire de camping-car, inaugur\u00e9e en 2022, permet \u00e0 elle seule d\u2019accueillir pr\u00e8s de 10\u00a0000\u00a0visites.<\/p>\n<\/p><\/div>\n<div class=\"intext\"> Un tourisme<br \/>\n               <br \/>quatre saisons\n              <\/div>\n<div class=\"paragraph\">\n<p>Si la client\u00e8le est majoritairement fran\u00e7aise (principalement issue de la r\u00e9gion Sud, de l\u2019\u00cele-de-France et d\u2019Auvergne-Rh\u00f4ne-Alpes), la Via Rh\u00f4na offre une visibilit\u00e9 europ\u00e9enne \u00e0 Port-Saint-Louis-du-Rh\u00f4ne, situ\u00e9e au terme du parcours reliant le lac L\u00e9man \u00e0 la M\u00e9diterran\u00e9e, avec des touristes venant d\u2019Allemagne, des Pays-Bas ou encore d\u2019Italie.<\/p>\n<p>Deux ports de plaisance, le port central et un partenariat avec des compagnies de tourisme fluvial permettent \u00e9galement d\u2019accueillir une client\u00e8le plus internationale. \u00ab\u00a0<i>Les Am\u00e9ricains, les Canadiens et les Australiens<\/i><i>\u00a0<\/i>\u00bb, amateurs de balades sur le Rh\u00f4ne, sont particuli\u00e8rement repr\u00e9sent\u00e9s. La Ville travaille \u00e0 la cr\u00e9ation de nouvelles escales dans le cadre de la d\u00e9marche Provence fluviale. Le futur P\u00f4le Nautisme Mer, avec la r\u00e9habilitation des 300\u00a0hectares de la Presqu\u2019\u00cele du Mazet, doit renforcer l\u2019accueil des plaisanciers, avec la cr\u00e9ation de 4\u00a0500\u00a0places \u00e0 sec et \u00e0 flot, tout en promouvant les m\u00e9tiers maritimes. \u00ab\u00a0<i>Ce projet repose sur deux principes<\/i><i>\u00a0<\/i><i>: d\u00e9velopper des activit\u00e9s \u00e9coresponsables et r\u00e9investir intelligemment les friches pour valoriser le foncier disponible sans artificialisation inutile<\/i>\u00a0\u00bb<i>, <\/i>pr\u00e9cise Marion Castellani. Avec un objectif\u00a0: \u00ab\u00a0<i>Allonger les dur\u00e9es de s\u00e9jour tout en d\u00e9veloppant une activit\u00e9 touristique plus \u00e9tal\u00e9e sur l\u2019ann\u00e9e<\/i><i>\u00a0<\/i>\u00bb. Le chiffre d\u2019affaires est \u00e9valu\u00e9 \u00e0 220\u00a0millions d\u2019euros, avec 570\u00a0emplois attendus \u00e0 la clef.<\/p>\n<\/p><\/div>\n","protected":false},"excerpt":{"rendered":"&Agrave; l&rsquo;embouchure du Rh&ocirc;ne, entre terre, mer et fleuve, Port-Saint-Louis-du-Rh&ocirc;ne est l&rsquo;une des portes d&rsquo;entr&eacute;e de la Camargue. &Eacute;rig&eacute;e en municipalit&eacute; distincte des territoires &#8230;","protected":false},"author":1,"featured_media":40470,"comment_status":"open","ping_status":"open","sticky":false,"template":"","format":"standard","meta":{"footnotes":""},"categories":[3926,3925,338,20],"tags":[5343,10,2081,1288,795,488,1856,1200,661,97,888,3968,658,1983,997,1393,347,2709,159],"news-destination":[3944],"news-source":[475],"is_homepage":[],"ta_other":[],"class_list":["post-40469","post","type-post","status-publish","format-standard","has-post-thumbnail","hentry","category-accueil-merge","category-accueil-third","category-economie","category-societe","tag-activite-touristique","tag-bouches-du-rhone","tag-camargue","tag-decouverte","tag-identite","tag-industriels","tag-maritime","tag-nautisme","tag-navigation","tag-patrimoine","tag-plages","tag-plaisance","tag-plaisanciers","tag-port-saint-louis-du-rhone","tag-programmation","tag-randonnee","tag-tourisme","tag-tourisme-durable","tag-touristes","news-destination-homepage","news-source-website"],"_links":{"self":[{"href":"https:\/\/euapp01.newsmemory.com\/lamarseillaise\/news\/wp-json\/wp\/v2\/posts\/40469","targetHints":{"allow":["GET"]}}],"collection":[{"href":"https:\/\/euapp01.newsmemory.com\/lamarseillaise\/news\/wp-json\/wp\/v2\/posts"}],"about":[{"href":"https:\/\/euapp01.newsmemory.com\/lamarseillaise\/news\/wp-json\/wp\/v2\/types\/post"}],"author":[{"embeddable":true,"href":"https:\/\/euapp01.newsmemory.com\/lamarseillaise\/news\/wp-json\/wp\/v2\/users\/1"}],"replies":[{"embeddable":true,"href":"https:\/\/euapp01.newsmemory.com\/lamarseillaise\/news\/wp-json\/wp\/v2\/comments?post=40469"}],"version-history":[{"count":1,"href":"https:\/\/euapp01.newsmemory.com\/lamarseillaise\/news\/wp-json\/wp\/v2\/posts\/40469\/revisions"}],"predecessor-version":[{"id":40471,"href":"https:\/\/euapp01.newsmemory.com\/lamarseillaise\/news\/wp-json\/wp\/v2\/posts\/40469\/revisions\/40471"}],"wp:featuredmedia":[{"embeddable":true,"href":"https:\/\/euapp01.newsmemory.com\/lamarseillaise\/news\/wp-json\/wp\/v2\/media\/40470"}],"wp:attachment":[{"href":"https:\/\/euapp01.newsmemory.com\/lamarseillaise\/news\/wp-json\/wp\/v2\/media?parent=40469"}],"wp:term":[{"taxonomy":"category","embeddable":true,"href":"https:\/\/euapp01.newsmemory.com\/lamarseillaise\/news\/wp-json\/wp\/v2\/categories?post=40469"},{"taxonomy":"post_tag","embeddable":true,"href":"https:\/\/euapp01.newsmemory.com\/lamarseillaise\/news\/wp-json\/wp\/v2\/tags?post=40469"},{"taxonomy":"news-destination","embeddable":true,"href":"https:\/\/euapp01.newsmemory.com\/lamarseillaise\/news\/wp-json\/wp\/v2\/news-destination?post=40469"},{"taxonomy":"news-source","embeddable":true,"href":"https:\/\/euapp01.newsmemory.com\/lamarseillaise\/news\/wp-json\/wp\/v2\/news-source?post=40469"},{"taxonomy":"is_homepage","embeddable":true,"href":"https:\/\/euapp01.newsmemory.com\/lamarseillaise\/news\/wp-json\/wp\/v2\/is_homepage?post=40469"},{"taxonomy":"ta_other","embeddable":true,"href":"https:\/\/euapp01.newsmemory.com\/lamarseillaise\/news\/wp-json\/wp\/v2\/ta_other?post=40469"}],"curies":[{"name":"wp","href":"https:\/\/api.w.org\/{rel}","templated":true}]}}