{"id":40463,"date":"2026-08-27T07:57:00","date_gmt":"2026-08-27T05:57:00","guid":{"rendered":"https:\/\/euapp01.newsmemory.com\/lamarseillaise\/news\/?p=40463"},"modified":"2026-08-27T10:06:50","modified_gmt":"2026-08-27T08:06:50","slug":"athletisme-entresangle-termine-aux-bords-de-la-mediterranee","status":"publish","type":"post","link":"https:\/\/euapp01.newsmemory.com\/lamarseillaise\/news\/2026\/08\/27\/athletisme-entresangle-termine-aux-bords-de-la-mediterranee\/","title":{"rendered":"Athletisme : Entresangle termine aux bords de la M\u00e9diterran\u00e9e"},"content":{"rendered":"<div class=\"paragraph\">\n<p>Une derni\u00e8re pour la route, pour boucler une saison ayant d\u00e9but\u00e9 \u00e0 la fin de l\u2019hiver. Clara Entresangle, 21\u00a0ans, a tenu son rang pour sa d\u00e9couverte des championnats d\u2019Europe \u00e9lites. \u00c0 Birmingham, la jeune Vauclusienne arrivait avec le 5<sup>e<\/sup>\u00a0chrono des engag\u00e9es et a finalement pris la 6<sup>e<\/sup>\u00a0place de la finale du 3\u00a0000\u00a0m\u00a0steeple. Elle a pu faire la connaissance de nombreux athl\u00e8tes de l\u2019\u00e9quipe de France. \u00ab\u00a0<i>Au d\u00e9but, c\u2019\u00e9tait un peu impressionnant. J\u2019ai rencontr\u00e9 toutes les personnes que je regardais encore \u00e0 la t\u00e9l\u00e9 l\u2019ann\u00e9e derni\u00e8re. Mais entre les disciplines, tout le monde parle avec tout le monde et c\u2019est assez sympa<\/i>.\u00a0\u00bb<i><\/i><\/p>\n<p><i><\/i><\/p>\n<\/p><\/div>\n<div class=\"intext\"> Un podium pour finir\u00a0?\n              <\/div>\n<div class=\"paragraph\">\n<p>\u00c9galement sp\u00e9cialiste du cross et de la route, l\u2019athl\u00e8te de Cavaillon court en comp\u00e9tition depuis le d\u00e9but de l\u2019ann\u00e9e. Ce 1<sup>er<\/sup>\u00a0septembre, elle effectuera sa derni\u00e8re course en\u00a02026. Celle qui est entra\u00een\u00e9e par son p\u00e8re, Nicolas, sera au d\u00e9part des Jeux M\u00e9diterran\u00e9ens. Une comp\u00e9tition un peu sp\u00e9ciale, mettant souvent en avant la jeunesse. \u00ab\u00a0<i>Je pars du 27<\/i><i>\u00a0<\/i><i>ao\u00fbt au 4<\/i><i>\u00a0<\/i><i>septembre. Pour cette ann\u00e9e, ils voulaient mettre en avant les espoirs et essayer de s\u00e9lectionner au moins un espoir pour chaque discipline. Et apr\u00e8s, pareil, il y avait des minimas qu\u2019il fallait r\u00e9aliser pour pouvoir pr\u00e9tendre \u00e0 cette s\u00e9lection<\/i>\u00a0\u00bb, d\u00e9taille l\u2019athl\u00e8te.<\/p>\n<p>Et l\u2019objectif pour ce rendez-vous italien, \u00e0 Taranto\u00a0? \u00ab\u00a0<i>Je ne connais pas encore la start-list exactement, mais d\u2019apr\u00e8s ce que j\u2019ai compris, j\u2019ai le deuxi\u00e8me temps. Donc, aller chercher un podium, \u00e7a pourrait \u00eatre l\u2019objectif.<\/i>\u00a0\u00bb<i> <\/i>Ensuite, viendront les vacances, avant de reprendre le chemin de l\u2019entra\u00eenement afin de se pr\u00e9parer pour une saison\u00a02027 qui s\u2019annonce semblable \u00e0 celle de l\u2019ann\u00e9e en cours.<\/p>\n<\/p><\/div>\n","protected":false},"excerpt":{"rendered":"Une derni&egrave;re pour la route, pour boucler une saison ayant d&eacute;but&eacute; &agrave; la fin de l&rsquo;hiver. Clara Entresangle, 21&nbsp;ans, a tenu son rang pour sa d&eacute;couverte des championnats d&rsquo;Europe &eacute;lites. &Agrave; &#8230;","protected":false},"author":1,"featured_media":38911,"comment_status":"open","ping_status":"open","sticky":false,"template":"","format":"standard","meta":{"footnotes":""},"categories":[7],"tags":[4549,1987,1172,1207,128,171],"news-destination":[],"news-source":[475],"is_homepage":[],"ta_other":[],"class_list":["post-40463","post","type-post","status-publish","format-standard","has-post-thumbnail","hentry","category-sports","tag-angleterre","tag-athletisme","tag-courses","tag-italie","tag-mediterranee","tag-vaucluse","news-source-website"],"_links":{"self":[{"href":"https:\/\/euapp01.newsmemory.com\/lamarseillaise\/news\/wp-json\/wp\/v2\/posts\/40463","targetHints":{"allow":["GET"]}}],"collection":[{"href":"https:\/\/euapp01.newsmemory.com\/lamarseillaise\/news\/wp-json\/wp\/v2\/posts"}],"about":[{"href":"https:\/\/euapp01.newsmemory.com\/lamarseillaise\/news\/wp-json\/wp\/v2\/types\/post"}],"author":[{"embeddable":true,"href":"https:\/\/euapp01.newsmemory.com\/lamarseillaise\/news\/wp-json\/wp\/v2\/users\/1"}],"replies":[{"embeddable":true,"href":"https:\/\/euapp01.newsmemory.com\/lamarseillaise\/news\/wp-json\/wp\/v2\/comments?post=40463"}],"version-history":[{"count":1,"href":"https:\/\/euapp01.newsmemory.com\/lamarseillaise\/news\/wp-json\/wp\/v2\/posts\/40463\/revisions"}],"predecessor-version":[{"id":40464,"href":"https:\/\/euapp01.newsmemory.com\/lamarseillaise\/news\/wp-json\/wp\/v2\/posts\/40463\/revisions\/40464"}],"wp:featuredmedia":[{"embeddable":true,"href":"https:\/\/euapp01.newsmemory.com\/lamarseillaise\/news\/wp-json\/wp\/v2\/media\/38911"}],"wp:attachment":[{"href":"https:\/\/euapp01.newsmemory.com\/lamarseillaise\/news\/wp-json\/wp\/v2\/media?parent=40463"}],"wp:term":[{"taxonomy":"category","embeddable":true,"href":"https:\/\/euapp01.newsmemory.com\/lamarseillaise\/news\/wp-json\/wp\/v2\/categories?post=40463"},{"taxonomy":"post_tag","embeddable":true,"href":"https:\/\/euapp01.newsmemory.com\/lamarseillaise\/news\/wp-json\/wp\/v2\/tags?post=40463"},{"taxonomy":"news-destination","embeddable":true,"href":"https:\/\/euapp01.newsmemory.com\/lamarseillaise\/news\/wp-json\/wp\/v2\/news-destination?post=40463"},{"taxonomy":"news-source","embeddable":true,"href":"https:\/\/euapp01.newsmemory.com\/lamarseillaise\/news\/wp-json\/wp\/v2\/news-source?post=40463"},{"taxonomy":"is_homepage","embeddable":true,"href":"https:\/\/euapp01.newsmemory.com\/lamarseillaise\/news\/wp-json\/wp\/v2\/is_homepage?post=40463"},{"taxonomy":"ta_other","embeddable":true,"href":"https:\/\/euapp01.newsmemory.com\/lamarseillaise\/news\/wp-json\/wp\/v2\/ta_other?post=40463"}],"curies":[{"name":"wp","href":"https:\/\/api.w.org\/{rel}","templated":true}]}}