{"id":40460,"date":"2026-08-27T08:09:00","date_gmt":"2026-08-27T06:09:00","guid":{"rendered":"https:\/\/euapp01.newsmemory.com\/lamarseillaise\/news\/?p=40460"},"modified":"2026-08-31T08:22:39","modified_gmt":"2026-08-31T06:22:39","slug":"a-marseille-soutien-unanime-a-aurore-factrice-menacee-de-licenciement","status":"publish","type":"post","link":"https:\/\/euapp01.newsmemory.com\/lamarseillaise\/news\/2026\/08\/27\/a-marseille-soutien-unanime-a-aurore-factrice-menacee-de-licenciement\/","title":{"rendered":"\u00c0 Marseille soutien unanime \u00e0 Aurore, factrice menac\u00e9e de licenciement"},"content":{"rendered":"<div class=\"paragraph\">\n<p>\u00ab <i>O<\/i><i>n convoque une victime de harc\u00e8lement pour la traduire devant une commission disciplinaire<\/i><i>\u00a0<\/i><i>!<\/i><i>\u00a0<\/i>\u00bb Devant le Village La Poste, si\u00e8ge marseillais de l\u2019entreprise postale, Karim Bouzana, d\u00e9l\u00e9gu\u00e9 syndical de la CGT, hausse le ton ce mercredi matin. Micro \u00e0 la main et sono derri\u00e8re lui, le syndicaliste entend envoyer un message \u00e0 sa direction\u00a0: \u00ab\u00a0<i>On n\u2019acceptera pas l\u2019inacceptable, on ne laissera pas faire<\/i><i>\u00a0<\/i><i>!<\/i><i>\u00a0<\/i>\u00bb S\u2019il est aussi remont\u00e9, c\u2019est parce qu\u2019une factrice du 7<sup>e<\/sup> arrondissement de Marseille, Aurore, est convoqu\u00e9e pour une commission consultative paritaire, une instance disciplinaire pouvant d\u00e9boucher sur une sanction allant jusqu\u2019au licenciement. Aux c\u00f4t\u00e9s de Karim Bouzana et devant une ligne de drapeaux rouges port\u00e9s par les soutiens pr\u00e9sents, elle a les larmes aux yeux.<\/p>\n<\/p><\/div>\n<div class=\"intext\"> La Poste ne commente pas\n              <\/div>\n<div class=\"paragraph\">\n<p>Et pour cause\u00a0: si cette derni\u00e8re est vis\u00e9e par cette proc\u00e9dure, elle est aussi \u00e0 l\u2019origine d\u2019une d\u00e9nonciation \u00ab\u00a0<i>de comportements sexistes et sexuels<\/i>\u00a0\u00bb sur fond de harc\u00e8lement de la part d\u2019un de ses cadres (lire notre article du 26\/08). Une d\u00e9nonciation li\u00e9e \u00e0 cette menace de sanctions \u00e0 son encontre. \u00ab\u00a0<i>Ceux qui ont mont\u00e9 le dossier contre sont les suppos\u00e9s harceleurs. L\u2019agent est victime de violences sexistes et sexuelles, c\u2019est le terme appropri\u00e9. Les faits sont graves et av\u00e9r\u00e9s, on a plusieurs t\u00e9moignages<\/i><i>\u00a0<\/i>\u00bb, assure Karim Bouzana. Autour de lui, les plusieurs dizaines de militants CGT venus en soutien opinent du chef et d\u00e9noncent logiquement cette situation pour le moins lunaire. Les cadres en question auraient \u00e9t\u00e9 mut\u00e9s suite \u00e0 une enqu\u00eate interne de l\u2019entreprise mais la proc\u00e9dure \u00e0 l\u2019encontre d\u2019Aurore persiste. \u00ab\u00a0<i>La Poste reconna\u00eet les faits dans son protocole de harc\u00e8lement, constate qu\u2019il y a une atteinte \u00e0 la dignit\u00e9 des personnes et une r\u00e9p\u00e9tition des faits. Mais malgr\u00e9 tout \u00e7a, La Poste ne veut pas reconna\u00eetre le statut de victime, elle ne prend aucune mesure<\/i><i>\u00a0<\/i><i>!<\/i><i>\u00a0<\/i>\u00bb, d\u00e9veloppe le syndicaliste. Contact\u00e9e \u00e0 plusieurs reprises, La Poste \u00ab\u00a0<i>ne souhaite pas s\u2019exprimer<\/i>\u00a0\u00bb sur ce dossier qui en dit pourtant long sur sa politique interne. \u00ab\u00a0<i>Il y a le go\u00fbt du harc\u00e8lement, son odeur, l\u2019image aussi mais pour la direction, ce n\u2019est pas du harc\u00e8lement<\/i><i>\u00a0<\/i>\u00bb, d\u00e9nonce Karim Bouzana.<\/p>\n<\/p><\/div>\n","protected":false},"excerpt":{"rendered":"&laquo; On convoque une victime de harc&egrave;lement pour la traduire devant une commission disciplinaire&nbsp;!&nbsp;&raquo; Devant le Village La Poste, si&egrave;ge marseillais de l&rsquo;entreprise postale, Karim Bouzana, &#8230;","protected":false},"author":1,"featured_media":40461,"comment_status":"open","ping_status":"open","sticky":false,"template":"","format":"standard","meta":{"footnotes":""},"categories":[3926,3925,331],"tags":[10,113,1276,923,210,1486,16,525,393,2160,1090],"news-destination":[3944],"news-source":[475],"is_homepage":[],"ta_other":[],"class_list":["post-40460","post","type-post","status-publish","format-standard","has-post-thumbnail","hentry","category-accueil-merge","category-accueil-third","category-social","tag-bouches-du-rhone","tag-cgt","tag-enquete","tag-harcelement","tag-la-poste","tag-licenciement","tag-marseille","tag-sanction","tag-soutien","tag-temoignages","tag-victime","news-destination-homepage","news-source-website"],"_links":{"self":[{"href":"https:\/\/euapp01.newsmemory.com\/lamarseillaise\/news\/wp-json\/wp\/v2\/posts\/40460","targetHints":{"allow":["GET"]}}],"collection":[{"href":"https:\/\/euapp01.newsmemory.com\/lamarseillaise\/news\/wp-json\/wp\/v2\/posts"}],"about":[{"href":"https:\/\/euapp01.newsmemory.com\/lamarseillaise\/news\/wp-json\/wp\/v2\/types\/post"}],"author":[{"embeddable":true,"href":"https:\/\/euapp01.newsmemory.com\/lamarseillaise\/news\/wp-json\/wp\/v2\/users\/1"}],"replies":[{"embeddable":true,"href":"https:\/\/euapp01.newsmemory.com\/lamarseillaise\/news\/wp-json\/wp\/v2\/comments?post=40460"}],"version-history":[{"count":2,"href":"https:\/\/euapp01.newsmemory.com\/lamarseillaise\/news\/wp-json\/wp\/v2\/posts\/40460\/revisions"}],"predecessor-version":[{"id":40468,"href":"https:\/\/euapp01.newsmemory.com\/lamarseillaise\/news\/wp-json\/wp\/v2\/posts\/40460\/revisions\/40468"}],"wp:featuredmedia":[{"embeddable":true,"href":"https:\/\/euapp01.newsmemory.com\/lamarseillaise\/news\/wp-json\/wp\/v2\/media\/40461"}],"wp:attachment":[{"href":"https:\/\/euapp01.newsmemory.com\/lamarseillaise\/news\/wp-json\/wp\/v2\/media?parent=40460"}],"wp:term":[{"taxonomy":"category","embeddable":true,"href":"https:\/\/euapp01.newsmemory.com\/lamarseillaise\/news\/wp-json\/wp\/v2\/categories?post=40460"},{"taxonomy":"post_tag","embeddable":true,"href":"https:\/\/euapp01.newsmemory.com\/lamarseillaise\/news\/wp-json\/wp\/v2\/tags?post=40460"},{"taxonomy":"news-destination","embeddable":true,"href":"https:\/\/euapp01.newsmemory.com\/lamarseillaise\/news\/wp-json\/wp\/v2\/news-destination?post=40460"},{"taxonomy":"news-source","embeddable":true,"href":"https:\/\/euapp01.newsmemory.com\/lamarseillaise\/news\/wp-json\/wp\/v2\/news-source?post=40460"},{"taxonomy":"is_homepage","embeddable":true,"href":"https:\/\/euapp01.newsmemory.com\/lamarseillaise\/news\/wp-json\/wp\/v2\/is_homepage?post=40460"},{"taxonomy":"ta_other","embeddable":true,"href":"https:\/\/euapp01.newsmemory.com\/lamarseillaise\/news\/wp-json\/wp\/v2\/ta_other?post=40460"}],"curies":[{"name":"wp","href":"https:\/\/api.w.org\/{rel}","templated":true}]}}