{"id":40457,"date":"2026-08-27T07:33:00","date_gmt":"2026-08-27T05:33:00","guid":{"rendered":"https:\/\/euapp01.newsmemory.com\/lamarseillaise\/news\/?p=40457"},"modified":"2026-08-31T08:22:39","modified_gmt":"2026-08-31T06:22:39","slug":"le-medef-invite-roussel-et-lisnard-a-debattre","status":"publish","type":"post","link":"https:\/\/euapp01.newsmemory.com\/lamarseillaise\/news\/2026\/08\/27\/le-medef-invite-roussel-et-lisnard-a-debattre\/","title":{"rendered":"Le Medef invite Roussel et Lisnard \u00e0 d\u00e9battre"},"content":{"rendered":"<div class=\"paragraph\">\n<p>C\u2019est sur le court Philippe-Chatrier que les deux hommes politiques aux visions radicalement oppos\u00e9es \u00e9changeront. Le Medef organise lors de son universit\u00e9 d\u2019\u00e9t\u00e9, la Rencontre des Entrepreneurs de France (REF), un d\u00e9bat entre Fabien Roussel, secr\u00e9taire national du Parti communiste fran\u00e7ais et le tr\u00e8s lib\u00e9ral David Lisnard, pr\u00e9sident de Nouvelle \u00c9nergie, maire de Cannes et pr\u00e9sident de l\u2019Association des maires de France (AMF) sur le th\u00e8me \u00ab\u00a0le courage de produire\u00a0\u00bb de\u00a012h05 \u00e0\u00a012h30. Ils r\u00e9pondront ainsi, en quelques minutes, \u00e0 cette question centrale et cruciale\u00a0: \u00ab\u00a0comment redonner \u00e0 la France l\u2019envie, les moyens et la capacit\u00e9 de produire\u00a0?\u00a0\u00bb<\/p>\n<p>Cette s\u00e9quence s\u2019inscrit dans une volont\u00e9 de l\u2019organisation patronale de peser dans la campagne pour l\u2019\u00e9lection pr\u00e9sidentielle de\u00a02027. Dans son discours introductif, le pr\u00e9sident du Medef Patrick Martin a rappel\u00e9, comme un avertissement\u00a0: \u00ab\u00a0<i>nous sommes nombreux et, dans nos entreprises et autour, on nous \u00e9coute, on nous fait confiance plus que jamais dans l\u2019Histoire. N\u2019oublions jamais la puissance de notre collectif avec ses 240<\/i><i>\u00a0<\/i><i>000<\/i><i>\u00a0<\/i><i>entreprises qui emploient 12<\/i><i>\u00a0<\/i><i>millions de salari\u00e9s, partout en France<\/i><i>\u00a0<\/i>\u00bb. Il insiste\u00a0: \u00ab\u00a0<i>nos convictions sont lib\u00e9rales<\/i> (&#8230;)<i>, nous voulons un programme pr\u00e9sidentiel de libert\u00e9s<\/i><i>\u00a0<\/i>\u00bb, a-t-il dit, rejetant \u00ab\u00a0<i>la collusion, la collision des proph\u00e8tes de malheur<\/i>\u00a0\u00bb et enjoignant \u00e0 \u00ab\u00a0<i>faire voler en \u00e9clat le carcan qui \u00e9touffe notre pays et lib\u00e9rer son \u00e9nergie et ses ambitions<\/i><i>\u00a0<\/i>\u00bb.<\/p>\n<p>Pour cl\u00f4turer son \u00e9v\u00e9nement, le Medef a invit\u00e9, toujours sur le court central de Roland-Garros, sept des &#8211;\u00a0tr\u00e8s nombreux\u00a0&#8211; candidats d\u00e9clar\u00e9s \u00e0 l\u2019\u00e9lection pr\u00e9sidentielle \u00e0 r\u00e9pondre aux questions de cinq chefs d\u2019entreprise \u00e0 partir de 16h45. \u00c0 savoir\u00a0: Gabriel Attal, Rapha\u00ebl Glucksmann, Marine Tondelier, Jean-Luc M\u00e9lenchon, \u00c9douard Philippe, Bruno Retailleau et Marine Le\u00a0Pen. Ces derniers r\u00e9agiront par ailleurs aux r\u00e9sultats de la consultation lanc\u00e9e par le Medef en association avec Opinion Way.<\/p>\n<\/p><\/div>\n","protected":false},"excerpt":{"rendered":"C&rsquo;est sur le court Philippe-Chatrier que les deux hommes politiques aux visions radicalement oppos&eacute;es &eacute;changeront. Le Medef organise lors de son universit&eacute; d&rsquo;&eacute;t&eacute;, la Rencontre des Entrepreneurs de &#8230;","protected":false},"author":1,"featured_media":40458,"comment_status":"open","ping_status":"open","sticky":false,"template":"","format":"standard","meta":{"footnotes":""},"categories":[3926,3925,1854,330],"tags":[432,6212,452,850,606,572,851,573,574,735,843,841,250,677,1927],"news-destination":[3944],"news-source":[475],"is_homepage":[],"ta_other":[],"class_list":["post-40457","post","type-post","status-publish","format-standard","has-post-thumbnail","hentry","category-accueil-merge","category-accueil-third","category-france","category-politique","tag-bruno-retailleau","tag-david-lisnard","tag-debat","tag-edouard-philippe","tag-fabien-roussel","tag-france","tag-gabriel-attal","tag-jean-luc-melenchon","tag-marine-le-pen","tag-marine-tondelier","tag-medef","tag-patronat","tag-pcf","tag-presidentielle","tag-raphael-glucksmann","news-destination-homepage","news-source-website"],"_links":{"self":[{"href":"https:\/\/euapp01.newsmemory.com\/lamarseillaise\/news\/wp-json\/wp\/v2\/posts\/40457","targetHints":{"allow":["GET"]}}],"collection":[{"href":"https:\/\/euapp01.newsmemory.com\/lamarseillaise\/news\/wp-json\/wp\/v2\/posts"}],"about":[{"href":"https:\/\/euapp01.newsmemory.com\/lamarseillaise\/news\/wp-json\/wp\/v2\/types\/post"}],"author":[{"embeddable":true,"href":"https:\/\/euapp01.newsmemory.com\/lamarseillaise\/news\/wp-json\/wp\/v2\/users\/1"}],"replies":[{"embeddable":true,"href":"https:\/\/euapp01.newsmemory.com\/lamarseillaise\/news\/wp-json\/wp\/v2\/comments?post=40457"}],"version-history":[{"count":1,"href":"https:\/\/euapp01.newsmemory.com\/lamarseillaise\/news\/wp-json\/wp\/v2\/posts\/40457\/revisions"}],"predecessor-version":[{"id":40459,"href":"https:\/\/euapp01.newsmemory.com\/lamarseillaise\/news\/wp-json\/wp\/v2\/posts\/40457\/revisions\/40459"}],"wp:featuredmedia":[{"embeddable":true,"href":"https:\/\/euapp01.newsmemory.com\/lamarseillaise\/news\/wp-json\/wp\/v2\/media\/40458"}],"wp:attachment":[{"href":"https:\/\/euapp01.newsmemory.com\/lamarseillaise\/news\/wp-json\/wp\/v2\/media?parent=40457"}],"wp:term":[{"taxonomy":"category","embeddable":true,"href":"https:\/\/euapp01.newsmemory.com\/lamarseillaise\/news\/wp-json\/wp\/v2\/categories?post=40457"},{"taxonomy":"post_tag","embeddable":true,"href":"https:\/\/euapp01.newsmemory.com\/lamarseillaise\/news\/wp-json\/wp\/v2\/tags?post=40457"},{"taxonomy":"news-destination","embeddable":true,"href":"https:\/\/euapp01.newsmemory.com\/lamarseillaise\/news\/wp-json\/wp\/v2\/news-destination?post=40457"},{"taxonomy":"news-source","embeddable":true,"href":"https:\/\/euapp01.newsmemory.com\/lamarseillaise\/news\/wp-json\/wp\/v2\/news-source?post=40457"},{"taxonomy":"is_homepage","embeddable":true,"href":"https:\/\/euapp01.newsmemory.com\/lamarseillaise\/news\/wp-json\/wp\/v2\/is_homepage?post=40457"},{"taxonomy":"ta_other","embeddable":true,"href":"https:\/\/euapp01.newsmemory.com\/lamarseillaise\/news\/wp-json\/wp\/v2\/ta_other?post=40457"}],"curies":[{"name":"wp","href":"https:\/\/api.w.org\/{rel}","templated":true}]}}