{"id":40454,"date":"2026-08-27T07:54:00","date_gmt":"2026-08-27T05:54:00","guid":{"rendered":"https:\/\/euapp01.newsmemory.com\/lamarseillaise\/news\/?p=40454"},"modified":"2026-08-31T08:22:39","modified_gmt":"2026-08-31T06:22:39","slug":"voile-dernier-jour-de-courses-a-martigues","status":"publish","type":"post","link":"https:\/\/euapp01.newsmemory.com\/lamarseillaise\/news\/2026\/08\/27\/voile-dernier-jour-de-courses-a-martigues\/","title":{"rendered":"Voile : dernier jour de courses \u00e0 Martigues"},"content":{"rendered":"<div class=\"paragraph\">\n<p>Plus qu\u2019un jour, et les voiles seront repli\u00e9es, les remorques charg\u00e9es et les m\u00e9dailles distribu\u00e9es.<\/p>\n<p>La seconde s\u00e9quence des championnats de France jeunes va conna\u00eetre son verdict. Elle concerne les \u00e9quipages en Open\u00a0skiff, Tyka, F70, Nacra\u00a015 et Feva\u00a0RS qui, depuis lundi, ont pu s\u2019en donner \u00e0 c\u0153ur joie. Dans des conditions de navigation exceptionnelles.<\/p>\n<p>\u00ab\u00a0<i>Les conditions \u00e9taient bien, nous avions une bonne vitesse. Nous \u00e9tions un peu en surr\u00e9gime, mais nous avons r\u00e9ussi \u00e0 ma\u00eetriser le bateau. Je suis un peu d\u00e9\u00e7ue de nos r\u00e9sultats, notamment notre premi\u00e8re course. Nous nous sommes bien reprises dans la deuxi\u00e8me course<\/i><i>\u00a0<\/i>\u00bb confie Lina, engag\u00e9e en Tyka.<\/p>\n<\/p><\/div>\n<div class=\"intext\"> Une Mart\u00e9gale \u00e0 suivre\n              <\/div>\n<div class=\"paragraph\">\n<p>Si la comp\u00e9tition reste ouverte, certains affirment d\u00e9j\u00e0 leur volont\u00e9 d\u2019aller chercher le titre. C\u2019est le cas de C\u00f4me Zunquin. \u00ab\u00a0<i>Globalement \u00e7a a bien fonctionn\u00e9. L\u2019objectif ici c\u2019est de gagner donc je vais essayer de continuer comme \u00e7a<\/i><i>\u00a0<\/i>\u00bb, a confi\u00e9 le Royannais, en tr\u00e8s bonne position dans la course d\u2019Open Skiff.<\/p>\n<p>Une classe dans laquelle une Mart\u00e9gale pourrait tirer son \u00e9pingle du jeu. Ligon Chikli reste dans la course, pour un podium. Elle est \u00e0 la lutte avec Oc\u00e9ane B\u00e8gue et Capucine Bouron, dans un duel opposant Atlantistes \u00e0 M\u00e9diterran\u00e9ennes.<\/p>\n<p>Les participants ont pu go\u00fbter aux d\u00e9lices de la navigation sur l\u2019\u00e9tang de Berre. Lundi, les conditions se sont rapidement intensifi\u00e9es, avec des rafales atteignant jusqu\u2019\u00e0 25-30\u00a0n\u0153uds en fin d\u2019apr\u00e8s-midi\u00a0! Une m\u00e9t\u00e9o difficile, mais les courses \u00e9taient spectaculaires sur le plan d\u2019eau mart\u00e9gal.<\/p>\n<p>\u00ab\u00a0<i>La m\u00e9t\u00e9o est avec nous depuis le d\u00e9but. Nous avons pu proposer plusieurs courses, chaque jour. Et nous nous attendons \u00e0 avoir un vent plus fort jeudi, pour le dernier jour de comp\u00e9tition<\/i><i>\u00a0<\/i>\u00bb annonce Bertille Beurel, responsable de la communication de ces championnats de France.<\/p>\n<\/p><\/div>\n<div class=\"paragraph\">\n<p><i><a rel=\"nofollow noopener noreferrer\" href=\"https:\/\/evenements.ffvoile.fr\/championnats-de-france-jeunes\/actualites\/\" target=\"_blank\">https:\/\/evenements.ffvoile.fr\/ championnats-de-france-jeunes\/ actualites\/<\/a><\/i><\/p>\n<\/p><\/div>\n","protected":false},"excerpt":{"rendered":"Plus qu&rsquo;un jour, et les voiles seront repli&eacute;es, les remorques charg&eacute;es et les m&eacute;dailles distribu&eacute;es.","protected":false},"author":1,"featured_media":40455,"comment_status":"open","ping_status":"open","sticky":false,"template":"","format":"standard","meta":{"footnotes":""},"categories":[3926,3925,7],"tags":[10,1162,63,1198],"news-destination":[3944],"news-source":[475],"is_homepage":[],"ta_other":[],"class_list":["post-40454","post","type-post","status-publish","format-standard","has-post-thumbnail","hentry","category-accueil-merge","category-accueil-third","category-sports","tag-bouches-du-rhone","tag-championnats","tag-martigues","tag-voile","news-destination-homepage","news-source-website"],"_links":{"self":[{"href":"https:\/\/euapp01.newsmemory.com\/lamarseillaise\/news\/wp-json\/wp\/v2\/posts\/40454","targetHints":{"allow":["GET"]}}],"collection":[{"href":"https:\/\/euapp01.newsmemory.com\/lamarseillaise\/news\/wp-json\/wp\/v2\/posts"}],"about":[{"href":"https:\/\/euapp01.newsmemory.com\/lamarseillaise\/news\/wp-json\/wp\/v2\/types\/post"}],"author":[{"embeddable":true,"href":"https:\/\/euapp01.newsmemory.com\/lamarseillaise\/news\/wp-json\/wp\/v2\/users\/1"}],"replies":[{"embeddable":true,"href":"https:\/\/euapp01.newsmemory.com\/lamarseillaise\/news\/wp-json\/wp\/v2\/comments?post=40454"}],"version-history":[{"count":1,"href":"https:\/\/euapp01.newsmemory.com\/lamarseillaise\/news\/wp-json\/wp\/v2\/posts\/40454\/revisions"}],"predecessor-version":[{"id":40456,"href":"https:\/\/euapp01.newsmemory.com\/lamarseillaise\/news\/wp-json\/wp\/v2\/posts\/40454\/revisions\/40456"}],"wp:featuredmedia":[{"embeddable":true,"href":"https:\/\/euapp01.newsmemory.com\/lamarseillaise\/news\/wp-json\/wp\/v2\/media\/40455"}],"wp:attachment":[{"href":"https:\/\/euapp01.newsmemory.com\/lamarseillaise\/news\/wp-json\/wp\/v2\/media?parent=40454"}],"wp:term":[{"taxonomy":"category","embeddable":true,"href":"https:\/\/euapp01.newsmemory.com\/lamarseillaise\/news\/wp-json\/wp\/v2\/categories?post=40454"},{"taxonomy":"post_tag","embeddable":true,"href":"https:\/\/euapp01.newsmemory.com\/lamarseillaise\/news\/wp-json\/wp\/v2\/tags?post=40454"},{"taxonomy":"news-destination","embeddable":true,"href":"https:\/\/euapp01.newsmemory.com\/lamarseillaise\/news\/wp-json\/wp\/v2\/news-destination?post=40454"},{"taxonomy":"news-source","embeddable":true,"href":"https:\/\/euapp01.newsmemory.com\/lamarseillaise\/news\/wp-json\/wp\/v2\/news-source?post=40454"},{"taxonomy":"is_homepage","embeddable":true,"href":"https:\/\/euapp01.newsmemory.com\/lamarseillaise\/news\/wp-json\/wp\/v2\/is_homepage?post=40454"},{"taxonomy":"ta_other","embeddable":true,"href":"https:\/\/euapp01.newsmemory.com\/lamarseillaise\/news\/wp-json\/wp\/v2\/ta_other?post=40454"}],"curies":[{"name":"wp","href":"https:\/\/api.w.org\/{rel}","templated":true}]}}