{"id":40450,"date":"2026-08-27T07:16:00","date_gmt":"2026-08-27T05:16:00","guid":{"rendered":"https:\/\/euapp01.newsmemory.com\/lamarseillaise\/news\/?p=40450"},"modified":"2026-08-31T07:55:47","modified_gmt":"2026-08-31T05:55:47","slug":"lindecence-des-baumettes-en-proces","status":"publish","type":"post","link":"https:\/\/euapp01.newsmemory.com\/lamarseillaise\/news\/2026\/08\/27\/lindecence-des-baumettes-en-proces\/","title":{"rendered":"L\u2019ind\u00e9cence des Baumettes en proc\u00e8s"},"content":{"rendered":"<div class=\"paragraph\">\n<p>Apr\u00e8s la prison de Luynes (<a href=\"https:\/\/www.lamarseillaise.fr\/societe\/la-justice-saisie-pour-des-conditions-de-detention-dignes-EF20615414\">notre \u00e9dition du 26<\/a> ao\u00fbt), le tribunal administratif de Marseille se penche ce vendredi sur les conditions de d\u00e9tention aux Baumettes. Le Syndicat des avocats de France (SAF) et l\u2019Observatoire international des prisons (OIP) ont en effet d\u00e9pos\u00e9 conjointement un r\u00e9f\u00e9r\u00e9 libert\u00e9, pour \u00ab\u00a0<i>faire cesser les atteintes graves et manifestement ill\u00e9gales port\u00e9es aux libert\u00e9s fondamentales des personnes d\u00e9tenue<\/i>s\u00a0\u00bb.<\/p>\n<p>La proc\u00e9dure intervient apr\u00e8s la publication au mois de janvier, d\u2019un rapport du Comit\u00e9 europ\u00e9en pour la pr\u00e9vention de la torture, rattach\u00e9 au conseil de l\u2019Europe, qui va jusqu\u2019\u00e0 parler d\u2019une transformation \u00ab\u00a0<i>en un entrep\u00f4t humain<\/i><i>\u00a0<\/i>\u00bb, mais aussi apr\u00e8s les visites successives de l\u2019ordre des avocats du barreau de Marseille, du contr\u00f4leur g\u00e9n\u00e9ral des lieux de privation de libert\u00e9 et des d\u00e9put\u00e9s LFI S\u00e9bastien Delogu et Ugo Bernalicis, qui dressent des \u00ab\u00a0<i>constats officiels, r\u00e9cents et concordants<\/i><i>\u00a0<\/i>\u00bb, affirme la requ\u00eate, en particulier lors des derni\u00e8res vagues de chaleur. \u00ab\u00a0<i>La suroccupation, le couchage sur un matelas pos\u00e9 au sol, l\u2019exposition durable \u00e0 des temp\u00e9ratures exc\u00e9dant 32\u00b0C, la d\u00e9faillance de l\u2019a\u00e9ration, la prolif\u00e9ration des nuisibles, l\u2019insalubrit\u00e9 des douches et des cours de promenade et l\u2019absence d\u2019intimit\u00e9 sanitaire portent atteinte \u00e0 la dignit\u00e9 et \u00e0 l\u2019interdiction des traitements inhumains ou d\u00e9gradants<\/i><i>\u00a0<\/i>\u00bb, r\u00e9sume le document. Il rappelle aussi les d\u00e9faillances de l\u2019\u00e9tablissement p\u00e9nitentiaire mises en lumi\u00e8re par le meurtre d\u2019un d\u00e9tenu, le 9\u00a0octobre 2024, dans le quartier des arrivants, en soulignant que la surpopulation augmente les actes de violence. Surtout, une partie des visites ont \u00e9t\u00e9 r\u00e9alis\u00e9es apr\u00e8s l\u2019inauguration par Emmanuel Macron en d\u00e9cembre dernier de l\u2019extension des Baumettes\u00a03, qui devait r\u00e9soudre une partie de ces probl\u00e8mes. \u00ab\u00a0<i>On peut construire, agrandir, dans tous les cas reste le probl\u00e8me de l\u2019acc\u00e8s aux soins, des moyens que l\u2019on donne pour permettre \u00e0 chaque d\u00e9tenu d\u2019\u00eatre dans des conditions dignes<\/i><i>\u00a0<\/i>\u00bb, pointe M<sup>e<\/sup>\u00a0Maxime Carrez, qui porte la requ\u00eate. Et de rappeler qu\u2019 \u00ab\u00a0<i>une bonne partie des personnes sont d\u00e9tenues sans avoir \u00e9t\u00e9 jug\u00e9es, pour certaines innocent\u00e9es et lib\u00e9r\u00e9es<\/i><i>\u00a0<\/i>\u00bb.<\/p>\n<\/p><\/div>\n","protected":false},"excerpt":{"rendered":"Apr&egrave;s la prison de Luynes (notre &eacute;dition du 26 ao&ucirc;t), le tribunal administratif de Marseille se penche ce vendredi sur les conditions de d&eacute;tention aux Baumettes. Le Syndicat des avocats de France (SAF) et &#8230;","protected":false},"author":1,"featured_media":40451,"comment_status":"open","ping_status":"open","sticky":false,"template":"","format":"standard","meta":{"footnotes":""},"categories":[3926,3925,20],"tags":[2196,10,2578,5947,200,2189,16,1031,559,790],"news-destination":[3944],"news-source":[475],"is_homepage":[],"ta_other":[],"class_list":["post-40450","post","type-post","status-publish","format-standard","has-post-thumbnail","hentry","category-accueil-merge","category-accueil-third","category-societe","tag-avocat","tag-bouches-du-rhone","tag-detenus","tag-indignite","tag-justice","tag-les-baumettes","tag-marseille","tag-prison","tag-saf","tag-tribunal-administratif","news-destination-homepage","news-source-website"],"_links":{"self":[{"href":"https:\/\/euapp01.newsmemory.com\/lamarseillaise\/news\/wp-json\/wp\/v2\/posts\/40450","targetHints":{"allow":["GET"]}}],"collection":[{"href":"https:\/\/euapp01.newsmemory.com\/lamarseillaise\/news\/wp-json\/wp\/v2\/posts"}],"about":[{"href":"https:\/\/euapp01.newsmemory.com\/lamarseillaise\/news\/wp-json\/wp\/v2\/types\/post"}],"author":[{"embeddable":true,"href":"https:\/\/euapp01.newsmemory.com\/lamarseillaise\/news\/wp-json\/wp\/v2\/users\/1"}],"replies":[{"embeddable":true,"href":"https:\/\/euapp01.newsmemory.com\/lamarseillaise\/news\/wp-json\/wp\/v2\/comments?post=40450"}],"version-history":[{"count":1,"href":"https:\/\/euapp01.newsmemory.com\/lamarseillaise\/news\/wp-json\/wp\/v2\/posts\/40450\/revisions"}],"predecessor-version":[{"id":40452,"href":"https:\/\/euapp01.newsmemory.com\/lamarseillaise\/news\/wp-json\/wp\/v2\/posts\/40450\/revisions\/40452"}],"wp:featuredmedia":[{"embeddable":true,"href":"https:\/\/euapp01.newsmemory.com\/lamarseillaise\/news\/wp-json\/wp\/v2\/media\/40451"}],"wp:attachment":[{"href":"https:\/\/euapp01.newsmemory.com\/lamarseillaise\/news\/wp-json\/wp\/v2\/media?parent=40450"}],"wp:term":[{"taxonomy":"category","embeddable":true,"href":"https:\/\/euapp01.newsmemory.com\/lamarseillaise\/news\/wp-json\/wp\/v2\/categories?post=40450"},{"taxonomy":"post_tag","embeddable":true,"href":"https:\/\/euapp01.newsmemory.com\/lamarseillaise\/news\/wp-json\/wp\/v2\/tags?post=40450"},{"taxonomy":"news-destination","embeddable":true,"href":"https:\/\/euapp01.newsmemory.com\/lamarseillaise\/news\/wp-json\/wp\/v2\/news-destination?post=40450"},{"taxonomy":"news-source","embeddable":true,"href":"https:\/\/euapp01.newsmemory.com\/lamarseillaise\/news\/wp-json\/wp\/v2\/news-source?post=40450"},{"taxonomy":"is_homepage","embeddable":true,"href":"https:\/\/euapp01.newsmemory.com\/lamarseillaise\/news\/wp-json\/wp\/v2\/is_homepage?post=40450"},{"taxonomy":"ta_other","embeddable":true,"href":"https:\/\/euapp01.newsmemory.com\/lamarseillaise\/news\/wp-json\/wp\/v2\/ta_other?post=40450"}],"curies":[{"name":"wp","href":"https:\/\/api.w.org\/{rel}","templated":true}]}}