{"id":40447,"date":"2026-08-27T07:32:00","date_gmt":"2026-08-27T05:32:00","guid":{"rendered":"https:\/\/euapp01.newsmemory.com\/lamarseillaise\/news\/?p=40447"},"modified":"2026-08-31T08:22:39","modified_gmt":"2026-08-31T06:22:39","slug":"accuse-doutrage-delogu-porte-plainte-pour-violences","status":"publish","type":"post","link":"https:\/\/euapp01.newsmemory.com\/lamarseillaise\/news\/2026\/08\/27\/accuse-doutrage-delogu-porte-plainte-pour-violences\/","title":{"rendered":"Accus\u00e9 d\u2019outrage, Delogu porte plainte pour violences"},"content":{"rendered":"<div class=\"paragraph\">\n<p>Le d\u00e9put\u00e9 LFI de Marseille S\u00e9bastien Delogu est convoqu\u00e9 ce jeudi matin en audition libre, apr\u00e8s l\u2019ouverture d\u2019une enqu\u00eate en flagrance par le parquet de Marseille. Celle-ci fait suite \u00e0 un d\u00e9p\u00f4t de plainte de trois policiers pour outrage, apr\u00e8s une intervention lundi apr\u00e8s-midi dans l\u2019immeuble du 2<sup>e<\/sup>\u00a0arrondissement o\u00f9 r\u00e9side le parlementaire. Alors que les agents en civil du service interd\u00e9partemental de s\u00e9curisation des transports en commun intervenaient pour le vol d\u2019une montre de luxe, ils affirment que le d\u00e9put\u00e9 les a emp\u00each\u00e9s d\u2019entrer dans l\u2019immeuble et leur aurait lanc\u00e9, selon les informations de <i>La<\/i><i>\u00a0<\/i><i>Provence<\/i>, que \u00ab\u00a0<i>La R\u00e9publique c\u2019est moi, trous du cul<\/i><i>\u00a0<\/i>\u00bb. Des propos contest\u00e9s par l\u2019avocat de S\u00e9bastien Delogu, qui indique que le ton a mont\u00e9 lorsque le d\u00e9put\u00e9 a demand\u00e9 \u00e0 un agent de s\u2019identifier alors qu\u2019il s\u2019introduisait dans l\u2019immeuble en bloquant la porte. Dans un courrier \u00e0 la pr\u00e9f\u00e8te de police d\u00e9l\u00e9gu\u00e9e, il affirme que le policier l\u2019a insult\u00e9 en disant qu\u2019il \u00e9tait \u00ab\u00a0<i>une merde<\/i><i>\u00a0<\/i>\u00bb et qu\u2019il \u00ab\u00a0<i>puai[t] de la gueule<\/i><i>\u00a0<\/i>\u00bb, avant de le pousser avec le poing referm\u00e9 sur la poitrine. Il annonce d\u00e9poser plainte aupr\u00e8s du procureur de Marseille pour \u00ab\u00a0violences volontaires et faits commis par des personnes se pr\u00e9sentant comme fonctionnaires de police\u00a0\u00bb. Il a \u00e9galement demand\u00e9 la conservation des bandes de vid\u00e9osurveillance de l\u2019immeuble, diffus\u00e9es dans la presse et les r\u00e9seaux sociaux, pour appuyer ses dires.<\/p>\n<p>Le ministre de l\u2019Int\u00e9rieur Laurent Nu\u00f1ez a annonc\u00e9 en d\u00e9but d\u2019apr\u00e8s-midi ce mercredi qu\u2019il \u00ab\u00a0<i>apporte \u00e9videmment [son] soutien aux forces de l\u2019ordre qui doivent pouvoir exercer leur fonction partout et en toutes circonstances, et \u00e0 tout le moins y \u00eatre aid\u00e9es par un \u00e9lu de la R\u00e9publique<\/i><i>\u00a0<\/i>\u00bb, rappelant qu\u2019une enqu\u00eate est ouverte. Le d\u00e9put\u00e9 de son c\u00f4t\u00e9 d\u00e9nonce \u00eatre \u00ab\u00a0<i>harcel\u00e9 par les chiens de garde de Vincent Bollor\u00e9<\/i><i>\u00a0<\/i>\u00bb face \u00e0 la pr\u00e9sence de journalistes devant son domicile.<\/p>\n<\/p><\/div>\n","protected":false},"excerpt":{"rendered":"Le d&eacute;put&eacute; LFI de Marseille S&eacute;bastien Delogu est convoqu&eacute; ce jeudi matin en audition libre, apr&egrave;s l&rsquo;ouverture d&rsquo;une enqu&ecirc;te en flagrance par le parquet de Marseille. Celle-ci fait suite &agrave; un &#8230;","protected":false},"author":1,"featured_media":40448,"comment_status":"open","ping_status":"open","sticky":false,"template":"","format":"standard","meta":{"footnotes":""},"categories":[3926,3925,330],"tags":[10,453,200,3848,541,16,2361,763,1699,2033,272],"news-destination":[3944],"news-source":[475],"is_homepage":[],"ta_other":[],"class_list":["post-40447","post","type-post","status-publish","format-standard","has-post-thumbnail","hentry","category-accueil-merge","category-accueil-third","category-politique","tag-bouches-du-rhone","tag-deputes","tag-justice","tag-laurent-nunez","tag-lfi","tag-marseille","tag-plainte","tag-police","tag-policiers","tag-sebastien-delogu","tag-violences","news-destination-homepage","news-source-website"],"_links":{"self":[{"href":"https:\/\/euapp01.newsmemory.com\/lamarseillaise\/news\/wp-json\/wp\/v2\/posts\/40447","targetHints":{"allow":["GET"]}}],"collection":[{"href":"https:\/\/euapp01.newsmemory.com\/lamarseillaise\/news\/wp-json\/wp\/v2\/posts"}],"about":[{"href":"https:\/\/euapp01.newsmemory.com\/lamarseillaise\/news\/wp-json\/wp\/v2\/types\/post"}],"author":[{"embeddable":true,"href":"https:\/\/euapp01.newsmemory.com\/lamarseillaise\/news\/wp-json\/wp\/v2\/users\/1"}],"replies":[{"embeddable":true,"href":"https:\/\/euapp01.newsmemory.com\/lamarseillaise\/news\/wp-json\/wp\/v2\/comments?post=40447"}],"version-history":[{"count":1,"href":"https:\/\/euapp01.newsmemory.com\/lamarseillaise\/news\/wp-json\/wp\/v2\/posts\/40447\/revisions"}],"predecessor-version":[{"id":40449,"href":"https:\/\/euapp01.newsmemory.com\/lamarseillaise\/news\/wp-json\/wp\/v2\/posts\/40447\/revisions\/40449"}],"wp:featuredmedia":[{"embeddable":true,"href":"https:\/\/euapp01.newsmemory.com\/lamarseillaise\/news\/wp-json\/wp\/v2\/media\/40448"}],"wp:attachment":[{"href":"https:\/\/euapp01.newsmemory.com\/lamarseillaise\/news\/wp-json\/wp\/v2\/media?parent=40447"}],"wp:term":[{"taxonomy":"category","embeddable":true,"href":"https:\/\/euapp01.newsmemory.com\/lamarseillaise\/news\/wp-json\/wp\/v2\/categories?post=40447"},{"taxonomy":"post_tag","embeddable":true,"href":"https:\/\/euapp01.newsmemory.com\/lamarseillaise\/news\/wp-json\/wp\/v2\/tags?post=40447"},{"taxonomy":"news-destination","embeddable":true,"href":"https:\/\/euapp01.newsmemory.com\/lamarseillaise\/news\/wp-json\/wp\/v2\/news-destination?post=40447"},{"taxonomy":"news-source","embeddable":true,"href":"https:\/\/euapp01.newsmemory.com\/lamarseillaise\/news\/wp-json\/wp\/v2\/news-source?post=40447"},{"taxonomy":"is_homepage","embeddable":true,"href":"https:\/\/euapp01.newsmemory.com\/lamarseillaise\/news\/wp-json\/wp\/v2\/is_homepage?post=40447"},{"taxonomy":"ta_other","embeddable":true,"href":"https:\/\/euapp01.newsmemory.com\/lamarseillaise\/news\/wp-json\/wp\/v2\/ta_other?post=40447"}],"curies":[{"name":"wp","href":"https:\/\/api.w.org\/{rel}","templated":true}]}}